{"id":21304,"date":"2018-10-25T16:07:05","date_gmt":"2018-10-25T13:07:05","guid":{"rendered":"http:\/\/arantv.az\/?p=21304"},"modified":"2018-10-25T16:07:05","modified_gmt":"2018-10-25T13:07:05","slug":"slovakiya-bas-nazirinin-muavini-dayaniqli-inkisafa-dair-baki-forumu-ortaq-m%c9%99qs%c9%99dl%c9%99r%c9%99-nail-olmaq-ucun-cox-goz%c9%99l-z%c9%99min-yaradir","status":"publish","type":"post","link":"https:\/\/arantv.az\/?p=21304","title":{"rendered":"Slovakiya Ba\u015f nazirinin m\u00fcavini: &#8220;Dayan\u0131ql\u0131 \u0130nki\u015fafa dair Bak\u0131 Forumu ortaq m\u0259qs\u0259dl\u0259r\u0259 nail olmaq \u00fc\u00e7\u00fcn \u00e7ox g\u00f6z\u0259l z\u0259min yarad\u0131r&#8221;"},"content":{"rendered":"<p><strong>&#8220;Dayan\u0131ql\u0131 \u0130nki\u015fafa dair Bak\u0131 Forumu ortaq m\u0259qs\u0259dl\u0259r\u0259 nail olmaq \u00fc\u00e7\u00fcn \u00e7ox g\u00f6z\u0259l bir z\u0259min yarad\u0131r&#8221;.<\/strong><\/p>\n<p><strong>ARANTV.AZ<\/strong> trend-\u0259 istinad\u0259n x\u0259b\u0259r verir ki, bunu Slovakiya Ba\u015f nazirinin investisiya v\u0259 informasiyala\u015fd\u0131rma m\u0259s\u0259l\u0259l\u0259ri \u00fczr\u0259 m\u00fcavini Ri\u00e7ard Ra\u015fi forumda \u00e7\u0131x\u0131\u015f\u0131 zaman deyib.<\/p>\n<p>O qeyd edib ki, Dayan\u0131ql\u0131 \u0130nki\u015faf M\u0259qs\u0259dl\u0259rini (D\u0130M) t\u0259r\u0259fda\u015fl\u0131q vasit\u0259sil\u0259 h\u0259yata ke\u00e7irm\u0259k m\u00fcmk\u00fcnd\u00fcr: &#8220;Dayan\u0131ql\u0131 \u0130nki\u015faf M\u0259qs\u0259dl\u0259ri ilk n\u00f6vb\u0259d\u0259 d\u00f6vl\u0259t siyas\u0259tinin \u00f6z\u00fcnd\u0259 olmal\u0131d\u0131r&#8221;.<\/p>\n<p>R.Ra\u015fi bildirib ki, 2030-cu il Dayan\u0131ql\u0131 \u0130nki\u015faf M\u0259qs\u0259dl\u0259rin\u0259 nail olunmas\u0131 \u00fczr\u0259 f\u0259aliyy\u0259t\u0259 b\u00fct\u00fcn t\u0259r\u0259fl\u0259r c\u0259lb olunmal\u0131d\u0131r: &#8220;Biz qeyri-h\u00f6kum\u0259t t\u0259\u015fkilatlar\u0131n\u0131n n\u00fcmay\u0259nd\u0259l\u0259ri, elm adamlar\u0131, \u00f6z\u0259l sektoru c\u0259lb etm\u0259kl\u0259 \u00f6lk\u0259mizin bu istiqam\u0259td\u0259 proritetini m\u00fc\u0259yy\u0259n etmi\u015fik. Dayan\u0131ql\u0131 \u0130nki\u015faf M\u0259qs\u0259dl\u0259rinin h\u0259yata ke\u00e7irilm\u0259si strategiyas\u0131 he\u00e7 kimi k\u0259narda qoymamaqla haz\u0131rlanmal\u0131d\u0131r. Biz D\u0130M-in h\u0259yata ke\u00e7irilm\u0259si \u00fc\u00e7\u00fcn regional, milli v\u0259 qlobal s\u0259viyy\u0259d\u0259 \u0259m\u0259kda\u015fl\u0131q etm\u0259liyik&#8221;.<\/p>\n","protected":false},"excerpt":{"rendered":"<p>&#8220;Dayan\u0131ql\u0131 \u0130nki\u015fafa dair Bak\u0131 Forumu ortaq m\u0259qs\u0259dl\u0259r\u0259 nail olmaq \u00fc\u00e7\u00fcn \u00e7ox g\u00f6z\u0259l bir z\u0259min yarad\u0131r&#8221;. ARANTV.AZ trend-\u0259 istinad\u0259n x\u0259b\u0259r verir ki, bunu Slovakiya Ba\u015f nazirinin investisiya v\u0259 informasiyala\u015fd\u0131rma m\u0259s\u0259l\u0259l\u0259ri \u00fczr\u0259 m\u00fcavini Ri\u00e7ard Ra\u015fi forumda \u00e7\u0131x\u0131\u015f\u0131 zaman deyib. O qeyd edib ki, Dayan\u0131ql\u0131 \u0130nki\u015faf M\u0259qs\u0259dl\u0259rini (D\u0130M) t\u0259r\u0259fda\u015fl\u0131q vasit\u0259sil\u0259 h\u0259yata ke\u00e7irm\u0259k m\u00fcmk\u00fcnd\u00fcr: &#8220;Dayan\u0131ql\u0131 \u0130nki\u015faf M\u0259qs\u0259dl\u0259ri ilk n\u00f6vb\u0259d\u0259 d\u00f6vl\u0259t siyas\u0259tinin \u00f6z\u00fcnd\u0259 olmal\u0131d\u0131r&#8221;. R.Ra\u015fi bildirib ki, 2030-cu il Dayan\u0131ql\u0131 \u0130nki\u015faf M\u0259qs\u0259dl\u0259rin\u0259 nail olunmas\u0131 \u00fczr\u0259 f\u0259aliyy\u0259t\u0259 b\u00fct\u00fcn t\u0259r\u0259fl\u0259r c\u0259lb olunmal\u0131d\u0131r: &#8220;Biz qeyri-h\u00f6kum\u0259t t\u0259\u015fkilatlar\u0131n\u0131n n\u00fcmay\u0259nd\u0259l\u0259ri, elm adamlar\u0131, \u00f6z\u0259l sektoru c\u0259lb etm\u0259kl\u0259 \u00f6lk\u0259mizin bu istiqam\u0259td\u0259 proritetini m\u00fc\u0259yy\u0259n&hellip;<\/p>\n","protected":false},"author":2,"featured_media":21305,"comment_status":"closed","ping_status":"closed","sticky":false,"template":"","format":"standard","meta":{"om_disable_all_campaigns":false,"_monsterinsights_skip_tracking":false,"_monsterinsights_sitenote_active":false,"_monsterinsights_sitenote_note":"","_monsterinsights_sitenote_category":0},"categories":[4],"tags":[],"aioseo_notices":[],"gutentor_comment":0,"rttpg_featured_image_url":{"full":["https:\/\/arantv.az\/wp-content\/uploads\/2018\/10\/697788.jpg",800,600,false],"landscape":["https:\/\/arantv.az\/wp-content\/uploads\/2018\/10\/697788.jpg",800,600,false],"portraits":["https:\/\/arantv.az\/wp-content\/uploads\/2018\/10\/697788.jpg",800,600,false],"thumbnail":["https:\/\/arantv.az\/wp-content\/uploads\/2018\/10\/697788-150x150.jpg",150,150,true],"medium":["https:\/\/arantv.az\/wp-content\/uploads\/2018\/10\/697788-300x225.jpg",300,225,true],"large":["https:\/\/arantv.az\/wp-content\/uploads\/2018\/10\/697788.jpg",640,480,false],"1536x1536":["https:\/\/arantv.az\/wp-content\/uploads\/2018\/10\/697788.jpg",800,600,false],"2048x2048":["https:\/\/arantv.az\/wp-content\/uploads\/2018\/10\/697788.jpg",800,600,false],"post-thumbnail":["https:\/\/arantv.az\/wp-content\/uploads\/2018\/10\/697788-240x172.jpg",240,172,true],"advps-thumb-one":["https:\/\/arantv.az\/wp-content\/uploads\/2018\/10\/697788.jpg",800,600,false]},"rttpg_author":{"display_name":"V\u00fcsal Rafiqo\u011flu","author_link":"https:\/\/arantv.az\/?author=2"},"rttpg_comment":0,"rttpg_category":"<a href=\"https:\/\/arantv.az\/?cat=4\" rel=\"category\">Siyas\u0259t<\/a>","rttpg_excerpt":"&#8220;Dayan\u0131ql\u0131 \u0130nki\u015fafa dair Bak\u0131 Forumu ortaq m\u0259qs\u0259dl\u0259r\u0259 nail olmaq \u00fc\u00e7\u00fcn \u00e7ox g\u00f6z\u0259l bir z\u0259min yarad\u0131r&#8221;. ARANTV.AZ trend-\u0259 istinad\u0259n x\u0259b\u0259r verir ki, bunu Slovakiya Ba\u015f nazirinin investisiya v\u0259 informasiyala\u015fd\u0131rma m\u0259s\u0259l\u0259l\u0259ri \u00fczr\u0259 m\u00fcavini Ri\u00e7ard Ra\u015fi forumda \u00e7\u0131x\u0131\u015f\u0131 zaman deyib. O qeyd edib ki, Dayan\u0131ql\u0131 \u0130nki\u015faf M\u0259qs\u0259dl\u0259rini (D\u0130M) t\u0259r\u0259fda\u015fl\u0131q vasit\u0259sil\u0259 h\u0259yata ke\u00e7irm\u0259k m\u00fcmk\u00fcnd\u00fcr: &#8220;Dayan\u0131ql\u0131 \u0130nki\u015faf M\u0259qs\u0259dl\u0259ri ilk n\u00f6vb\u0259d\u0259&hellip;","_links":{"self":[{"href":"https:\/\/arantv.az\/index.php?rest_route=\/wp\/v2\/posts\/21304"}],"collection":[{"href":"https:\/\/arantv.az\/index.php?rest_route=\/wp\/v2\/posts"}],"about":[{"href":"https:\/\/arantv.az\/index.php?rest_route=\/wp\/v2\/types\/post"}],"author":[{"embeddable":true,"href":"https:\/\/arantv.az\/index.php?rest_route=\/wp\/v2\/users\/2"}],"replies":[{"embeddable":true,"href":"https:\/\/arantv.az\/index.php?rest_route=%2Fwp%2Fv2%2Fcomments&post=21304"}],"version-history":[{"count":0,"href":"https:\/\/arantv.az\/index.php?rest_route=\/wp\/v2\/posts\/21304\/revisions"}],"wp:featuredmedia":[{"embeddable":true,"href":"https:\/\/arantv.az\/index.php?rest_route=\/wp\/v2\/media\/21305"}],"wp:attachment":[{"href":"https:\/\/arantv.az\/index.php?rest_route=%2Fwp%2Fv2%2Fmedia&parent=21304"}],"wp:term":[{"taxonomy":"category","embeddable":true,"href":"https:\/\/arantv.az\/index.php?rest_route=%2Fwp%2Fv2%2Fcategories&post=21304"},{"taxonomy":"post_tag","embeddable":true,"href":"https:\/\/arantv.az\/index.php?rest_route=%2Fwp%2Fv2%2Ftags&post=21304"}],"curies":[{"name":"wp","href":"https:\/\/api.w.org\/{rel}","templated":true}]}}