{"id":21307,"date":"2018-10-25T16:08:11","date_gmt":"2018-10-25T13:08:11","guid":{"rendered":"http:\/\/arantv.az\/?p=21307"},"modified":"2018-10-25T16:08:11","modified_gmt":"2018-10-25T13:08:11","slug":"bmt-r%c9%99smisi-az%c9%99rbaycana-t%c9%99s%c9%99kkur-edirik-ki","status":"publish","type":"post","link":"https:\/\/arantv.az\/?p=21307","title":{"rendered":"BMT r\u0259smisi: &#8220;Az\u0259rbaycana t\u0259\u015f\u0259kk\u00fcr edirik ki&#8230;&#8221;"},"content":{"rendered":"<p><strong>&#8220;BMT-nin 2030 Dayan\u0131ql\u0131 \u0130nki\u015faf M\u0259qs\u0259dl\u0259rin\u0259 nail olmaq \u00fc\u00e7\u00fcn biz yoxsullu\u011fun aradan qald\u0131r\u0131lmas\u0131 kimi bir s\u0131ra \u00f6hd\u0259likl\u0259r \u00fcz\u0259rimiz\u0259 g\u00f6t\u00fcrm\u00fc\u015f\u00fck&#8221;.<\/strong><\/p>\n<p><strong>ARANTV.AZ<\/strong> trend-\u0259 istinad\u0259n x\u0259b\u0259r verir ki, bunu Birl\u0259\u015fmi\u015f Mill\u0259tl\u0259r T\u0259\u015fkilat\u0131n\u0131n \u0130qtisadi v\u0259 Sosial \u015euras\u0131n\u0131n Prezidenti (ECOSOC) \u0130nga Rhonda Kinq Dayan\u0131ql\u0131 \u0130nki\u015fafa dair Bak\u0131 Beyn\u0259lxalq Humanitar Forumunda deyib.<\/p>\n<p>O qeyd edib ki, son m\u0259qs\u0259d\u0259 \u00e7atmaq \u00fc\u00e7\u00fcn indiy\u0259 q\u0259d\u0259r \u0259ld\u0259 edil\u0259n nailiyy\u0259tl\u0259r kifay\u0259t deyil. O bildirib ki, dayan\u0131ql\u0131 inki\u015faf m\u0259qs\u0259dl\u0259rin\u0259 nail olmaq \u00fc\u00e7\u00fcn \u00f6lk\u0259l\u0259r aras\u0131nda \u0259m\u0259kda\u015fl\u0131q edilm\u0259lidir, \u00e7oxt\u0259r\u0259fli \u0259m\u0259kda\u015fl\u0131q s\u0259m\u0259r\u0259li \u015f\u0259kild\u0259 h\u0259yata ke\u00e7irilm\u0259lidir. Onun s\u00f6zl\u0259rin\u0259 g\u00f6r\u0259, d\u00f6vl\u0259tl\u0259 b\u0259rab\u0259r qeyri-d\u00f6vl\u0259t t\u0259r\u0259fl\u0259ri d\u0259 bu proses\u0259 qo\u015fulmal\u0131d\u0131r. \u00d6lk\u0259l\u0259r t\u0259r\u0259find\u0259n k\u00f6n\u00fcll\u00fc icmalar\u0131n yarad\u0131lmas\u0131 m\u0259s\u0259l\u0259sin\u0259 toxunan \u0130.Kinq bu istiqam\u0259td\u0259 f\u0259aliyy\u0259tin\u0259 g\u00f6r\u0259 Az\u0259rbaycana t\u0259\u015f\u0259kk\u00fcr edib:<\/p>\n<p>&#8220;Az\u0259rbaycana t\u0259\u015f\u0259kk\u00fcr edirik ki, 2017-ci ild\u0259 art\u0131q bel\u0259 bir k\u00f6n\u00fcll\u00fc icma t\u0259qdim etmi\u015fdi v\u0259 2019-cu ild\u0259 daha bir bel\u0259 icma t\u0259qdim ed\u0259c\u0259k&#8221;.<\/p>\n<p>O qeyd edib ki, D\u0130M-l\u0259rin h\u0259yata ke\u00e7irilm\u0259si \u00fc\u00e7\u00fcn qlobal \u0259m\u0259kda\u015fl\u0131\u011fa ehtiyac var. \u0130.Kinq bildirib ki, Bak\u0131da ke\u00e7iril\u0259n bu forum D\u0130M-l\u0259rin h\u0259yata ke\u00e7irilm\u0259si \u00fc\u00e7\u00fcn regional \u0259m\u0259kda\u015fl\u0131\u011f\u0131n g\u00fccl\u0259ndirilm\u0259si bax\u0131m\u0131ndan u\u011furlu platformad\u0131r. O qeyd edib ki, D\u0130M-l\u0259rin h\u0259yata ke\u00e7irilm\u0259sind\u0259 he\u00e7 kim k\u0259narda qalmamal\u0131d\u0131r: &#8220;\u0130st\u0259diyimiz d\u00fcnyan\u0131 yaratmaq \u00fc\u00e7\u00fcn biz g\u00fccl\u00fc olmal\u0131y\u0131q v\u0259 birg\u0259 f\u0259aliyy\u0259t g\u00f6st\u0259rm\u0259liyik.<\/p>\n","protected":false},"excerpt":{"rendered":"<p>&#8220;BMT-nin 2030 Dayan\u0131ql\u0131 \u0130nki\u015faf M\u0259qs\u0259dl\u0259rin\u0259 nail olmaq \u00fc\u00e7\u00fcn biz yoxsullu\u011fun aradan qald\u0131r\u0131lmas\u0131 kimi bir s\u0131ra \u00f6hd\u0259likl\u0259r \u00fcz\u0259rimiz\u0259 g\u00f6t\u00fcrm\u00fc\u015f\u00fck&#8221;. ARANTV.AZ trend-\u0259 istinad\u0259n x\u0259b\u0259r verir ki, bunu Birl\u0259\u015fmi\u015f Mill\u0259tl\u0259r T\u0259\u015fkilat\u0131n\u0131n \u0130qtisadi v\u0259 Sosial \u015euras\u0131n\u0131n Prezidenti (ECOSOC) \u0130nga Rhonda Kinq Dayan\u0131ql\u0131 \u0130nki\u015fafa dair Bak\u0131 Beyn\u0259lxalq Humanitar Forumunda deyib. O qeyd edib ki, son m\u0259qs\u0259d\u0259 \u00e7atmaq \u00fc\u00e7\u00fcn indiy\u0259 q\u0259d\u0259r \u0259ld\u0259 edil\u0259n nailiyy\u0259tl\u0259r kifay\u0259t deyil. O bildirib ki, dayan\u0131ql\u0131 inki\u015faf m\u0259qs\u0259dl\u0259rin\u0259 nail olmaq \u00fc\u00e7\u00fcn \u00f6lk\u0259l\u0259r aras\u0131nda \u0259m\u0259kda\u015fl\u0131q edilm\u0259lidir, \u00e7oxt\u0259r\u0259fli \u0259m\u0259kda\u015fl\u0131q s\u0259m\u0259r\u0259li \u015f\u0259kild\u0259 h\u0259yata ke\u00e7irilm\u0259lidir. Onun s\u00f6zl\u0259rin\u0259 g\u00f6r\u0259, d\u00f6vl\u0259tl\u0259 b\u0259rab\u0259r qeyri-d\u00f6vl\u0259t t\u0259r\u0259fl\u0259ri d\u0259 bu proses\u0259 qo\u015fulmal\u0131d\u0131r.&hellip;<\/p>\n","protected":false},"author":2,"featured_media":21308,"comment_status":"closed","ping_status":"closed","sticky":false,"template":"","format":"standard","meta":{"om_disable_all_campaigns":false,"_monsterinsights_skip_tracking":false,"_monsterinsights_sitenote_active":false,"_monsterinsights_sitenote_note":"","_monsterinsights_sitenote_category":0},"categories":[4],"tags":[],"aioseo_notices":[],"gutentor_comment":0,"rttpg_featured_image_url":{"full":["https:\/\/arantv.az\/wp-content\/uploads\/2018\/10\/697787.jpg",800,600,false],"landscape":["https:\/\/arantv.az\/wp-content\/uploads\/2018\/10\/697787.jpg",800,600,false],"portraits":["https:\/\/arantv.az\/wp-content\/uploads\/2018\/10\/697787.jpg",800,600,false],"thumbnail":["https:\/\/arantv.az\/wp-content\/uploads\/2018\/10\/697787-150x150.jpg",150,150,true],"medium":["https:\/\/arantv.az\/wp-content\/uploads\/2018\/10\/697787-300x225.jpg",300,225,true],"large":["https:\/\/arantv.az\/wp-content\/uploads\/2018\/10\/697787.jpg",640,480,false],"1536x1536":["https:\/\/arantv.az\/wp-content\/uploads\/2018\/10\/697787.jpg",800,600,false],"2048x2048":["https:\/\/arantv.az\/wp-content\/uploads\/2018\/10\/697787.jpg",800,600,false],"post-thumbnail":["https:\/\/arantv.az\/wp-content\/uploads\/2018\/10\/697787-240x172.jpg",240,172,true],"advps-thumb-one":["https:\/\/arantv.az\/wp-content\/uploads\/2018\/10\/697787.jpg",800,600,false]},"rttpg_author":{"display_name":"V\u00fcsal Rafiqo\u011flu","author_link":"https:\/\/arantv.az\/?author=2"},"rttpg_comment":0,"rttpg_category":"<a href=\"https:\/\/arantv.az\/?cat=4\" rel=\"category\">Siyas\u0259t<\/a>","rttpg_excerpt":"&#8220;BMT-nin 2030 Dayan\u0131ql\u0131 \u0130nki\u015faf M\u0259qs\u0259dl\u0259rin\u0259 nail olmaq \u00fc\u00e7\u00fcn biz yoxsullu\u011fun aradan qald\u0131r\u0131lmas\u0131 kimi bir s\u0131ra \u00f6hd\u0259likl\u0259r \u00fcz\u0259rimiz\u0259 g\u00f6t\u00fcrm\u00fc\u015f\u00fck&#8221;. ARANTV.AZ trend-\u0259 istinad\u0259n x\u0259b\u0259r verir ki, bunu Birl\u0259\u015fmi\u015f Mill\u0259tl\u0259r T\u0259\u015fkilat\u0131n\u0131n \u0130qtisadi v\u0259 Sosial \u015euras\u0131n\u0131n Prezidenti (ECOSOC) \u0130nga Rhonda Kinq Dayan\u0131ql\u0131 \u0130nki\u015fafa dair Bak\u0131 Beyn\u0259lxalq Humanitar Forumunda deyib. O qeyd edib ki, son m\u0259qs\u0259d\u0259 \u00e7atmaq \u00fc\u00e7\u00fcn indiy\u0259 q\u0259d\u0259r&hellip;","_links":{"self":[{"href":"https:\/\/arantv.az\/index.php?rest_route=\/wp\/v2\/posts\/21307"}],"collection":[{"href":"https:\/\/arantv.az\/index.php?rest_route=\/wp\/v2\/posts"}],"about":[{"href":"https:\/\/arantv.az\/index.php?rest_route=\/wp\/v2\/types\/post"}],"author":[{"embeddable":true,"href":"https:\/\/arantv.az\/index.php?rest_route=\/wp\/v2\/users\/2"}],"replies":[{"embeddable":true,"href":"https:\/\/arantv.az\/index.php?rest_route=%2Fwp%2Fv2%2Fcomments&post=21307"}],"version-history":[{"count":0,"href":"https:\/\/arantv.az\/index.php?rest_route=\/wp\/v2\/posts\/21307\/revisions"}],"wp:featuredmedia":[{"embeddable":true,"href":"https:\/\/arantv.az\/index.php?rest_route=\/wp\/v2\/media\/21308"}],"wp:attachment":[{"href":"https:\/\/arantv.az\/index.php?rest_route=%2Fwp%2Fv2%2Fmedia&parent=21307"}],"wp:term":[{"taxonomy":"category","embeddable":true,"href":"https:\/\/arantv.az\/index.php?rest_route=%2Fwp%2Fv2%2Fcategories&post=21307"},{"taxonomy":"post_tag","embeddable":true,"href":"https:\/\/arantv.az\/index.php?rest_route=%2Fwp%2Fv2%2Ftags&post=21307"}],"curies":[{"name":"wp","href":"https:\/\/api.w.org\/{rel}","templated":true}]}}