{"id":21316,"date":"2018-10-25T16:21:25","date_gmt":"2018-10-25T13:21:25","guid":{"rendered":"http:\/\/arantv.az\/?p=21316"},"modified":"2018-10-25T16:21:25","modified_gmt":"2018-10-25T13:21:25","slug":"h%c9%99r-gun-asan-xidm%c9%99t-m%c9%99rk%c9%99zl%c9%99rin%c9%99-3-min-%c9%99riz%c9%99-q%c9%99bul-edirik-aparat-r%c9%99hb%c9%99ri","status":"publish","type":"post","link":"https:\/\/arantv.az\/?p=21316","title":{"rendered":"H\u0259r g\u00fcn ASAN Xidm\u0259t m\u0259rk\u0259zl\u0259rin\u0259 3 min \u0259riz\u0259 q\u0259bul edirik &#8211; Aparat r\u0259hb\u0259ri"},"content":{"rendered":"<p><strong>\u201cBu g\u00fcn d\u00f6vl\u0259t yarad\u0131c\u0131 iqtisadiyyata t\u0259kan verm\u0259lidirl\u0259r. Bu yaln\u0131z bir nazirlik v\u0259 d\u00f6vl\u0259t qurumunun i\u015fi deyil. ASAN xidm\u0259t bu s\u0259pkid\u0259 i\u015fl\u0259ri y\u00fcks\u0259k s\u0259viyy\u0259d\u0259 h\u0259yata ke\u00e7irir.\u201d<\/strong><\/p>\n<p><b>ARANTV.AZ\u00a0<\/b>x\u0259b\u0259r verir ki, bunu Az\u0259rbaycan Respublikas\u0131n\u0131n Prezidenti yan\u0131nda D\u00f6vl\u0259t Qullu\u011fu v\u0259 Sosial \u0130nnovasiyalar \u00fczr\u0259 D\u00f6vl\u0259t Agentliyinin aparat r\u0259hb\u0259ri Azad C\u0259f\u0259rli VI Bak\u0131 Beyn\u0259lxalq Humanitar Forumu \u00e7\u0259r\u00e7iv\u0259sind\u0259 &#8220;\u0130nnovasiyalar yarad\u0131c\u0131 inki\u015faf\u0131n \u0259sas m\u0259nb\u0259yi kimi&#8221; adl\u0131 paneld\u0259 \u00e7\u0131x\u0131\u015f\u0131 zaman\u0131 deyib.<\/p>\n<p>A.C\u0259f\u0259rli bildirib ki, \u015f\u0259ffafl\u0131q ASAN Xidm\u0259tin \u0259sas m\u0259qs\u0259didir. Bu da insanlar\u0131n m\u0259mnunlu\u011funa s\u0259b\u0259b olan faktordur: \u201cSon 5 il \u0259rzind\u0259 ASAN Xidm\u0259t m\u0259rk\u0259zl\u0259rin\u0259 25 milyon \u0259riz\u0259 q\u0259bul edilib. H\u0259r g\u00fcn ASAN Xidm\u0259t m\u0259rk\u0259zl\u0259rin\u0259 t\u0259xmin\u0259n 3 min \u0259riz\u0259 q\u0259bul edirik, xidm\u0259tl\u0259rimizd\u0259n m\u0259mmnunluq 95 faiz\u0259 b\u0259rab\u0259rdir. Bir s\u0131ra \u00f6lk\u0259l\u0259r bu xidm\u0259tin \u00f6lk\u0259l\u0259rind\u0259 t\u0259tbiqind\u0259 maraql\u0131 olduqlar\u0131n\u0131 deyirl\u0259r. ASAN xidm\u0259tin korrupsiyan\u0131n qar\u015f\u0131s\u0131n\u0131n al\u0131nmas\u0131, xidm\u0259tl\u0259rin elektronla\u015fmas\u0131 kimi \u00fcst\u00fcn imkanlar\u0131 var. Bizim m\u0259qs\u0259dimiz inki\u015faf xidm\u0259tl\u0259ri il\u0259 \u00fcst-\u00fcst\u0259 d\u00fc\u015f\u00fcr. 167 h\u0259d\u0259fin 2030-cu il\u0259 q\u0259d\u0259r \u0259ld\u0259 edilm\u0259sin\u0259 nail olaca\u011f\u0131q\u201d.<\/p>\n<div id=\"AdributorNativeVideo0\" class=\"AdributorNativeVideo\"><\/div>\n<p>A.C\u0259f\u0259rli d\u00f6vl\u0259t qurumu olaraq ASAN xidm\u0259tin innovasiyalara d\u0259st\u0259k istiqam\u0259tind\u0259 g\u00f6rd\u00fcy\u00fc i\u015fl\u0259rd\u0259n dan\u0131\u015f\u0131b: \u201cBiz d\u00f6vl\u0259t qurumu olaraq f\u0259rdi sahibkarlara t\u00f6hf\u0259 veririk. Bunun \u00fc\u00e7\u00fcn ail\u0259 sahibkarl\u0131\u011f\u0131na, brendin yarad\u0131lmas\u0131, dizayn, m\u0259hsulun bazara \u00e7\u0131xar\u0131lmas\u0131na d\u0259st\u0259k oluruq. Biz yaln\u0131za kreativ iqtisadiyyat\u0131n bir hiss\u0259si olma\u011fa \u00e7al\u0131\u015fm\u0131r, h\u0259m d\u0259 yaddan \u00e7\u0131xm\u0131\u015f s\u0259n\u0259tl\u0259rin g\u00fcnd\u0259m\u0259 g\u0259lm\u0259sin\u0259 \u00e7al\u0131\u015f\u0131r\u0131q. Ail\u0259l\u0259r bazar t\u0259l\u0259bl\u0259rini m\u00fc\u0259yy\u0259n edib m\u0259hsullar\u0131n\u0131 bazara \u00e7\u0131xarma\u011fa \u00e7al\u0131\u015f\u0131rlar. S\u0259n\u0259tkarl\u0131q v\u0259 \u0259rzaq m\u0259hsullar\u0131n emal\u0131na q\u0259d\u0259r bir \u00e7ox sah\u0259l\u0259r\u0259 d\u0259st\u0259k oluruq\u201d.publika.az<\/p>\n","protected":false},"excerpt":{"rendered":"<p>\u201cBu g\u00fcn d\u00f6vl\u0259t yarad\u0131c\u0131 iqtisadiyyata t\u0259kan verm\u0259lidirl\u0259r. Bu yaln\u0131z bir nazirlik v\u0259 d\u00f6vl\u0259t qurumunun i\u015fi deyil. ASAN xidm\u0259t bu s\u0259pkid\u0259 i\u015fl\u0259ri y\u00fcks\u0259k s\u0259viyy\u0259d\u0259 h\u0259yata ke\u00e7irir.\u201d ARANTV.AZ\u00a0x\u0259b\u0259r verir ki, bunu Az\u0259rbaycan Respublikas\u0131n\u0131n Prezidenti yan\u0131nda D\u00f6vl\u0259t Qullu\u011fu v\u0259 Sosial \u0130nnovasiyalar \u00fczr\u0259 D\u00f6vl\u0259t Agentliyinin aparat r\u0259hb\u0259ri Azad C\u0259f\u0259rli VI Bak\u0131 Beyn\u0259lxalq Humanitar Forumu \u00e7\u0259r\u00e7iv\u0259sind\u0259 &#8220;\u0130nnovasiyalar yarad\u0131c\u0131 inki\u015faf\u0131n \u0259sas m\u0259nb\u0259yi kimi&#8221; adl\u0131 paneld\u0259 \u00e7\u0131x\u0131\u015f\u0131 zaman\u0131 deyib. A.C\u0259f\u0259rli bildirib ki, \u015f\u0259ffafl\u0131q ASAN Xidm\u0259tin \u0259sas m\u0259qs\u0259didir. Bu da insanlar\u0131n m\u0259mnunlu\u011funa s\u0259b\u0259b olan faktordur: \u201cSon 5 il \u0259rzind\u0259 ASAN Xidm\u0259t m\u0259rk\u0259zl\u0259rin\u0259 25 milyon \u0259riz\u0259 q\u0259bul edilib. H\u0259r&hellip;<\/p>\n","protected":false},"author":2,"featured_media":21317,"comment_status":"closed","ping_status":"closed","sticky":false,"template":"","format":"standard","meta":{"om_disable_all_campaigns":false,"_monsterinsights_skip_tracking":false,"_monsterinsights_sitenote_active":false,"_monsterinsights_sitenote_note":"","_monsterinsights_sitenote_category":0},"categories":[1],"tags":[],"aioseo_notices":[],"gutentor_comment":0,"rttpg_featured_image_url":{"full":["https:\/\/arantv.az\/wp-content\/uploads\/2018\/10\/03_asan.jpg",800,450,false],"landscape":["https:\/\/arantv.az\/wp-content\/uploads\/2018\/10\/03_asan.jpg",800,450,false],"portraits":["https:\/\/arantv.az\/wp-content\/uploads\/2018\/10\/03_asan.jpg",800,450,false],"thumbnail":["https:\/\/arantv.az\/wp-content\/uploads\/2018\/10\/03_asan-150x150.jpg",150,150,true],"medium":["https:\/\/arantv.az\/wp-content\/uploads\/2018\/10\/03_asan-300x169.jpg",300,169,true],"large":["https:\/\/arantv.az\/wp-content\/uploads\/2018\/10\/03_asan.jpg",640,360,false],"1536x1536":["https:\/\/arantv.az\/wp-content\/uploads\/2018\/10\/03_asan.jpg",800,450,false],"2048x2048":["https:\/\/arantv.az\/wp-content\/uploads\/2018\/10\/03_asan.jpg",800,450,false],"post-thumbnail":["https:\/\/arantv.az\/wp-content\/uploads\/2018\/10\/03_asan-240x172.jpg",240,172,true],"advps-thumb-one":["https:\/\/arantv.az\/wp-content\/uploads\/2018\/10\/03_asan.jpg",800,450,false]},"rttpg_author":{"display_name":"V\u00fcsal Rafiqo\u011flu","author_link":"https:\/\/arantv.az\/?author=2"},"rttpg_comment":0,"rttpg_category":"<a href=\"https:\/\/arantv.az\/?cat=1\" rel=\"category\">C\u0259miyy\u0259t<\/a>","rttpg_excerpt":"\u201cBu g\u00fcn d\u00f6vl\u0259t yarad\u0131c\u0131 iqtisadiyyata t\u0259kan verm\u0259lidirl\u0259r. Bu yaln\u0131z bir nazirlik v\u0259 d\u00f6vl\u0259t qurumunun i\u015fi deyil. ASAN xidm\u0259t bu s\u0259pkid\u0259 i\u015fl\u0259ri y\u00fcks\u0259k s\u0259viyy\u0259d\u0259 h\u0259yata ke\u00e7irir.\u201d ARANTV.AZ\u00a0x\u0259b\u0259r verir ki, bunu Az\u0259rbaycan Respublikas\u0131n\u0131n Prezidenti yan\u0131nda D\u00f6vl\u0259t Qullu\u011fu v\u0259 Sosial \u0130nnovasiyalar \u00fczr\u0259 D\u00f6vl\u0259t Agentliyinin aparat r\u0259hb\u0259ri Azad C\u0259f\u0259rli VI Bak\u0131 Beyn\u0259lxalq Humanitar Forumu \u00e7\u0259r\u00e7iv\u0259sind\u0259 &#8220;\u0130nnovasiyalar yarad\u0131c\u0131 inki\u015faf\u0131n \u0259sas&hellip;","_links":{"self":[{"href":"https:\/\/arantv.az\/index.php?rest_route=\/wp\/v2\/posts\/21316"}],"collection":[{"href":"https:\/\/arantv.az\/index.php?rest_route=\/wp\/v2\/posts"}],"about":[{"href":"https:\/\/arantv.az\/index.php?rest_route=\/wp\/v2\/types\/post"}],"author":[{"embeddable":true,"href":"https:\/\/arantv.az\/index.php?rest_route=\/wp\/v2\/users\/2"}],"replies":[{"embeddable":true,"href":"https:\/\/arantv.az\/index.php?rest_route=%2Fwp%2Fv2%2Fcomments&post=21316"}],"version-history":[{"count":0,"href":"https:\/\/arantv.az\/index.php?rest_route=\/wp\/v2\/posts\/21316\/revisions"}],"wp:featuredmedia":[{"embeddable":true,"href":"https:\/\/arantv.az\/index.php?rest_route=\/wp\/v2\/media\/21317"}],"wp:attachment":[{"href":"https:\/\/arantv.az\/index.php?rest_route=%2Fwp%2Fv2%2Fmedia&parent=21316"}],"wp:term":[{"taxonomy":"category","embeddable":true,"href":"https:\/\/arantv.az\/index.php?rest_route=%2Fwp%2Fv2%2Fcategories&post=21316"},{"taxonomy":"post_tag","embeddable":true,"href":"https:\/\/arantv.az\/index.php?rest_route=%2Fwp%2Fv2%2Ftags&post=21316"}],"curies":[{"name":"wp","href":"https:\/\/api.w.org\/{rel}","templated":true}]}}