{"id":21323,"date":"2018-10-25T16:26:10","date_gmt":"2018-10-25T13:26:10","guid":{"rendered":"http:\/\/arantv.az\/?p=21323"},"modified":"2018-10-25T16:26:10","modified_gmt":"2018-10-25T13:26:10","slug":"belarusun-vitse-spikeri-t%c9%99crub%c9%99-v%c9%99-fikir-mubadil%c9%99si-aparmaq-ucun-dayaniqli-inkisafa-dair-baki-forumu-vacib-platformadir","status":"publish","type":"post","link":"https:\/\/arantv.az\/?p=21323","title":{"rendered":"Belarusun vitse-spikeri: &#8220;T\u0259cr\u00fcb\u0259 v\u0259 fikir m\u00fcbadil\u0259si aparmaq \u00fc\u00e7\u00fcn Dayan\u0131ql\u0131 \u0130nki\u015fafa dair Bak\u0131 Forumu vacib platformad\u0131r&#8221;"},"content":{"rendered":"<p><strong>&#8220;T\u0259cr\u00fcb\u0259 v\u0259 fikir m\u00fcbadil\u0259si aparmaq \u00fc\u00e7\u00fcn Dayan\u0131ql\u0131 \u0130nki\u015fafa dair Bak\u0131 Forumu vacib platformad\u0131r&#8221;.<\/strong><\/p>\n<p><strong>ARANTV.AZ<\/strong> trend-\u0259 istinad\u0259n x\u0259b\u0259r verir ki, bunu Belarus parlamentinin s\u0259dr m\u00fcavini Marianna \u015eyotkina forumda \u00e7\u0131x\u0131\u015f\u0131 zaman deyib.<\/p>\n<p>O qeyd edib ki, h\u0259r k\u0259s \u00f6z i\u015fini h\u0259yata ke\u00e7irm\u0259lidir:<\/p>\n<p>&#8220;Yax\u015f\u0131 t\u0259cr\u00fcb\u0259l\u0259rimizi payla\u015fmaq \u00fc\u00e7\u00fcn bu c\u00fcr forumlar z\u0259ruridir. Biz qar\u015f\u0131l\u0131ql\u0131 \u015f\u0259kild\u0259 i\u015fl\u0259m\u0259liyik. Az\u0259rbaycana t\u0259\u015f\u0259kk\u00fcr edirik ki, bu v\u00fcr forumlar ke\u00e7irm\u0259kl\u0259 biz\u0259 bel\u0259 imkanlar yarad\u0131r&#8221;.<\/p>\n","protected":false},"excerpt":{"rendered":"<p>&#8220;T\u0259cr\u00fcb\u0259 v\u0259 fikir m\u00fcbadil\u0259si aparmaq \u00fc\u00e7\u00fcn Dayan\u0131ql\u0131 \u0130nki\u015fafa dair Bak\u0131 Forumu vacib platformad\u0131r&#8221;. ARANTV.AZ trend-\u0259 istinad\u0259n x\u0259b\u0259r verir ki, bunu Belarus parlamentinin s\u0259dr m\u00fcavini Marianna \u015eyotkina forumda \u00e7\u0131x\u0131\u015f\u0131 zaman deyib. O qeyd edib ki, h\u0259r k\u0259s \u00f6z i\u015fini h\u0259yata ke\u00e7irm\u0259lidir: &#8220;Yax\u015f\u0131 t\u0259cr\u00fcb\u0259l\u0259rimizi payla\u015fmaq \u00fc\u00e7\u00fcn bu c\u00fcr forumlar z\u0259ruridir. Biz qar\u015f\u0131l\u0131ql\u0131 \u015f\u0259kild\u0259 i\u015fl\u0259m\u0259liyik. Az\u0259rbaycana t\u0259\u015f\u0259kk\u00fcr edirik ki, bu v\u00fcr forumlar ke\u00e7irm\u0259kl\u0259 biz\u0259 bel\u0259 imkanlar yarad\u0131r&#8221;.<\/p>\n","protected":false},"author":2,"featured_media":21324,"comment_status":"closed","ping_status":"closed","sticky":false,"template":"","format":"standard","meta":{"om_disable_all_campaigns":false,"_monsterinsights_skip_tracking":false,"_monsterinsights_sitenote_active":false,"_monsterinsights_sitenote_note":"","_monsterinsights_sitenote_category":0},"categories":[4],"tags":[],"aioseo_notices":[],"gutentor_comment":0,"rttpg_featured_image_url":{"full":["https:\/\/arantv.az\/wp-content\/uploads\/2018\/10\/697811.jpg",800,600,false],"landscape":["https:\/\/arantv.az\/wp-content\/uploads\/2018\/10\/697811.jpg",800,600,false],"portraits":["https:\/\/arantv.az\/wp-content\/uploads\/2018\/10\/697811.jpg",800,600,false],"thumbnail":["https:\/\/arantv.az\/wp-content\/uploads\/2018\/10\/697811-150x150.jpg",150,150,true],"medium":["https:\/\/arantv.az\/wp-content\/uploads\/2018\/10\/697811-300x225.jpg",300,225,true],"large":["https:\/\/arantv.az\/wp-content\/uploads\/2018\/10\/697811.jpg",640,480,false],"1536x1536":["https:\/\/arantv.az\/wp-content\/uploads\/2018\/10\/697811.jpg",800,600,false],"2048x2048":["https:\/\/arantv.az\/wp-content\/uploads\/2018\/10\/697811.jpg",800,600,false],"post-thumbnail":["https:\/\/arantv.az\/wp-content\/uploads\/2018\/10\/697811-240x172.jpg",240,172,true],"advps-thumb-one":["https:\/\/arantv.az\/wp-content\/uploads\/2018\/10\/697811.jpg",800,600,false]},"rttpg_author":{"display_name":"V\u00fcsal Rafiqo\u011flu","author_link":"https:\/\/arantv.az\/?author=2"},"rttpg_comment":0,"rttpg_category":"<a href=\"https:\/\/arantv.az\/?cat=4\" rel=\"category\">Siyas\u0259t<\/a>","rttpg_excerpt":"&#8220;T\u0259cr\u00fcb\u0259 v\u0259 fikir m\u00fcbadil\u0259si aparmaq \u00fc\u00e7\u00fcn Dayan\u0131ql\u0131 \u0130nki\u015fafa dair Bak\u0131 Forumu vacib platformad\u0131r&#8221;. ARANTV.AZ trend-\u0259 istinad\u0259n x\u0259b\u0259r verir ki, bunu Belarus parlamentinin s\u0259dr m\u00fcavini Marianna \u015eyotkina forumda \u00e7\u0131x\u0131\u015f\u0131 zaman deyib. O qeyd edib ki, h\u0259r k\u0259s \u00f6z i\u015fini h\u0259yata ke\u00e7irm\u0259lidir: &#8220;Yax\u015f\u0131 t\u0259cr\u00fcb\u0259l\u0259rimizi payla\u015fmaq \u00fc\u00e7\u00fcn bu c\u00fcr forumlar z\u0259ruridir. Biz qar\u015f\u0131l\u0131ql\u0131 \u015f\u0259kild\u0259 i\u015fl\u0259m\u0259liyik. Az\u0259rbaycana t\u0259\u015f\u0259kk\u00fcr edirik&hellip;","_links":{"self":[{"href":"https:\/\/arantv.az\/index.php?rest_route=\/wp\/v2\/posts\/21323"}],"collection":[{"href":"https:\/\/arantv.az\/index.php?rest_route=\/wp\/v2\/posts"}],"about":[{"href":"https:\/\/arantv.az\/index.php?rest_route=\/wp\/v2\/types\/post"}],"author":[{"embeddable":true,"href":"https:\/\/arantv.az\/index.php?rest_route=\/wp\/v2\/users\/2"}],"replies":[{"embeddable":true,"href":"https:\/\/arantv.az\/index.php?rest_route=%2Fwp%2Fv2%2Fcomments&post=21323"}],"version-history":[{"count":0,"href":"https:\/\/arantv.az\/index.php?rest_route=\/wp\/v2\/posts\/21323\/revisions"}],"wp:featuredmedia":[{"embeddable":true,"href":"https:\/\/arantv.az\/index.php?rest_route=\/wp\/v2\/media\/21324"}],"wp:attachment":[{"href":"https:\/\/arantv.az\/index.php?rest_route=%2Fwp%2Fv2%2Fmedia&parent=21323"}],"wp:term":[{"taxonomy":"category","embeddable":true,"href":"https:\/\/arantv.az\/index.php?rest_route=%2Fwp%2Fv2%2Fcategories&post=21323"},{"taxonomy":"post_tag","embeddable":true,"href":"https:\/\/arantv.az\/index.php?rest_route=%2Fwp%2Fv2%2Ftags&post=21323"}],"curies":[{"name":"wp","href":"https:\/\/api.w.org\/{rel}","templated":true}]}}