{"id":21326,"date":"2018-10-25T16:27:45","date_gmt":"2018-10-25T13:27:45","guid":{"rendered":"http:\/\/arantv.az\/?p=21326"},"modified":"2018-10-25T16:27:45","modified_gmt":"2018-10-25T13:27:45","slug":"az%c9%99rbaycanda-3-yasli-qiz-usagi-h%c9%99kim-s%c9%99hl%c9%99nkarliginin-qurbani-oldu-2-ay-omru-qalib","status":"publish","type":"post","link":"https:\/\/arantv.az\/?p=21326","title":{"rendered":"Az\u0259rbaycanda 3 ya\u015fl\u0131 q\u0131z u\u015fa\u011f\u0131 h\u0259kim s\u0259hl\u0259nkarl\u0131\u011f\u0131n\u0131n qurban\u0131 oldu &#8211; 2 ay \u00f6mr\u00fc qal\u0131b"},"content":{"rendered":"<div id=\"entry\" class=\"entry\">M.A.Top\u00e7uba\u015fov ad\u0131na Elmi-C\u0259rrahiy\u0259 M\u0259rk\u0259zind\u0259 h\u0259kim Elnur H\u0259s\u0259novun yaln\u0131\u015f \u00fcr\u0259k \u0259m\u0259liyyat\u0131 n\u0259tic\u0259sind\u0259 3 ya\u015fl\u0131 M\u0259l\u0259k \u00f6l\u00fcml\u0259 \u00fcz-\u00fcz\u0259 g\u0259lib.<\/p>\n<p><b>ARANTV.AZ\u00a0<\/b>\u00a0x\u0259b\u0259r verir ki, bu bar\u0259d\u0259 X\u0259z\u0259r televiziyas\u0131nda Xo\u015fq\u0259d\u0259m Hiday\u0259tq\u0131z\u0131n\u0131n \u201cS\u0259ni Axtar\u0131ram\u201d verili\u015fin\u0259 \u00e7\u0131xan ana bildirib.<\/p>\n<div id=\"AdributorNativeVideo0\" class=\"AdributorNativeVideo\"><\/div>\n<p>O, bildrib ki, h\u0259kiml\u0259r bidirib ki, \u00fcr\u0259yind\u0259ki infeksiya t\u0259mizl\u0259m\u0259s\u0259 q\u0131z\u0131m \u00f6l\u0259 bil\u0259r: \u201c\u00dcr\u0259yind\u0259n \u0259m\u0259liyyat olunandan sonra v\u0259ziyy\u0259ti a\u011f\u0131rla\u015fd\u0131. Q\u0131zd\u0131rmadan yan\u0131r balam. 3 ay\u0131n art\u0131q bir ay\u0131 gedib. 2 ay \u00f6mr\u00fc qal\u0131b. D\u0259rmanlar \u00e7ox bahad\u0131r. Ala bilmirik\u201d.<\/p>\n<p>Apar\u0131c\u0131 bildirib ki, Elnur H\u0259s\u0259novla ba\u011fl\u0131 art\u0131q ne\u00e7\u0259nci \u015fikay\u0259tdir: &#8220;Biz onu m\u0259hk\u0259m\u0259y\u0259 verm\u0259y\u0259 haz\u0131rla\u015f\u0131r\u0131q&#8221;.<br \/>\n<img class=\"imgbcodecent\" src=\"https:\/\/upload.az\/foto\/arxiv\/Snimok_71540472021.png\" alt=\"Az\u0259rbaycanda 3 ya\u015fl\u0131 q\u0131z u\u015fa\u011f\u0131 h\u0259kim s\u0259hl\u0259nkarl\u0131\u011f\u0131n\u0131n qurban\u0131 oldu - 2 ay \u00f6mr\u00fc qal\u0131b\" \/><\/div>\n<p>&nbsp;<\/p>\n","protected":false},"excerpt":{"rendered":"<p>M.A.Top\u00e7uba\u015fov ad\u0131na Elmi-C\u0259rrahiy\u0259 M\u0259rk\u0259zind\u0259 h\u0259kim Elnur H\u0259s\u0259novun yaln\u0131\u015f \u00fcr\u0259k \u0259m\u0259liyyat\u0131 n\u0259tic\u0259sind\u0259 3 ya\u015fl\u0131 M\u0259l\u0259k \u00f6l\u00fcml\u0259 \u00fcz-\u00fcz\u0259 g\u0259lib. ARANTV.AZ\u00a0\u00a0x\u0259b\u0259r verir ki, bu bar\u0259d\u0259 X\u0259z\u0259r televiziyas\u0131nda Xo\u015fq\u0259d\u0259m Hiday\u0259tq\u0131z\u0131n\u0131n \u201cS\u0259ni Axtar\u0131ram\u201d verili\u015fin\u0259 \u00e7\u0131xan ana bildirib. O, bildrib ki, h\u0259kiml\u0259r bidirib ki, \u00fcr\u0259yind\u0259ki infeksiya t\u0259mizl\u0259m\u0259s\u0259 q\u0131z\u0131m \u00f6l\u0259 bil\u0259r: \u201c\u00dcr\u0259yind\u0259n \u0259m\u0259liyyat olunandan sonra v\u0259ziyy\u0259ti a\u011f\u0131rla\u015fd\u0131. Q\u0131zd\u0131rmadan yan\u0131r balam. 3 ay\u0131n art\u0131q bir ay\u0131 gedib. 2 ay \u00f6mr\u00fc qal\u0131b. D\u0259rmanlar \u00e7ox bahad\u0131r. Ala bilmirik\u201d. Apar\u0131c\u0131 bildirib ki, Elnur H\u0259s\u0259novla ba\u011fl\u0131 art\u0131q ne\u00e7\u0259nci \u015fikay\u0259tdir: &#8220;Biz onu m\u0259hk\u0259m\u0259y\u0259 verm\u0259y\u0259 haz\u0131rla\u015f\u0131r\u0131q&#8221;. &nbsp;<\/p>\n","protected":false},"author":2,"featured_media":21327,"comment_status":"closed","ping_status":"closed","sticky":false,"template":"","format":"standard","meta":{"om_disable_all_campaigns":false,"_monsterinsights_skip_tracking":false,"_monsterinsights_sitenote_active":false,"_monsterinsights_sitenote_note":"","_monsterinsights_sitenote_category":0},"categories":[1],"tags":[],"aioseo_notices":[],"gutentor_comment":0,"rttpg_featured_image_url":{"full":["https:\/\/arantv.az\/wp-content\/uploads\/2018\/10\/1_31539260388_51540472090.jpg",650,429,false],"landscape":["https:\/\/arantv.az\/wp-content\/uploads\/2018\/10\/1_31539260388_51540472090.jpg",650,429,false],"portraits":["https:\/\/arantv.az\/wp-content\/uploads\/2018\/10\/1_31539260388_51540472090.jpg",650,429,false],"thumbnail":["https:\/\/arantv.az\/wp-content\/uploads\/2018\/10\/1_31539260388_51540472090-150x150.jpg",150,150,true],"medium":["https:\/\/arantv.az\/wp-content\/uploads\/2018\/10\/1_31539260388_51540472090-300x198.jpg",300,198,true],"large":["https:\/\/arantv.az\/wp-content\/uploads\/2018\/10\/1_31539260388_51540472090.jpg",640,422,false],"1536x1536":["https:\/\/arantv.az\/wp-content\/uploads\/2018\/10\/1_31539260388_51540472090.jpg",650,429,false],"2048x2048":["https:\/\/arantv.az\/wp-content\/uploads\/2018\/10\/1_31539260388_51540472090.jpg",650,429,false],"post-thumbnail":["https:\/\/arantv.az\/wp-content\/uploads\/2018\/10\/1_31539260388_51540472090-240x172.jpg",240,172,true],"advps-thumb-one":["https:\/\/arantv.az\/wp-content\/uploads\/2018\/10\/1_31539260388_51540472090.jpg",650,429,false]},"rttpg_author":{"display_name":"V\u00fcsal Rafiqo\u011flu","author_link":"https:\/\/arantv.az\/?author=2"},"rttpg_comment":0,"rttpg_category":"<a href=\"https:\/\/arantv.az\/?cat=1\" rel=\"category\">C\u0259miyy\u0259t<\/a>","rttpg_excerpt":"M.A.Top\u00e7uba\u015fov ad\u0131na Elmi-C\u0259rrahiy\u0259 M\u0259rk\u0259zind\u0259 h\u0259kim Elnur H\u0259s\u0259novun yaln\u0131\u015f \u00fcr\u0259k \u0259m\u0259liyyat\u0131 n\u0259tic\u0259sind\u0259 3 ya\u015fl\u0131 M\u0259l\u0259k \u00f6l\u00fcml\u0259 \u00fcz-\u00fcz\u0259 g\u0259lib. ARANTV.AZ\u00a0\u00a0x\u0259b\u0259r verir ki, bu bar\u0259d\u0259 X\u0259z\u0259r televiziyas\u0131nda Xo\u015fq\u0259d\u0259m Hiday\u0259tq\u0131z\u0131n\u0131n \u201cS\u0259ni Axtar\u0131ram\u201d verili\u015fin\u0259 \u00e7\u0131xan ana bildirib. O, bildrib ki, h\u0259kiml\u0259r bidirib ki, \u00fcr\u0259yind\u0259ki infeksiya t\u0259mizl\u0259m\u0259s\u0259 q\u0131z\u0131m \u00f6l\u0259 bil\u0259r: \u201c\u00dcr\u0259yind\u0259n \u0259m\u0259liyyat olunandan sonra v\u0259ziyy\u0259ti a\u011f\u0131rla\u015fd\u0131. Q\u0131zd\u0131rmadan yan\u0131r balam. 3 ay\u0131n&hellip;","_links":{"self":[{"href":"https:\/\/arantv.az\/index.php?rest_route=\/wp\/v2\/posts\/21326"}],"collection":[{"href":"https:\/\/arantv.az\/index.php?rest_route=\/wp\/v2\/posts"}],"about":[{"href":"https:\/\/arantv.az\/index.php?rest_route=\/wp\/v2\/types\/post"}],"author":[{"embeddable":true,"href":"https:\/\/arantv.az\/index.php?rest_route=\/wp\/v2\/users\/2"}],"replies":[{"embeddable":true,"href":"https:\/\/arantv.az\/index.php?rest_route=%2Fwp%2Fv2%2Fcomments&post=21326"}],"version-history":[{"count":0,"href":"https:\/\/arantv.az\/index.php?rest_route=\/wp\/v2\/posts\/21326\/revisions"}],"wp:featuredmedia":[{"embeddable":true,"href":"https:\/\/arantv.az\/index.php?rest_route=\/wp\/v2\/media\/21327"}],"wp:attachment":[{"href":"https:\/\/arantv.az\/index.php?rest_route=%2Fwp%2Fv2%2Fmedia&parent=21326"}],"wp:term":[{"taxonomy":"category","embeddable":true,"href":"https:\/\/arantv.az\/index.php?rest_route=%2Fwp%2Fv2%2Fcategories&post=21326"},{"taxonomy":"post_tag","embeddable":true,"href":"https:\/\/arantv.az\/index.php?rest_route=%2Fwp%2Fv2%2Ftags&post=21326"}],"curies":[{"name":"wp","href":"https:\/\/api.w.org\/{rel}","templated":true}]}}