{"id":21359,"date":"2018-10-26T08:35:29","date_gmt":"2018-10-26T05:35:29","guid":{"rendered":"http:\/\/arantv.az\/?p=21359"},"modified":"2018-10-26T08:35:29","modified_gmt":"2018-10-26T05:35:29","slug":"az%c9%99rbaycanda-inzibati-icraat-ucun-z%c9%99ruri-olan-s%c9%99n%c9%99dl%c9%99r-v%c9%99t%c9%99ndaslardan-t%c9%99l%c9%99b-olunmayacaq","status":"publish","type":"post","link":"https:\/\/arantv.az\/?p=21359","title":{"rendered":"Az\u0259rbaycanda inzibati icraat \u00fc\u00e7\u00fcn z\u0259ruri olan s\u0259n\u0259dl\u0259r v\u0259t\u0259nda\u015flardan t\u0259l\u0259b olunmayacaq"},"content":{"rendered":"<p><strong>Az\u0259rbaycanda inzibati icraat \u00fc\u00e7\u00fcn z\u0259ruri olan s\u0259n\u0259dl\u0259r v\u0259t\u0259nda\u015flardan t\u0259l\u0259b olunmayacaq.<\/strong><\/p>\n<p><strong>ARANTV.AZ<\/strong>-\u0131n m\u0259lumat\u0131na g\u00f6r\u0259, bununla ba\u011fl\u0131 \u201c\u0130nzibati icraat\u201d haqq\u0131nda qanunda d\u0259yi\u015fiklil\u0259r edilm\u0259si t\u0259klif olunur.<\/p>\n<p>Bel\u0259 ki, qanuna \u0259lav\u0259 olunan 32.2-1-ci madd\u0259d\u0259 qeyd olunur: \u201c\u0130nzibati orqan inzibati icraat \u00fc\u00e7\u00fcn z\u0259ruri olan v\u0259 dig\u0259r inzibati orqan\u0131n s\u0259r\u0259ncam\u0131nda olan s\u0259n\u0259dl\u0259rin v\u0259 ya m\u0259lumatlar\u0131n \u0259riz\u0259\u00e7i t\u0259r\u0259find\u0259n \u0259ld\u0259 olunmas\u0131n\u0131 t\u0259l\u0259b ed\u0259 bilm\u0259z. \u0130nzibati icraat \u00fc\u00e7\u00fcn z\u0259ruri olan v\u0259 dig\u0259r inzibati orqan\u0131n s\u0259r\u0259ncam\u0131nda olan s\u0259n\u0259dl\u0259ri v\u0259 ya m\u0259lumatlar\u0131 inzibati orqan \u00f6z\u00fc \u0259ld\u0259 edir. \u0130nzibati orqan\u0131n h\u0259min s\u0259n\u0259dl\u0259rin v\u0259 ya m\u0259lumatlar\u0131n \u0259ld\u0259 olunmas\u0131n\u0131 \u0259riz\u0259\u00e7id\u0259n t\u0259l\u0259b etm\u0259si Az\u0259rbaycan Respublikas\u0131n\u0131n \u0130nzibati X\u0259talar M\u0259c\u0259ll\u0259sin\u0259 uy\u011fun olaraq inzibati m\u0259suliyy\u0259t\u0259 s\u0259b\u0259b olur&#8221;.<\/p>\n<div id=\"AdributorNativeVideo0\" class=\"AdributorNativeVideo\"><\/div>\n<p>D\u0259yi\u015fiklikl\u0259r d\u00f6vl\u0259t idar\u0259etm\u0259sind\u0259 v\u0259t\u0259nda\u015f m\u0259mnunlu\u011funu t\u0259min etm\u0259k m\u0259qs\u0259dil\u0259 t\u0259klif edilib. Bel\u0259 ki, d\u00f6vl\u0259t orqanlar\u0131n\u0131n bir-birinin informasiya ehtiyatlar\u0131na \u00e7\u0131x\u0131\u015flar\u0131, informasiya inteqrasiyas\u0131 imkanlar\u0131n\u0131n geni\u015fl\u0259nm\u0259si laz\u0131m olan m\u0259lumatlar\u0131 v\u0259t\u0259nda\u015f\u0131n i\u015ftirak\u0131 olmadan inzibati orqanlar\u0131n \u00f6zl\u0259rinin \u0259ld\u0259 etm\u0259l\u0259rin\u0259 imkan verir. Eyni zamanda, qanunun bu t\u0259l\u0259binin pozulmas\u0131na g\u00f6r\u0259 \u0130nzibati X\u0259talar M\u0259c\u0259ll\u0259sin\u0259 uy\u011fun olaraq inzibati m\u0259suliyy\u0259tin n\u0259z\u0259rd\u0259 tutulmas\u0131 t\u0259klif edilir.<\/p>\n<p>\u0130nzibati X\u0259talar M\u0259c\u0259ll\u0259sin\u0259 t\u0259klif olunan m\u00fcvafiq d\u0259yi\u015fikliy\u0259 \u0259sas\u0259n is\u0259 inzibati orqan t\u0259r\u0259find\u0259n inzibati icraat \u00fc\u00e7\u00fcn z\u0259ruri olan v\u0259 dig\u0259r inzibati orqan\u0131n s\u0259r\u0259ncam\u0131nda olan s\u0259n\u0259dl\u0259rin v\u0259 ya m\u0259lumatlar\u0131n \u0259ld\u0259 olunmas\u0131n\u0131n \u0259riz\u0259\u00e7id\u0259n t\u0259l\u0259b edilm\u0259sin\u0259 g\u00f6r\u0259 v\u0259zif\u0259li \u015f\u0259xsl\u0259r 350 manatdan 600 manatad\u0259k m\u0259bl\u0259\u011fd\u0259 c\u0259rim\u0259 edil\u0259c\u0259k.trend<\/p>\n","protected":false},"excerpt":{"rendered":"<p>Az\u0259rbaycanda inzibati icraat \u00fc\u00e7\u00fcn z\u0259ruri olan s\u0259n\u0259dl\u0259r v\u0259t\u0259nda\u015flardan t\u0259l\u0259b olunmayacaq. ARANTV.AZ-\u0131n m\u0259lumat\u0131na g\u00f6r\u0259, bununla ba\u011fl\u0131 \u201c\u0130nzibati icraat\u201d haqq\u0131nda qanunda d\u0259yi\u015fiklil\u0259r edilm\u0259si t\u0259klif olunur. Bel\u0259 ki, qanuna \u0259lav\u0259 olunan 32.2-1-ci madd\u0259d\u0259 qeyd olunur: \u201c\u0130nzibati orqan inzibati icraat \u00fc\u00e7\u00fcn z\u0259ruri olan v\u0259 dig\u0259r inzibati orqan\u0131n s\u0259r\u0259ncam\u0131nda olan s\u0259n\u0259dl\u0259rin v\u0259 ya m\u0259lumatlar\u0131n \u0259riz\u0259\u00e7i t\u0259r\u0259find\u0259n \u0259ld\u0259 olunmas\u0131n\u0131 t\u0259l\u0259b ed\u0259 bilm\u0259z. \u0130nzibati icraat \u00fc\u00e7\u00fcn z\u0259ruri olan v\u0259 dig\u0259r inzibati orqan\u0131n s\u0259r\u0259ncam\u0131nda olan s\u0259n\u0259dl\u0259ri v\u0259 ya m\u0259lumatlar\u0131 inzibati orqan \u00f6z\u00fc \u0259ld\u0259 edir. \u0130nzibati orqan\u0131n h\u0259min s\u0259n\u0259dl\u0259rin v\u0259 ya m\u0259lumatlar\u0131n \u0259ld\u0259 olunmas\u0131n\u0131 \u0259riz\u0259\u00e7id\u0259n t\u0259l\u0259b etm\u0259si Az\u0259rbaycan Respublikas\u0131n\u0131n&hellip;<\/p>\n","protected":false},"author":2,"featured_media":21360,"comment_status":"closed","ping_status":"closed","sticky":false,"template":"","format":"standard","meta":{"om_disable_all_campaigns":false,"_monsterinsights_skip_tracking":false,"_monsterinsights_sitenote_active":false,"_monsterinsights_sitenote_note":"","_monsterinsights_sitenote_category":0},"categories":[1],"tags":[],"aioseo_notices":[],"gutentor_comment":0,"rttpg_featured_image_url":{"full":["https:\/\/arantv.az\/wp-content\/uploads\/2018\/10\/sened_0001.jpg",800,450,false],"landscape":["https:\/\/arantv.az\/wp-content\/uploads\/2018\/10\/sened_0001.jpg",800,450,false],"portraits":["https:\/\/arantv.az\/wp-content\/uploads\/2018\/10\/sened_0001.jpg",800,450,false],"thumbnail":["https:\/\/arantv.az\/wp-content\/uploads\/2018\/10\/sened_0001-150x150.jpg",150,150,true],"medium":["https:\/\/arantv.az\/wp-content\/uploads\/2018\/10\/sened_0001-300x169.jpg",300,169,true],"large":["https:\/\/arantv.az\/wp-content\/uploads\/2018\/10\/sened_0001.jpg",640,360,false],"1536x1536":["https:\/\/arantv.az\/wp-content\/uploads\/2018\/10\/sened_0001.jpg",800,450,false],"2048x2048":["https:\/\/arantv.az\/wp-content\/uploads\/2018\/10\/sened_0001.jpg",800,450,false],"post-thumbnail":["https:\/\/arantv.az\/wp-content\/uploads\/2018\/10\/sened_0001-240x172.jpg",240,172,true],"advps-thumb-one":["https:\/\/arantv.az\/wp-content\/uploads\/2018\/10\/sened_0001.jpg",800,450,false]},"rttpg_author":{"display_name":"V\u00fcsal Rafiqo\u011flu","author_link":"https:\/\/arantv.az\/?author=2"},"rttpg_comment":0,"rttpg_category":"<a href=\"https:\/\/arantv.az\/?cat=1\" rel=\"category\">C\u0259miyy\u0259t<\/a>","rttpg_excerpt":"Az\u0259rbaycanda inzibati icraat \u00fc\u00e7\u00fcn z\u0259ruri olan s\u0259n\u0259dl\u0259r v\u0259t\u0259nda\u015flardan t\u0259l\u0259b olunmayacaq. ARANTV.AZ-\u0131n m\u0259lumat\u0131na g\u00f6r\u0259, bununla ba\u011fl\u0131 \u201c\u0130nzibati icraat\u201d haqq\u0131nda qanunda d\u0259yi\u015fiklil\u0259r edilm\u0259si t\u0259klif olunur. Bel\u0259 ki, qanuna \u0259lav\u0259 olunan 32.2-1-ci madd\u0259d\u0259 qeyd olunur: \u201c\u0130nzibati orqan inzibati icraat \u00fc\u00e7\u00fcn z\u0259ruri olan v\u0259 dig\u0259r inzibati orqan\u0131n s\u0259r\u0259ncam\u0131nda olan s\u0259n\u0259dl\u0259rin v\u0259 ya m\u0259lumatlar\u0131n \u0259riz\u0259\u00e7i t\u0259r\u0259find\u0259n \u0259ld\u0259 olunmas\u0131n\u0131 t\u0259l\u0259b ed\u0259&hellip;","_links":{"self":[{"href":"https:\/\/arantv.az\/index.php?rest_route=\/wp\/v2\/posts\/21359"}],"collection":[{"href":"https:\/\/arantv.az\/index.php?rest_route=\/wp\/v2\/posts"}],"about":[{"href":"https:\/\/arantv.az\/index.php?rest_route=\/wp\/v2\/types\/post"}],"author":[{"embeddable":true,"href":"https:\/\/arantv.az\/index.php?rest_route=\/wp\/v2\/users\/2"}],"replies":[{"embeddable":true,"href":"https:\/\/arantv.az\/index.php?rest_route=%2Fwp%2Fv2%2Fcomments&post=21359"}],"version-history":[{"count":0,"href":"https:\/\/arantv.az\/index.php?rest_route=\/wp\/v2\/posts\/21359\/revisions"}],"wp:featuredmedia":[{"embeddable":true,"href":"https:\/\/arantv.az\/index.php?rest_route=\/wp\/v2\/media\/21360"}],"wp:attachment":[{"href":"https:\/\/arantv.az\/index.php?rest_route=%2Fwp%2Fv2%2Fmedia&parent=21359"}],"wp:term":[{"taxonomy":"category","embeddable":true,"href":"https:\/\/arantv.az\/index.php?rest_route=%2Fwp%2Fv2%2Fcategories&post=21359"},{"taxonomy":"post_tag","embeddable":true,"href":"https:\/\/arantv.az\/index.php?rest_route=%2Fwp%2Fv2%2Ftags&post=21359"}],"curies":[{"name":"wp","href":"https:\/\/api.w.org\/{rel}","templated":true}]}}