{"id":21368,"date":"2018-10-26T08:58:03","date_gmt":"2018-10-26T05:58:03","guid":{"rendered":"http:\/\/arantv.az\/?p=21368"},"modified":"2018-10-26T08:58:03","modified_gmt":"2018-10-26T05:58:03","slug":"bir-ild%c9%99-uc-m%c9%99ktub","status":"publish","type":"post","link":"https:\/\/arantv.az\/?p=21368","title":{"rendered":"Bir ild\u0259 \u00fc\u00e7 m\u0259ktub\u2026"},"content":{"rendered":"<p><strong>Son ill\u0259rd\u0259 Az\u0259rbaycan-AB\u015e m\u00fcnasib\u0259tl\u0259rinin y\u00fcks\u0259l\u0259n x\u0259tt \u00fczr\u0259 inki\u015faf\u0131 bu bax\u0131mdan diqq\u0259ti daha \u00e7ox c\u0259lb edir. M\u00fcst\u0259qillik d\u00f6vr\u00fcnd\u0259 Az\u0259rbaycan\u0131n xarici siyas\u0259t prioritetl\u0259ri aras\u0131nda AB\u015e-la m\u00fcnasib\u0259tl\u0259rin yax\u015f\u0131la\u015fd\u0131r\u0131lmas\u0131 daim m\u00fch\u00fcm yer tutub. Bu m\u00fcnasib\u0259tl\u0259r ikit\u0259r\u0259fli v\u0259 \u00e7oxt\u0259r\u0259fli \u0259m\u0259kda\u015fl\u0131\u011f\u0131n m\u00fcxt\u0259lif sferalar\u0131n\u0131 \u0259hat\u0259 etm\u0259kl\u0259 h\u0259r iki d\u00f6vl\u0259tin milli maraqlar\u0131na cavab verm\u0259kd\u0259dir.<\/strong><\/p>\n<p><strong>ARANTV.AZ<\/strong> x\u0259b\u0259r verir ki, bunu r\u0259smi \u201cAz\u0259rbaycan\u201d q\u0259zeti yaz\u0131b. Q\u0259zet bildirib ki, d\u00fcnyan\u0131n superd\u00f6vl\u0259ti olaraq AB\u015e-la m\u00fcnasib\u0259tl\u0259rin y\u00fcks\u0259k s\u0259viyy\u0259y\u0259 qald\u0131r\u0131lmas\u0131 i\u015find\u0259 \u00f6lk\u0259mizin demokratik d\u00fcnyaya inteqrasiyas\u0131 istiqam\u0259tind\u0259 atd\u0131\u011f\u0131 davaml\u0131 add\u0131mlar m\u00fch\u00fcm rol oynay\u0131b.<\/p>\n<p>T\u0259kc\u0259 bu ilin aprel-may aylar\u0131nda AB\u015e Prezidenti Donald Tramp\u0131n d\u00f6vl\u0259t ba\u015f\u00e7\u0131s\u0131 \u0130lham \u018fliyev\u0259 3 m\u0259ktub g\u00f6nd\u0259rm\u0259si \u0259laq\u0259l\u0259rin yeni inki\u015faf m\u0259rh\u0259l\u0259sin\u0259 q\u0259d\u0259m qoydu\u011funu bir daha t\u0259sdiql\u0259yir.<\/p>\n<p>Yaz\u0131da bildirilir ki, prezident \u0130lham \u018fliyev bu il iyulun 8-d\u0259 Nazirl\u0259r Kabinetinin 2018-ci ilin birinci yar\u0131s\u0131n\u0131n sosial-iqtisadi inki\u015faf\u0131n\u0131n yekunlar\u0131na v\u0259 qar\u015f\u0131da duran v\u0259zif\u0259l\u0259r\u0259 h\u0259sr olunan iclas\u0131nda iki \u00f6lk\u0259 aras\u0131nda olan m\u00fcnasib\u0259tl\u0259ri d\u0259y\u0259rl\u0259ndir\u0259rk\u0259n bu m\u0259s\u0259l\u0259y\u0259 toxunaraq demi\u015fdi ki, AB\u015e il\u0259 Az\u0259rbaycan\u0131n \u0259laq\u0259l\u0259ri yeni m\u0259rh\u0259l\u0259y\u0259 y\u00fcks\u0259lib: &#8220;Amerika Prezidenti c\u0259nab Donald Tramp aprel-may aylar\u0131nda m\u0259n\u0259 \u00fc\u00e7 m\u0259ktub \u00fcnvanlam\u0131\u015fd\u0131r. Se\u00e7kil\u0259rl\u0259, ondan sonra Xalq C\u00fcmhuriyy\u0259tinin 100 illiyi v\u0259 &#8220;C\u0259nub qaz d\u0259hlizi\u201dnin r\u0259smi a\u00e7\u0131l\u0131\u015f\u0131 il\u0259 ba\u011fl\u0131 g\u00f6nd\u0259ril\u0259n m\u0259ktublar Amerika h\u00f6kum\u0259tinin Az\u0259rbaycana olan m\u00fcnasib\u0259tini, h\u00f6rm\u0259tini g\u00f6st\u0259rir. M\u0259ktublarda \u00e7ox d\u0259y\u0259rli s\u00f6zl\u0259r ifad\u0259 edilmi\u015fdir v\u0259 biz \u00e7ox \u015fad\u0131q ki, bu g\u00fcn Amerika-Az\u0259rbaycan \u0259laq\u0259l\u0259ri \u00f6z \u0259sl mahiyy\u0259tini \u0259ks etdirir. \u018fmin\u0259m ki, g\u0259l\u0259c\u0259k ill\u0259rd\u0259 bu \u0259laq\u0259l\u0259r daha da m\u00f6hk\u0259ml\u0259n\u0259c\u0259k\u201d.<\/p>\n<p>Q\u0259zetin x\u0259b\u0259rin\u0259 g\u00f6r\u0259, oktyabr\u0131n 24-d\u0259 \u00f6lk\u0259mizd\u0259 s\u0259f\u0259rd\u0259 olan AB\u015e Prezidentinin milli t\u0259hl\u00fck\u0259sizlik m\u0259s\u0259l\u0259l\u0259ri \u00fczr\u0259 m\u00fc\u015faviri Con Boltonun ke\u00e7irdiyi g\u00f6r\u00fc\u015fl\u0259rd\u0259 s\u0259sl\u0259ndirdiyi fikirl\u0259r d\u0259 bir daha t\u0259sdiq edir ki, AB\u015e-Az\u0259rbaycan m\u00fcnasib\u0259tl\u0259ri strateji \u0259h\u0259miyy\u0259t k\u0259sb edir.<\/p>\n<p>\u201cAB\u015e-Az\u0259rbaycan m\u00fcnasib\u0259tl\u0259rinin daha da yax\u0131nla\u015fmas\u0131n\u0131 t\u0259sdiql\u0259y\u0259n faktlara n\u0259z\u0259r yetirs\u0259k g\u00f6r\u0259rik ki, bu \u00f6lk\u0259nin bir \u00e7ox \u015firk\u0259tl\u0259ri uzun ill\u0259rdir investor v\u0259 podrat\u00e7\u0131 qismind\u0259 Az\u0259rbaycanda enerji v\u0259 qeyri-enerji sektorlar\u0131nda u\u011furlu f\u0259aliyy\u0259t g\u00f6st\u0259rir.<\/p>\n<p>Haz\u0131rda Az\u0259rbaycanda s\u0259naye, tikinti, rabit\u0259, bank v\u0259 s. sah\u0259l\u0259rd\u0259 240 AB\u015e \u015firk\u0259ti f\u0259aliyy\u0259t g\u00f6st\u0259rir. AB\u015e Az\u0259rbaycan\u0131n \u0259sas ticar\u0259t t\u0259r\u0259fda\u015flar\u0131ndand\u0131r. Bu ilin yanvar-iyun aylar\u0131nda \u00f6lk\u0259l\u0259rimiz aras\u0131nda ticar\u0259t d\u00f6vriyy\u0259si 476,1 milyon dollar t\u0259\u015fkil edib. \u0130ndiy\u0259d\u0259k AB\u015e t\u0259r\u0259find\u0259n Az\u0259rbaycan iqtisadiyyat\u0131na 13 milyard dollardan \u00e7ox investisiya qoyulub ki, bunun da 1 milyard dollardan \u00e7oxu qeyri-neft sektoruna y\u00f6n\u0259ldilib.<\/p>\n<p>G\u00f6r\u00fcn\u0259n odur ki, AB\u015e h\u00f6kum\u0259ti Az\u0259rbaycanla enerji sah\u0259sind\u0259, el\u0259c\u0259 d\u0259 ba\u015fqa istiqam\u0259tl\u0259rd\u0259, o c\u00fcml\u0259d\u0259n beyn\u0259lxalq terrorizm, insan alverin\u0259 qar\u015f\u0131 m\u00fcbariz\u0259 v\u0259 dig\u0259r sah\u0259l\u0259rd\u0259 \u0259m\u0259kda\u015fl\u0131\u011f\u0131 daha da geni\u015fl\u0259ndirm\u0259k \u0259zmind\u0259dir\u201d.<\/p>\n<div class=\"hidden-xs\">\u00a0qafqazinfo<\/div>\n","protected":false},"excerpt":{"rendered":"<p>Son ill\u0259rd\u0259 Az\u0259rbaycan-AB\u015e m\u00fcnasib\u0259tl\u0259rinin y\u00fcks\u0259l\u0259n x\u0259tt \u00fczr\u0259 inki\u015faf\u0131 bu bax\u0131mdan diqq\u0259ti daha \u00e7ox c\u0259lb edir. M\u00fcst\u0259qillik d\u00f6vr\u00fcnd\u0259 Az\u0259rbaycan\u0131n xarici siyas\u0259t prioritetl\u0259ri aras\u0131nda AB\u015e-la m\u00fcnasib\u0259tl\u0259rin yax\u015f\u0131la\u015fd\u0131r\u0131lmas\u0131 daim m\u00fch\u00fcm yer tutub. Bu m\u00fcnasib\u0259tl\u0259r ikit\u0259r\u0259fli v\u0259 \u00e7oxt\u0259r\u0259fli \u0259m\u0259kda\u015fl\u0131\u011f\u0131n m\u00fcxt\u0259lif sferalar\u0131n\u0131 \u0259hat\u0259 etm\u0259kl\u0259 h\u0259r iki d\u00f6vl\u0259tin milli maraqlar\u0131na cavab verm\u0259kd\u0259dir. ARANTV.AZ x\u0259b\u0259r verir ki, bunu r\u0259smi \u201cAz\u0259rbaycan\u201d q\u0259zeti yaz\u0131b. Q\u0259zet bildirib ki, d\u00fcnyan\u0131n superd\u00f6vl\u0259ti olaraq AB\u015e-la m\u00fcnasib\u0259tl\u0259rin y\u00fcks\u0259k s\u0259viyy\u0259y\u0259 qald\u0131r\u0131lmas\u0131 i\u015find\u0259 \u00f6lk\u0259mizin demokratik d\u00fcnyaya inteqrasiyas\u0131 istiqam\u0259tind\u0259 atd\u0131\u011f\u0131 davaml\u0131 add\u0131mlar m\u00fch\u00fcm rol oynay\u0131b. T\u0259kc\u0259 bu ilin aprel-may aylar\u0131nda AB\u015e Prezidenti Donald Tramp\u0131n d\u00f6vl\u0259t ba\u015f\u00e7\u0131s\u0131 \u0130lham&hellip;<\/p>\n","protected":false},"author":2,"featured_media":21369,"comment_status":"closed","ping_status":"closed","sticky":false,"template":"","format":"standard","meta":{"om_disable_all_campaigns":false,"_monsterinsights_skip_tracking":false,"_monsterinsights_sitenote_active":false,"_monsterinsights_sitenote_note":"","_monsterinsights_sitenote_category":0},"categories":[4],"tags":[],"aioseo_notices":[],"gutentor_comment":0,"rttpg_featured_image_url":{"full":["https:\/\/arantv.az\/wp-content\/uploads\/2018\/10\/tramp-ilham.jpg",637,400,false],"landscape":["https:\/\/arantv.az\/wp-content\/uploads\/2018\/10\/tramp-ilham.jpg",637,400,false],"portraits":["https:\/\/arantv.az\/wp-content\/uploads\/2018\/10\/tramp-ilham.jpg",637,400,false],"thumbnail":["https:\/\/arantv.az\/wp-content\/uploads\/2018\/10\/tramp-ilham-150x150.jpg",150,150,true],"medium":["https:\/\/arantv.az\/wp-content\/uploads\/2018\/10\/tramp-ilham-300x188.jpg",300,188,true],"large":["https:\/\/arantv.az\/wp-content\/uploads\/2018\/10\/tramp-ilham.jpg",637,400,false],"1536x1536":["https:\/\/arantv.az\/wp-content\/uploads\/2018\/10\/tramp-ilham.jpg",637,400,false],"2048x2048":["https:\/\/arantv.az\/wp-content\/uploads\/2018\/10\/tramp-ilham.jpg",637,400,false],"post-thumbnail":["https:\/\/arantv.az\/wp-content\/uploads\/2018\/10\/tramp-ilham-240x172.jpg",240,172,true],"advps-thumb-one":["https:\/\/arantv.az\/wp-content\/uploads\/2018\/10\/tramp-ilham.jpg",637,400,false]},"rttpg_author":{"display_name":"V\u00fcsal Rafiqo\u011flu","author_link":"https:\/\/arantv.az\/?author=2"},"rttpg_comment":0,"rttpg_category":"<a href=\"https:\/\/arantv.az\/?cat=4\" rel=\"category\">Siyas\u0259t<\/a>","rttpg_excerpt":"Son ill\u0259rd\u0259 Az\u0259rbaycan-AB\u015e m\u00fcnasib\u0259tl\u0259rinin y\u00fcks\u0259l\u0259n x\u0259tt \u00fczr\u0259 inki\u015faf\u0131 bu bax\u0131mdan diqq\u0259ti daha \u00e7ox c\u0259lb edir. M\u00fcst\u0259qillik d\u00f6vr\u00fcnd\u0259 Az\u0259rbaycan\u0131n xarici siyas\u0259t prioritetl\u0259ri aras\u0131nda AB\u015e-la m\u00fcnasib\u0259tl\u0259rin yax\u015f\u0131la\u015fd\u0131r\u0131lmas\u0131 daim m\u00fch\u00fcm yer tutub. Bu m\u00fcnasib\u0259tl\u0259r ikit\u0259r\u0259fli v\u0259 \u00e7oxt\u0259r\u0259fli \u0259m\u0259kda\u015fl\u0131\u011f\u0131n m\u00fcxt\u0259lif sferalar\u0131n\u0131 \u0259hat\u0259 etm\u0259kl\u0259 h\u0259r iki d\u00f6vl\u0259tin milli maraqlar\u0131na cavab verm\u0259kd\u0259dir. ARANTV.AZ x\u0259b\u0259r verir ki, bunu r\u0259smi \u201cAz\u0259rbaycan\u201d q\u0259zeti yaz\u0131b.&hellip;","_links":{"self":[{"href":"https:\/\/arantv.az\/index.php?rest_route=\/wp\/v2\/posts\/21368"}],"collection":[{"href":"https:\/\/arantv.az\/index.php?rest_route=\/wp\/v2\/posts"}],"about":[{"href":"https:\/\/arantv.az\/index.php?rest_route=\/wp\/v2\/types\/post"}],"author":[{"embeddable":true,"href":"https:\/\/arantv.az\/index.php?rest_route=\/wp\/v2\/users\/2"}],"replies":[{"embeddable":true,"href":"https:\/\/arantv.az\/index.php?rest_route=%2Fwp%2Fv2%2Fcomments&post=21368"}],"version-history":[{"count":0,"href":"https:\/\/arantv.az\/index.php?rest_route=\/wp\/v2\/posts\/21368\/revisions"}],"wp:featuredmedia":[{"embeddable":true,"href":"https:\/\/arantv.az\/index.php?rest_route=\/wp\/v2\/media\/21369"}],"wp:attachment":[{"href":"https:\/\/arantv.az\/index.php?rest_route=%2Fwp%2Fv2%2Fmedia&parent=21368"}],"wp:term":[{"taxonomy":"category","embeddable":true,"href":"https:\/\/arantv.az\/index.php?rest_route=%2Fwp%2Fv2%2Fcategories&post=21368"},{"taxonomy":"post_tag","embeddable":true,"href":"https:\/\/arantv.az\/index.php?rest_route=%2Fwp%2Fv2%2Ftags&post=21368"}],"curies":[{"name":"wp","href":"https:\/\/api.w.org\/{rel}","templated":true}]}}