{"id":21374,"date":"2018-10-26T09:01:17","date_gmt":"2018-10-26T06:01:17","guid":{"rendered":"http:\/\/arantv.az\/?p=21374"},"modified":"2018-10-26T09:01:17","modified_gmt":"2018-10-26T06:01:17","slug":"bakida-faci%c9%99-24-yasli-oglanin-%c9%99li-amputasiya-edildi","status":"publish","type":"post","link":"https:\/\/arantv.az\/?p=21374","title":{"rendered":"Bak\u0131da faci\u0259 &#8211; 24 ya\u015fl\u0131 o\u011flan\u0131n \u0259li amputasiya edildi"},"content":{"rendered":"<p><strong>Bak\u0131dak\u0131 zavodlardan birind\u0259 b\u0259db\u0259xt hadis\u0259 ba\u015f verib.<\/strong><\/p>\n<p><strong>ARANTV.AZ<\/strong>\u00a0 x\u0259b\u0259r verir ki, Bil\u0259c\u0259ri q\u0259s\u0259b\u0259si As\u0259f Zeynall\u0131 k\u00fc\u00e7\u0259sind\u0259 yerl\u0259\u015f\u0259n sellofan torba fabrikind\u0259 i\u015fl\u0259y\u0259n 1994-c\u00fc il t\u0259v\u0259ll\u00fcdl\u00fc Babayev Q\u0259hr\u0259man Rasim o\u011flunun \u0259li ehtiyats\u0131zl\u0131qdan mikser qur\u011fusunun i\u00e7in\u0259 d\u00fc\u015f\u00fcb. A\u011f\u0131r x\u0259sar\u0259t alan 24 ya\u015fl\u0131 o\u011flan\u0131n sa\u011f \u0259li amputasiya edilib. Onun h\u0259yat\u0131na t\u0259hl\u00fck\u0259nin qalmad\u0131\u011f\u0131 bildirilir.<\/p>\n<p>Faktla ba\u011fl\u0131 ara\u015fd\u0131rma apar\u0131l\u0131r.<\/p>\n<p>publika.az<\/p>\n","protected":false},"excerpt":{"rendered":"<p>Bak\u0131dak\u0131 zavodlardan birind\u0259 b\u0259db\u0259xt hadis\u0259 ba\u015f verib. ARANTV.AZ\u00a0 x\u0259b\u0259r verir ki, Bil\u0259c\u0259ri q\u0259s\u0259b\u0259si As\u0259f Zeynall\u0131 k\u00fc\u00e7\u0259sind\u0259 yerl\u0259\u015f\u0259n sellofan torba fabrikind\u0259 i\u015fl\u0259y\u0259n 1994-c\u00fc il t\u0259v\u0259ll\u00fcdl\u00fc Babayev Q\u0259hr\u0259man Rasim o\u011flunun \u0259li ehtiyats\u0131zl\u0131qdan mikser qur\u011fusunun i\u00e7in\u0259 d\u00fc\u015f\u00fcb. A\u011f\u0131r x\u0259sar\u0259t alan 24 ya\u015fl\u0131 o\u011flan\u0131n sa\u011f \u0259li amputasiya edilib. Onun h\u0259yat\u0131na t\u0259hl\u00fck\u0259nin qalmad\u0131\u011f\u0131 bildirilir. Faktla ba\u011fl\u0131 ara\u015fd\u0131rma apar\u0131l\u0131r. publika.az<\/p>\n","protected":false},"author":2,"featured_media":21375,"comment_status":"closed","ping_status":"closed","sticky":false,"template":"","format":"standard","meta":{"om_disable_all_campaigns":false,"_monsterinsights_skip_tracking":false,"_monsterinsights_sitenote_active":false,"_monsterinsights_sitenote_note":"","_monsterinsights_sitenote_category":0},"categories":[5],"tags":[],"aioseo_notices":[],"gutentor_comment":0,"rttpg_featured_image_url":{"full":["https:\/\/arantv.az\/wp-content\/uploads\/2018\/10\/tecili-1.jpg",800,450,false],"landscape":["https:\/\/arantv.az\/wp-content\/uploads\/2018\/10\/tecili-1.jpg",800,450,false],"portraits":["https:\/\/arantv.az\/wp-content\/uploads\/2018\/10\/tecili-1.jpg",800,450,false],"thumbnail":["https:\/\/arantv.az\/wp-content\/uploads\/2018\/10\/tecili-1-150x150.jpg",150,150,true],"medium":["https:\/\/arantv.az\/wp-content\/uploads\/2018\/10\/tecili-1-300x169.jpg",300,169,true],"large":["https:\/\/arantv.az\/wp-content\/uploads\/2018\/10\/tecili-1.jpg",640,360,false],"1536x1536":["https:\/\/arantv.az\/wp-content\/uploads\/2018\/10\/tecili-1.jpg",800,450,false],"2048x2048":["https:\/\/arantv.az\/wp-content\/uploads\/2018\/10\/tecili-1.jpg",800,450,false],"post-thumbnail":["https:\/\/arantv.az\/wp-content\/uploads\/2018\/10\/tecili-1-240x172.jpg",240,172,true],"advps-thumb-one":["https:\/\/arantv.az\/wp-content\/uploads\/2018\/10\/tecili-1.jpg",800,450,false]},"rttpg_author":{"display_name":"V\u00fcsal Rafiqo\u011flu","author_link":"https:\/\/arantv.az\/?author=2"},"rttpg_comment":0,"rttpg_category":"<a href=\"https:\/\/arantv.az\/?cat=5\" rel=\"category\">Hadis\u0259<\/a>","rttpg_excerpt":"Bak\u0131dak\u0131 zavodlardan birind\u0259 b\u0259db\u0259xt hadis\u0259 ba\u015f verib. ARANTV.AZ\u00a0 x\u0259b\u0259r verir ki, Bil\u0259c\u0259ri q\u0259s\u0259b\u0259si As\u0259f Zeynall\u0131 k\u00fc\u00e7\u0259sind\u0259 yerl\u0259\u015f\u0259n sellofan torba fabrikind\u0259 i\u015fl\u0259y\u0259n 1994-c\u00fc il t\u0259v\u0259ll\u00fcdl\u00fc Babayev Q\u0259hr\u0259man Rasim o\u011flunun \u0259li ehtiyats\u0131zl\u0131qdan mikser qur\u011fusunun i\u00e7in\u0259 d\u00fc\u015f\u00fcb. A\u011f\u0131r x\u0259sar\u0259t alan 24 ya\u015fl\u0131 o\u011flan\u0131n sa\u011f \u0259li amputasiya edilib. Onun h\u0259yat\u0131na t\u0259hl\u00fck\u0259nin qalmad\u0131\u011f\u0131 bildirilir. Faktla ba\u011fl\u0131 ara\u015fd\u0131rma apar\u0131l\u0131r. publika.az","_links":{"self":[{"href":"https:\/\/arantv.az\/index.php?rest_route=\/wp\/v2\/posts\/21374"}],"collection":[{"href":"https:\/\/arantv.az\/index.php?rest_route=\/wp\/v2\/posts"}],"about":[{"href":"https:\/\/arantv.az\/index.php?rest_route=\/wp\/v2\/types\/post"}],"author":[{"embeddable":true,"href":"https:\/\/arantv.az\/index.php?rest_route=\/wp\/v2\/users\/2"}],"replies":[{"embeddable":true,"href":"https:\/\/arantv.az\/index.php?rest_route=%2Fwp%2Fv2%2Fcomments&post=21374"}],"version-history":[{"count":0,"href":"https:\/\/arantv.az\/index.php?rest_route=\/wp\/v2\/posts\/21374\/revisions"}],"wp:featuredmedia":[{"embeddable":true,"href":"https:\/\/arantv.az\/index.php?rest_route=\/wp\/v2\/media\/21375"}],"wp:attachment":[{"href":"https:\/\/arantv.az\/index.php?rest_route=%2Fwp%2Fv2%2Fmedia&parent=21374"}],"wp:term":[{"taxonomy":"category","embeddable":true,"href":"https:\/\/arantv.az\/index.php?rest_route=%2Fwp%2Fv2%2Fcategories&post=21374"},{"taxonomy":"post_tag","embeddable":true,"href":"https:\/\/arantv.az\/index.php?rest_route=%2Fwp%2Fv2%2Ftags&post=21374"}],"curies":[{"name":"wp","href":"https:\/\/api.w.org\/{rel}","templated":true}]}}