{"id":21387,"date":"2018-10-26T09:12:21","date_gmt":"2018-10-26T06:12:21","guid":{"rendered":"http:\/\/arantv.az\/?p=21387"},"modified":"2018-10-26T09:12:21","modified_gmt":"2018-10-26T06:12:21","slug":"isesco-nun-asan-mukafati-t%c9%99sis-olunub","status":"publish","type":"post","link":"https:\/\/arantv.az\/?p=21387","title":{"rendered":"\u201cISESCO-nun ASAN m\u00fckafat\u0131\u201d t\u0259sis olunub"},"content":{"rendered":"<p><strong>ARANTV.AZ<\/strong> x\u0259b\u0259r ve\u00fcrir ki, Prezident yan\u0131nda V\u0259t\u0259nda\u015flara Xidm\u0259t v\u0259 Sosial \u0130nnovasiyalar \u00fczr\u0259 D\u00f6vl\u0259t Agentliyi il\u0259 ISESCO aras\u0131nda Birg\u0259 \u018fm\u0259kda\u015fl\u0131q Proqram\u0131 imzalan\u0131b, \u201cISESCO-nun ASAN m\u00fckafat\u0131\u201d t\u0259sis olunub. Bununla ba\u011fl\u0131 ke\u00e7iril\u0259n m\u0259tbuat konfrans\u0131nda m\u0259lumat verilib.<\/p>\n<p>M\u0259tbuat konfrans\u0131nda Prezident yan\u0131nda V\u0259t\u0259nda\u015flara Xidm\u0259t v\u0259 Sosial \u0130nnovasiyalar \u00fczr\u0259 D\u00f6vl\u0259t Agentliyinin s\u0259dri \u00dclvi Mehdiyev bildirdi ki, \u0259m\u0259kda\u015fl\u0131q Proqram\u0131na \u0259sas\u0259n qabaqc\u0131l idar\u0259etm\u0259 \u00fczr\u0259 \u201cISESCO-nun ASAN m\u00fckafat\u0131\u201d \u00fczv d\u00f6vl\u0259tl\u0259rd\u0259 innovasiyalar\u0131 \u0259ks etdir\u0259n t\u0259cr\u00fcb\u0259l\u0259r \u00fc\u00e7\u00fcn t\u0259qdim edil\u0259c\u0259k. ISESCO-nun 2019-2021-ci ill\u0259r \u00fczr\u0259 \u00fc\u00e7illik F\u0259aliyy\u0259t Plan\u0131nda \u00fczv \u00f6lk\u0259l\u0259rd\u0259 sektoral idar\u0259\u00e7ilik mexanizminin inki\u015faf etdirilm\u0259si m\u0259qs\u0259dil\u0259 \u00f6lk\u0259mizin qabaqc\u0131l t\u0259cr\u00fcb\u0259si olan \u201cASAN xidm\u0259t\u201d modelind\u0259n faydalanmaq t\u00f6vsiy\u0259 olunub. \u0130SESCO-nun ba\u015f direktoru \u018fbd\u00fcl\u0259ziz Osman \u0259l-Tuveycri is\u0259 Az\u0259rbaycan modeli olan \u201cAsan\u201d xidm\u0259tin d\u00fcnyada m\u0259\u015fhur brend kimi tan\u0131nd\u0131\u011f\u0131n\u0131 diqq\u0259t\u0259 \u00e7atd\u0131rd\u0131. Vur\u011fuland\u0131 ki, D\u00f6vl\u0259t Agentliyi il\u0259 ISESCO aras\u0131nda \u0259m\u0259kda\u015fl\u0131\u011f\u0131n \u0259sas\u0131 \u00f6t\u0259n il xidm\u0259tl\u0259rin g\u00f6st\u0259rilm\u0259si sah\u0259sind\u0259 \u0259m\u0259kda\u015fl\u0131q haqq\u0131nda Anla\u015fma Memorandumunun imzalanmas\u0131 il\u0259 qoyulub. Sonda Prezident yan\u0131nda V\u0259t\u0259nda\u015flara Xidm\u0259t v\u0259 Sosial \u0130nnovasiyalar \u00fczr\u0259 D\u00f6vl\u0259t Agentliyi il\u0259 ISESCO aras\u0131nda Birg\u0259 \u018fm\u0259kda\u015fl\u0131q Proqram\u0131 imzaland\u0131.<\/p>\n","protected":false},"excerpt":{"rendered":"<p>ARANTV.AZ x\u0259b\u0259r ve\u00fcrir ki, Prezident yan\u0131nda V\u0259t\u0259nda\u015flara Xidm\u0259t v\u0259 Sosial \u0130nnovasiyalar \u00fczr\u0259 D\u00f6vl\u0259t Agentliyi il\u0259 ISESCO aras\u0131nda Birg\u0259 \u018fm\u0259kda\u015fl\u0131q Proqram\u0131 imzalan\u0131b, \u201cISESCO-nun ASAN m\u00fckafat\u0131\u201d t\u0259sis olunub. Bununla ba\u011fl\u0131 ke\u00e7iril\u0259n m\u0259tbuat konfrans\u0131nda m\u0259lumat verilib. M\u0259tbuat konfrans\u0131nda Prezident yan\u0131nda V\u0259t\u0259nda\u015flara Xidm\u0259t v\u0259 Sosial \u0130nnovasiyalar \u00fczr\u0259 D\u00f6vl\u0259t Agentliyinin s\u0259dri \u00dclvi Mehdiyev bildirdi ki, \u0259m\u0259kda\u015fl\u0131q Proqram\u0131na \u0259sas\u0259n qabaqc\u0131l idar\u0259etm\u0259 \u00fczr\u0259 \u201cISESCO-nun ASAN m\u00fckafat\u0131\u201d \u00fczv d\u00f6vl\u0259tl\u0259rd\u0259 innovasiyalar\u0131 \u0259ks etdir\u0259n t\u0259cr\u00fcb\u0259l\u0259r \u00fc\u00e7\u00fcn t\u0259qdim edil\u0259c\u0259k. ISESCO-nun 2019-2021-ci ill\u0259r \u00fczr\u0259 \u00fc\u00e7illik F\u0259aliyy\u0259t Plan\u0131nda \u00fczv \u00f6lk\u0259l\u0259rd\u0259 sektoral idar\u0259\u00e7ilik mexanizminin inki\u015faf etdirilm\u0259si m\u0259qs\u0259dil\u0259 \u00f6lk\u0259mizin qabaqc\u0131l t\u0259cr\u00fcb\u0259si olan \u201cASAN xidm\u0259t\u201d modelind\u0259n&hellip;<\/p>\n","protected":false},"author":2,"featured_media":21388,"comment_status":"closed","ping_status":"closed","sticky":false,"template":"","format":"standard","meta":{"om_disable_all_campaigns":false,"_monsterinsights_skip_tracking":false,"_monsterinsights_sitenote_active":false,"_monsterinsights_sitenote_note":"","_monsterinsights_sitenote_category":0},"categories":[1],"tags":[],"aioseo_notices":[],"gutentor_comment":0,"rttpg_featured_image_url":{"full":["https:\/\/arantv.az\/wp-content\/uploads\/2018\/10\/p678h4ldqjpksltghkd2i7qs15asan.jpg",1000,666,false],"landscape":["https:\/\/arantv.az\/wp-content\/uploads\/2018\/10\/p678h4ldqjpksltghkd2i7qs15asan.jpg",1000,666,false],"portraits":["https:\/\/arantv.az\/wp-content\/uploads\/2018\/10\/p678h4ldqjpksltghkd2i7qs15asan.jpg",1000,666,false],"thumbnail":["https:\/\/arantv.az\/wp-content\/uploads\/2018\/10\/p678h4ldqjpksltghkd2i7qs15asan-150x150.jpg",150,150,true],"medium":["https:\/\/arantv.az\/wp-content\/uploads\/2018\/10\/p678h4ldqjpksltghkd2i7qs15asan-300x200.jpg",300,200,true],"large":["https:\/\/arantv.az\/wp-content\/uploads\/2018\/10\/p678h4ldqjpksltghkd2i7qs15asan.jpg",640,426,false],"1536x1536":["https:\/\/arantv.az\/wp-content\/uploads\/2018\/10\/p678h4ldqjpksltghkd2i7qs15asan.jpg",1000,666,false],"2048x2048":["https:\/\/arantv.az\/wp-content\/uploads\/2018\/10\/p678h4ldqjpksltghkd2i7qs15asan.jpg",1000,666,false],"post-thumbnail":["https:\/\/arantv.az\/wp-content\/uploads\/2018\/10\/p678h4ldqjpksltghkd2i7qs15asan-240x172.jpg",240,172,true],"advps-thumb-one":["https:\/\/arantv.az\/wp-content\/uploads\/2018\/10\/p678h4ldqjpksltghkd2i7qs15asan-1000x620.jpg",1000,620,true]},"rttpg_author":{"display_name":"V\u00fcsal Rafiqo\u011flu","author_link":"https:\/\/arantv.az\/?author=2"},"rttpg_comment":0,"rttpg_category":"<a href=\"https:\/\/arantv.az\/?cat=1\" rel=\"category\">C\u0259miyy\u0259t<\/a>","rttpg_excerpt":"ARANTV.AZ x\u0259b\u0259r ve\u00fcrir ki, Prezident yan\u0131nda V\u0259t\u0259nda\u015flara Xidm\u0259t v\u0259 Sosial \u0130nnovasiyalar \u00fczr\u0259 D\u00f6vl\u0259t Agentliyi il\u0259 ISESCO aras\u0131nda Birg\u0259 \u018fm\u0259kda\u015fl\u0131q Proqram\u0131 imzalan\u0131b, \u201cISESCO-nun ASAN m\u00fckafat\u0131\u201d t\u0259sis olunub. Bununla ba\u011fl\u0131 ke\u00e7iril\u0259n m\u0259tbuat konfrans\u0131nda m\u0259lumat verilib. M\u0259tbuat konfrans\u0131nda Prezident yan\u0131nda V\u0259t\u0259nda\u015flara Xidm\u0259t v\u0259 Sosial \u0130nnovasiyalar \u00fczr\u0259 D\u00f6vl\u0259t Agentliyinin s\u0259dri \u00dclvi Mehdiyev bildirdi ki, \u0259m\u0259kda\u015fl\u0131q Proqram\u0131na \u0259sas\u0259n qabaqc\u0131l idar\u0259etm\u0259&hellip;","_links":{"self":[{"href":"https:\/\/arantv.az\/index.php?rest_route=\/wp\/v2\/posts\/21387"}],"collection":[{"href":"https:\/\/arantv.az\/index.php?rest_route=\/wp\/v2\/posts"}],"about":[{"href":"https:\/\/arantv.az\/index.php?rest_route=\/wp\/v2\/types\/post"}],"author":[{"embeddable":true,"href":"https:\/\/arantv.az\/index.php?rest_route=\/wp\/v2\/users\/2"}],"replies":[{"embeddable":true,"href":"https:\/\/arantv.az\/index.php?rest_route=%2Fwp%2Fv2%2Fcomments&post=21387"}],"version-history":[{"count":0,"href":"https:\/\/arantv.az\/index.php?rest_route=\/wp\/v2\/posts\/21387\/revisions"}],"wp:featuredmedia":[{"embeddable":true,"href":"https:\/\/arantv.az\/index.php?rest_route=\/wp\/v2\/media\/21388"}],"wp:attachment":[{"href":"https:\/\/arantv.az\/index.php?rest_route=%2Fwp%2Fv2%2Fmedia&parent=21387"}],"wp:term":[{"taxonomy":"category","embeddable":true,"href":"https:\/\/arantv.az\/index.php?rest_route=%2Fwp%2Fv2%2Fcategories&post=21387"},{"taxonomy":"post_tag","embeddable":true,"href":"https:\/\/arantv.az\/index.php?rest_route=%2Fwp%2Fv2%2Ftags&post=21387"}],"curies":[{"name":"wp","href":"https:\/\/api.w.org\/{rel}","templated":true}]}}