{"id":21393,"date":"2018-10-26T09:15:48","date_gmt":"2018-10-26T06:15:48","guid":{"rendered":"http:\/\/arantv.az\/?p=21393"},"modified":"2018-10-26T09:15:48","modified_gmt":"2018-10-26T06:15:48","slug":"ilham-%c9%99liyev-c%c9%99miyy%c9%99tin-inkisafinda-t%c9%99hsil-muhum-rol-oynayir","status":"publish","type":"post","link":"https:\/\/arantv.az\/?p=21393","title":{"rendered":"\u0130lham \u018fliyev: C\u0259miyy\u0259tin inki\u015faf\u0131nda t\u0259hsil m\u00fch\u00fcm rol oynay\u0131r"},"content":{"rendered":"<p>Az\u0259rbaycan Prezidenti\u00a0<strong>\u0130lham \u018fliyev\u00a0<\/strong>VI Bak\u0131 Beyn\u0259lxalq Humanitar Forumu \u00e7\u0259r\u00e7iv\u0259sind\u0259 ke\u00e7iril\u0259n \u201cG\u0259l\u0259c\u0259y\u0259 s\u0259rmay\u0259: davaml\u0131 v\u0259 inkl\u00fcziv inki\u015fafa do\u011fru\u201d adl\u0131 \u201cd\u0259yirmi masa\u201dn\u0131n i\u015ftirak\u00e7\u0131lar\u0131na m\u00fcraci\u0259t edib.<\/p>\n<p><strong>ARANTV.AZ<\/strong>-\u0131n m\u0259lumat\u0131na g\u00f6r\u0259, m\u00fcraci\u0259ti Az\u0259rbaycan Prezidenti Administrasiyas\u0131n\u0131n Xarici siyas\u0259t m\u0259s\u0259l\u0259l\u0259ri \u015f\u00f6b\u0259sinin m\u00fcdir m\u00fcavini\u00a0<strong>Hikm\u0259t Hac\u0131yev<\/strong>\u00a0oxuyub.<\/p>\n<p>\u201cH\u00f6rm\u0259tli t\u0259dbir i\u015ftirak\u00e7\u0131lar\u0131. Sizi s\u0259mimi q\u0259lbd\u0259n salamlay\u0131r v\u0259 Az\u0259rbaycan\u0131n \u018fcn\u0259bi M\u0259zunlar\u0131n\u0131n Beyn\u0259lxalq Assosiasiyas\u0131n\u0131n yarad\u0131lmas\u0131 m\u00fcnasib\u0259til\u0259 t\u0259brik edir\u0259m.<\/p>\n<div id=\"AdributorNativeVideo0\" class=\"AdributorNativeVideo\"><\/div>\n<p>S\u00fcr\u0259tl\u0259 qloballa\u015fan d\u00fcnyada h\u0259r bir f\u0259aliyy\u0259t sah\u0259si yeni ideyalar v\u0259 bax\u0131\u015flar t\u0259l\u0259b etm\u0259kl\u0259 g\u0259ncl\u0259rin elmi bilikl\u0259r\u0259 \u0259saslanan bacar\u0131q v\u0259 v\u0259rdi\u015fl\u0259r\u0259 yiy\u0259l\u0259nm\u0259sini lab\u00fcd edir. Buna g\u00f6r\u0259 d\u0259 c\u0259miyy\u0259tin inki\u015faf\u0131nda elm v\u0259 t\u0259hsil m\u00fch\u00fcm rol oynay\u0131r.<\/p>\n<p>T\u0259hsil Az\u0259rbaycan\u0131n d\u00f6vl\u0259t siyas\u0259tinin v\u0259 milli inki\u015faf strategiyas\u0131n\u0131n prioritet istiqam\u0259tl\u0259rind\u0259ndir:<\/p>\n<p>\u201cG\u0259ncl\u0259r siyas\u0259ti \u00e7\u0259r\u00e7iv\u0259sind\u0259 h\u0259yata ke\u00e7irdiyimiz bir \u00e7ox proqramlar m\u00f6vcud potensial\u0131n \u00fcz\u0259 \u00e7\u0131xar\u0131lmas\u0131, \u00f6lk\u0259mizin siyasi, iqtisadi v\u0259 sosial inki\u015faf\u0131na y\u00f6n\u0259ldilm\u0259si m\u0259qs\u0259dl\u0259rini da\u015f\u0131y\u0131r. T\u0259sad\u00fcfi deyildir ki, Az\u0259rbaycan Ekspo-2025 \u00fc\u00e7\u00fcn Bak\u0131n\u0131n namiz\u0259dliyini ir\u0259li s\u00fcr\u0259rk\u0259n \u201c\u0130nsan kapital\u0131n\u0131 inki\u015faf etdir\u0259r\u0259k daha yax\u015f\u0131 g\u0259l\u0259c\u0259k quraq\u201d m\u00f6vzusunu se\u00e7mi\u015fdir.<\/p>\n<p>Eyni zamanda, Az\u0259rbaycanda \u0259cn\u0259bi g\u0259ncl\u0259rin t\u0259hsili sah\u0259sind\u0259 xo\u015f \u0259n\u0259n\u0259l\u0259r m\u00f6vcuddur. Ali m\u0259kt\u0259bl\u0259rimizin qap\u0131lar\u0131 xarici \u00f6lk\u0259 v\u0259t\u0259nda\u015flar\u0131n\u0131n \u00fczl\u0259rin\u0259 h\u0259mi\u015f\u0259 a\u00e7\u0131q olmu\u015fdur. Bel\u0259 ki, ist\u0259r sovet d\u00f6vr\u00fcnd\u0259, ist\u0259rs\u0259 d\u0259 m\u00fcst\u0259qillik ill\u0259rind\u0259 on minl\u0259rl\u0259 \u0259cn\u0259bi g\u0259nc Az\u0259rbaycanda ali t\u0259hsil alm\u0131\u015f, \u0259n m\u00fcxt\u0259lif ixtisaslara yiy\u0259l\u0259nmi\u015fdir.<\/p>\n<p>Sevindirici hald\u0131r ki, bu g\u00fcn h\u0259min g\u0259ncl\u0259r \u00f6z \u00f6lk\u0259l\u0259rinin ictimai-siyasi h\u0259yat\u0131nda, sosial-iqtisadi inki\u015faf\u0131nda f\u0259al i\u015ftirak ed\u0259r\u0259k multikulturalizm m\u0259kan\u0131 olan Az\u0259rbaycanla m\u0259n\u0259vi k\u00f6rp\u00fc rolunu oynay\u0131rlar.<\/p>\n<p>Bu g\u00fcn biz xarici \u00f6lk\u0259 v\u0259t\u0259nda\u015flar\u0131n\u0131n Az\u0259rbaycanda t\u0259hsili \u00fc\u00e7\u00fcn yeni-yeni t\u0259\u015f\u0259bb\u00fcsl\u0259ri ir\u0259li s\u00fcr\u00fcr v\u0259 ger\u00e7\u0259kl\u0259\u015fdiririk. T\u0259kc\u0259 onu dem\u0259k kifay\u0259tdir ki, \u00f6lk\u0259miz \u0130slam \u018fm\u0259kda\u015fl\u0131q T\u0259\u015fkilat\u0131na, el\u0259c\u0259 d\u0259 g\u0259l\u0259n ild\u0259n s\u0259drlik ed\u0259c\u0259yi Qo\u015fulmama H\u0259r\u0259kat\u0131na \u00fczv \u00f6lk\u0259l\u0259rin v\u0259t\u0259nda\u015flar\u0131n\u0131n ali m\u0259kt\u0259bl\u0259rimizd\u0259 t\u0259hsili m\u0259qs\u0259dil\u0259 qrant proqramlar\u0131 t\u0259sis etmi\u015fdir v\u0259 bu proqramlar m\u00fcv\u0259ff\u0259qiyy\u0259tl\u0259 h\u0259yata ke\u00e7irilir.<\/p>\n<p>\u00dcmidvaram ki, Az\u0259rbaycanda t\u0259hsil alm\u0131\u015f \u0259cn\u0259bi m\u0259zunlar\u0131n ilk g\u00f6r\u00fc\u015f\u00fcn\u00fcn i\u015ftirak\u00e7\u0131s\u0131 kimi, siz yenid\u0259n Bak\u0131ya g\u0259lm\u0259kd\u0259n m\u0259mnun qalacaq, t\u0259l\u0259b\u0259lik \u00e7a\u011flar\u0131n\u0131zla ba\u011fl\u0131 olan paytaxt\u0131m\u0131zdan v\u0259t\u0259niniz\u0259 \u0259n xo\u015f t\u0259\u0259ss\u00fcratlarla d\u00f6n\u0259c\u0259k, \u00f6lk\u0259l\u0259rimiz v\u0259 xalqlar\u0131m\u0131z aras\u0131nda dostluq v\u0259 \u0259m\u0259kda\u015fl\u0131\u011f\u0131n daha da m\u00f6hk\u0259ml\u0259nm\u0259sin\u0259 t\u00f6hf\u0259l\u0259r ver\u0259c\u0259ksiniz.<\/p>\n<p>Siz\u0259 cansa\u011fl\u0131\u011f\u0131, i\u015fl\u0259rinizd\u0259 u\u011furlar dil\u0259yir\u0259m\u201d, &#8211; dey\u0259 m\u00fcraci\u0259td\u0259 bildirilir.<\/p>\n<p>oxu.az<\/p>\n","protected":false},"excerpt":{"rendered":"<p>Az\u0259rbaycan Prezidenti\u00a0\u0130lham \u018fliyev\u00a0VI Bak\u0131 Beyn\u0259lxalq Humanitar Forumu \u00e7\u0259r\u00e7iv\u0259sind\u0259 ke\u00e7iril\u0259n \u201cG\u0259l\u0259c\u0259y\u0259 s\u0259rmay\u0259: davaml\u0131 v\u0259 inkl\u00fcziv inki\u015fafa do\u011fru\u201d adl\u0131 \u201cd\u0259yirmi masa\u201dn\u0131n i\u015ftirak\u00e7\u0131lar\u0131na m\u00fcraci\u0259t edib. ARANTV.AZ-\u0131n m\u0259lumat\u0131na g\u00f6r\u0259, m\u00fcraci\u0259ti Az\u0259rbaycan Prezidenti Administrasiyas\u0131n\u0131n Xarici siyas\u0259t m\u0259s\u0259l\u0259l\u0259ri \u015f\u00f6b\u0259sinin m\u00fcdir m\u00fcavini\u00a0Hikm\u0259t Hac\u0131yev\u00a0oxuyub. \u201cH\u00f6rm\u0259tli t\u0259dbir i\u015ftirak\u00e7\u0131lar\u0131. Sizi s\u0259mimi q\u0259lbd\u0259n salamlay\u0131r v\u0259 Az\u0259rbaycan\u0131n \u018fcn\u0259bi M\u0259zunlar\u0131n\u0131n Beyn\u0259lxalq Assosiasiyas\u0131n\u0131n yarad\u0131lmas\u0131 m\u00fcnasib\u0259til\u0259 t\u0259brik edir\u0259m. S\u00fcr\u0259tl\u0259 qloballa\u015fan d\u00fcnyada h\u0259r bir f\u0259aliyy\u0259t sah\u0259si yeni ideyalar v\u0259 bax\u0131\u015flar t\u0259l\u0259b etm\u0259kl\u0259 g\u0259ncl\u0259rin elmi bilikl\u0259r\u0259 \u0259saslanan bacar\u0131q v\u0259 v\u0259rdi\u015fl\u0259r\u0259 yiy\u0259l\u0259nm\u0259sini lab\u00fcd edir. Buna g\u00f6r\u0259 d\u0259 c\u0259miyy\u0259tin inki\u015faf\u0131nda elm v\u0259 t\u0259hsil m\u00fch\u00fcm rol oynay\u0131r. T\u0259hsil Az\u0259rbaycan\u0131n d\u00f6vl\u0259t&hellip;<\/p>\n","protected":false},"author":2,"featured_media":21394,"comment_status":"closed","ping_status":"closed","sticky":false,"template":"","format":"standard","meta":{"om_disable_all_campaigns":false,"_monsterinsights_skip_tracking":false,"_monsterinsights_sitenote_active":false,"_monsterinsights_sitenote_note":"","_monsterinsights_sitenote_category":0},"categories":[8],"tags":[],"aioseo_notices":[],"gutentor_comment":0,"rttpg_featured_image_url":{"full":["https:\/\/arantv.az\/wp-content\/uploads\/2018\/10\/714c5a4a-8fb9-4650-bbd7-e2e493ba0933.jpg",620,432,false],"landscape":["https:\/\/arantv.az\/wp-content\/uploads\/2018\/10\/714c5a4a-8fb9-4650-bbd7-e2e493ba0933.jpg",620,432,false],"portraits":["https:\/\/arantv.az\/wp-content\/uploads\/2018\/10\/714c5a4a-8fb9-4650-bbd7-e2e493ba0933.jpg",620,432,false],"thumbnail":["https:\/\/arantv.az\/wp-content\/uploads\/2018\/10\/714c5a4a-8fb9-4650-bbd7-e2e493ba0933-150x150.jpg",150,150,true],"medium":["https:\/\/arantv.az\/wp-content\/uploads\/2018\/10\/714c5a4a-8fb9-4650-bbd7-e2e493ba0933-300x209.jpg",300,209,true],"large":["https:\/\/arantv.az\/wp-content\/uploads\/2018\/10\/714c5a4a-8fb9-4650-bbd7-e2e493ba0933.jpg",620,432,false],"1536x1536":["https:\/\/arantv.az\/wp-content\/uploads\/2018\/10\/714c5a4a-8fb9-4650-bbd7-e2e493ba0933.jpg",620,432,false],"2048x2048":["https:\/\/arantv.az\/wp-content\/uploads\/2018\/10\/714c5a4a-8fb9-4650-bbd7-e2e493ba0933.jpg",620,432,false],"post-thumbnail":["https:\/\/arantv.az\/wp-content\/uploads\/2018\/10\/714c5a4a-8fb9-4650-bbd7-e2e493ba0933-240x172.jpg",240,172,true],"advps-thumb-one":["https:\/\/arantv.az\/wp-content\/uploads\/2018\/10\/714c5a4a-8fb9-4650-bbd7-e2e493ba0933.jpg",620,432,false]},"rttpg_author":{"display_name":"V\u00fcsal Rafiqo\u011flu","author_link":"https:\/\/arantv.az\/?author=2"},"rttpg_comment":0,"rttpg_category":"<a href=\"https:\/\/arantv.az\/?cat=8\" rel=\"category\">\u018fsas s\u0259hif\u0259<\/a>","rttpg_excerpt":"Az\u0259rbaycan Prezidenti\u00a0\u0130lham \u018fliyev\u00a0VI Bak\u0131 Beyn\u0259lxalq Humanitar Forumu \u00e7\u0259r\u00e7iv\u0259sind\u0259 ke\u00e7iril\u0259n \u201cG\u0259l\u0259c\u0259y\u0259 s\u0259rmay\u0259: davaml\u0131 v\u0259 inkl\u00fcziv inki\u015fafa do\u011fru\u201d adl\u0131 \u201cd\u0259yirmi masa\u201dn\u0131n i\u015ftirak\u00e7\u0131lar\u0131na m\u00fcraci\u0259t edib. ARANTV.AZ-\u0131n m\u0259lumat\u0131na g\u00f6r\u0259, m\u00fcraci\u0259ti Az\u0259rbaycan Prezidenti Administrasiyas\u0131n\u0131n Xarici siyas\u0259t m\u0259s\u0259l\u0259l\u0259ri \u015f\u00f6b\u0259sinin m\u00fcdir m\u00fcavini\u00a0Hikm\u0259t Hac\u0131yev\u00a0oxuyub. \u201cH\u00f6rm\u0259tli t\u0259dbir i\u015ftirak\u00e7\u0131lar\u0131. Sizi s\u0259mimi q\u0259lbd\u0259n salamlay\u0131r v\u0259 Az\u0259rbaycan\u0131n \u018fcn\u0259bi M\u0259zunlar\u0131n\u0131n Beyn\u0259lxalq Assosiasiyas\u0131n\u0131n yarad\u0131lmas\u0131 m\u00fcnasib\u0259til\u0259 t\u0259brik edir\u0259m. S\u00fcr\u0259tl\u0259 qloballa\u015fan&hellip;","_links":{"self":[{"href":"https:\/\/arantv.az\/index.php?rest_route=\/wp\/v2\/posts\/21393"}],"collection":[{"href":"https:\/\/arantv.az\/index.php?rest_route=\/wp\/v2\/posts"}],"about":[{"href":"https:\/\/arantv.az\/index.php?rest_route=\/wp\/v2\/types\/post"}],"author":[{"embeddable":true,"href":"https:\/\/arantv.az\/index.php?rest_route=\/wp\/v2\/users\/2"}],"replies":[{"embeddable":true,"href":"https:\/\/arantv.az\/index.php?rest_route=%2Fwp%2Fv2%2Fcomments&post=21393"}],"version-history":[{"count":0,"href":"https:\/\/arantv.az\/index.php?rest_route=\/wp\/v2\/posts\/21393\/revisions"}],"wp:featuredmedia":[{"embeddable":true,"href":"https:\/\/arantv.az\/index.php?rest_route=\/wp\/v2\/media\/21394"}],"wp:attachment":[{"href":"https:\/\/arantv.az\/index.php?rest_route=%2Fwp%2Fv2%2Fmedia&parent=21393"}],"wp:term":[{"taxonomy":"category","embeddable":true,"href":"https:\/\/arantv.az\/index.php?rest_route=%2Fwp%2Fv2%2Fcategories&post=21393"},{"taxonomy":"post_tag","embeddable":true,"href":"https:\/\/arantv.az\/index.php?rest_route=%2Fwp%2Fv2%2Ftags&post=21393"}],"curies":[{"name":"wp","href":"https:\/\/api.w.org\/{rel}","templated":true}]}}