{"id":21396,"date":"2018-10-26T09:17:49","date_gmt":"2018-10-26T06:17:49","guid":{"rendered":"http:\/\/arantv.az\/?p=21396"},"modified":"2018-10-26T09:17:49","modified_gmt":"2018-10-26T06:17:49","slug":"turkiy%c9%99d%c9%99-29-oktyabra-planlasdirilmis-terrorun-qarsisi-alindi","status":"publish","type":"post","link":"https:\/\/arantv.az\/?p=21396","title":{"rendered":"T\u00fcrkiy\u0259d\u0259 29 oktyabra planla\u015fd\u0131r\u0131lm\u0131\u015f terrorun qar\u015f\u0131s\u0131 al\u0131nd\u0131"},"content":{"rendered":"<p>T\u00fcrkiy\u0259nin Adana vilay\u0259tind\u0259 terror akt\u0131n\u0131n qar\u015f\u0131s\u0131 al\u0131n\u0131b.<\/p>\n<p><strong>ARANTV.AZ<\/strong> trend-\u0259 istinad\u0259n x\u0259b\u0259r verir ki, terror hadis\u0259sinin \u0130\u015e\u0130D terror t\u0259\u015fkilat\u0131 t\u0259r\u0259find\u0259n t\u0259\u015fkil edildiyi v\u0259 29 oktyabr &#8211; T\u00fcrkiy\u0259 Respublika G\u00fcn\u00fcn\u0259 realla\u015fd\u0131r\u0131laca\u011f\u0131 deyilir.<\/p>\n<p>M\u0259lumata g\u00f6r\u0259, terror \u0259leyhin\u0259 ke\u00e7iril\u0259n \u0259m\u0259liyyat \u00e7\u0259r\u00e7iv\u0259sind\u0259 \u0130\u015e\u0130D-in 6 \u00fczv\u00fc saxlan\u0131l\u0131b, saxlan\u0131lanlardan bir n\u0259f\u0259rin qad\u0131n oldu\u011fu qeyd edilir.<\/p>\n<div id=\"AdributorNativeVideo0\" class=\"AdributorNativeVideo\"><\/div>\n<p>Saxlan\u0131lanlar\u0131n kimliyi v\u0259 v\u0259t\u0259nda\u015fl\u0131\u011f\u0131 a\u00e7\u0131qlanm\u0131r.<\/p>\n","protected":false},"excerpt":{"rendered":"<p>T\u00fcrkiy\u0259nin Adana vilay\u0259tind\u0259 terror akt\u0131n\u0131n qar\u015f\u0131s\u0131 al\u0131n\u0131b. ARANTV.AZ trend-\u0259 istinad\u0259n x\u0259b\u0259r verir ki, terror hadis\u0259sinin \u0130\u015e\u0130D terror t\u0259\u015fkilat\u0131 t\u0259r\u0259find\u0259n t\u0259\u015fkil edildiyi v\u0259 29 oktyabr &#8211; T\u00fcrkiy\u0259 Respublika G\u00fcn\u00fcn\u0259 realla\u015fd\u0131r\u0131laca\u011f\u0131 deyilir. M\u0259lumata g\u00f6r\u0259, terror \u0259leyhin\u0259 ke\u00e7iril\u0259n \u0259m\u0259liyyat \u00e7\u0259r\u00e7iv\u0259sind\u0259 \u0130\u015e\u0130D-in 6 \u00fczv\u00fc saxlan\u0131l\u0131b, saxlan\u0131lanlardan bir n\u0259f\u0259rin qad\u0131n oldu\u011fu qeyd edilir. Saxlan\u0131lanlar\u0131n kimliyi v\u0259 v\u0259t\u0259nda\u015fl\u0131\u011f\u0131 a\u00e7\u0131qlanm\u0131r.<\/p>\n","protected":false},"author":2,"featured_media":21397,"comment_status":"closed","ping_status":"closed","sticky":false,"template":"","format":"standard","meta":{"om_disable_all_campaigns":false,"_monsterinsights_skip_tracking":false,"_monsterinsights_sitenote_active":false,"_monsterinsights_sitenote_note":"","_monsterinsights_sitenote_category":0},"categories":[7],"tags":[],"aioseo_notices":[],"gutentor_comment":0,"rttpg_featured_image_url":{"full":["https:\/\/arantv.az\/wp-content\/uploads\/2018\/10\/turk_polis_3rfh576767-2.jpg",800,600,false],"landscape":["https:\/\/arantv.az\/wp-content\/uploads\/2018\/10\/turk_polis_3rfh576767-2.jpg",800,600,false],"portraits":["https:\/\/arantv.az\/wp-content\/uploads\/2018\/10\/turk_polis_3rfh576767-2.jpg",800,600,false],"thumbnail":["https:\/\/arantv.az\/wp-content\/uploads\/2018\/10\/turk_polis_3rfh576767-2-150x150.jpg",150,150,true],"medium":["https:\/\/arantv.az\/wp-content\/uploads\/2018\/10\/turk_polis_3rfh576767-2-300x225.jpg",300,225,true],"large":["https:\/\/arantv.az\/wp-content\/uploads\/2018\/10\/turk_polis_3rfh576767-2.jpg",640,480,false],"1536x1536":["https:\/\/arantv.az\/wp-content\/uploads\/2018\/10\/turk_polis_3rfh576767-2.jpg",800,600,false],"2048x2048":["https:\/\/arantv.az\/wp-content\/uploads\/2018\/10\/turk_polis_3rfh576767-2.jpg",800,600,false],"post-thumbnail":["https:\/\/arantv.az\/wp-content\/uploads\/2018\/10\/turk_polis_3rfh576767-2-240x172.jpg",240,172,true],"advps-thumb-one":["https:\/\/arantv.az\/wp-content\/uploads\/2018\/10\/turk_polis_3rfh576767-2.jpg",800,600,false]},"rttpg_author":{"display_name":"V\u00fcsal Rafiqo\u011flu","author_link":"https:\/\/arantv.az\/?author=2"},"rttpg_comment":0,"rttpg_category":"<a href=\"https:\/\/arantv.az\/?cat=7\" rel=\"category\">D\u00fcnya<\/a>","rttpg_excerpt":"T\u00fcrkiy\u0259nin Adana vilay\u0259tind\u0259 terror akt\u0131n\u0131n qar\u015f\u0131s\u0131 al\u0131n\u0131b. ARANTV.AZ trend-\u0259 istinad\u0259n x\u0259b\u0259r verir ki, terror hadis\u0259sinin \u0130\u015e\u0130D terror t\u0259\u015fkilat\u0131 t\u0259r\u0259find\u0259n t\u0259\u015fkil edildiyi v\u0259 29 oktyabr &#8211; T\u00fcrkiy\u0259 Respublika G\u00fcn\u00fcn\u0259 realla\u015fd\u0131r\u0131laca\u011f\u0131 deyilir. M\u0259lumata g\u00f6r\u0259, terror \u0259leyhin\u0259 ke\u00e7iril\u0259n \u0259m\u0259liyyat \u00e7\u0259r\u00e7iv\u0259sind\u0259 \u0130\u015e\u0130D-in 6 \u00fczv\u00fc saxlan\u0131l\u0131b, saxlan\u0131lanlardan bir n\u0259f\u0259rin qad\u0131n oldu\u011fu qeyd edilir. Saxlan\u0131lanlar\u0131n kimliyi v\u0259 v\u0259t\u0259nda\u015fl\u0131\u011f\u0131 a\u00e7\u0131qlanm\u0131r.","_links":{"self":[{"href":"https:\/\/arantv.az\/index.php?rest_route=\/wp\/v2\/posts\/21396"}],"collection":[{"href":"https:\/\/arantv.az\/index.php?rest_route=\/wp\/v2\/posts"}],"about":[{"href":"https:\/\/arantv.az\/index.php?rest_route=\/wp\/v2\/types\/post"}],"author":[{"embeddable":true,"href":"https:\/\/arantv.az\/index.php?rest_route=\/wp\/v2\/users\/2"}],"replies":[{"embeddable":true,"href":"https:\/\/arantv.az\/index.php?rest_route=%2Fwp%2Fv2%2Fcomments&post=21396"}],"version-history":[{"count":0,"href":"https:\/\/arantv.az\/index.php?rest_route=\/wp\/v2\/posts\/21396\/revisions"}],"wp:featuredmedia":[{"embeddable":true,"href":"https:\/\/arantv.az\/index.php?rest_route=\/wp\/v2\/media\/21397"}],"wp:attachment":[{"href":"https:\/\/arantv.az\/index.php?rest_route=%2Fwp%2Fv2%2Fmedia&parent=21396"}],"wp:term":[{"taxonomy":"category","embeddable":true,"href":"https:\/\/arantv.az\/index.php?rest_route=%2Fwp%2Fv2%2Fcategories&post=21396"},{"taxonomy":"post_tag","embeddable":true,"href":"https:\/\/arantv.az\/index.php?rest_route=%2Fwp%2Fv2%2Ftags&post=21396"}],"curies":[{"name":"wp","href":"https:\/\/api.w.org\/{rel}","templated":true}]}}