{"id":21403,"date":"2018-10-26T09:21:28","date_gmt":"2018-10-26T06:21:28","guid":{"rendered":"http:\/\/arantv.az\/?p=21403"},"modified":"2018-10-26T09:21:28","modified_gmt":"2018-10-26T06:21:28","slug":"mehriban-%c9%99liyeva-aprel-doyuscusunun-mualic%c9%99sini-n%c9%99zar%c9%99t%c9%99-goturdu","status":"publish","type":"post","link":"https:\/\/arantv.az\/?p=21403","title":{"rendered":"Mehriban \u018fliyeva Aprel d\u00f6y\u00fc\u015f\u00e7\u00fcs\u00fcn\u00fcn m\u00fcalic\u0259sini n\u0259zar\u0259t\u0259 g\u00f6t\u00fcrd\u00fc"},"content":{"rendered":"<p>Birinci vitse-prezident, Heyd\u0259r \u018fliyev Fondunun prezidenti Mehriban \u018fliyeva Qaraba\u011f qazisi Qo\u015fqar Hac\u0131yevin m\u00fcalic\u0259sini n\u0259zar\u0259t\u0259 g\u00f6t\u00fcr\u00fcb.<\/p>\n<p><b>ARANTV.AZ\u00a0<\/b>\u00a0x\u0259b\u0259r verir ki, bu bar\u0259d\u0259 Milli M\u0259clisin deputat\u0131 Q\u0259nir\u0259 Pa\u015fayeva m\u0259lumat yay\u0131b.<\/p>\n<p>&#8220;\u00d6lk\u0259mizin Birinci vitse-prezidenti Mehriban xan\u0131m \u018fliyevan\u0131n h\u0259r zaman \u015f\u0259hid ail\u0259l\u0259rimiz\u0259 v\u0259 qazil\u0259rimiz\u0259 g\u00f6st\u0259rdiyi b\u00f6y\u00fck diqq\u0259ti \u00f6lk\u0259mizd\u0259 insanlar\u0131m\u0131z\u0131n, dem\u0259k olar ki, ham\u0131s\u0131 bilirl\u0259r. \u015e\u0259hid ail\u0259l\u0259rimiz, qazil\u0259rimizl\u0259 g\u00f6r\u00fc\u015fl\u0259rd\u0259, bir s\u0131ra \u00e7\u0131x\u0131\u015flar\u0131nda da h\u0259r zaman insanlar\u0131m\u0131z\u0131 \u015f\u0259hid ail\u0259l\u0259rin\u0259 v\u0259 qazil\u0259r\u0259 diqq\u0259t v\u0259 qay\u011f\u0131 g\u00f6st\u0259rm\u0259y\u0259 \u00e7a\u011f\u0131r\u0131b. Bir \u00e7oxlar\u0131 bilm\u0259s\u0259 d\u0259, qeyd etm\u0259liy\u0259m ki, a\u011f\u0131r yaralanm\u0131\u015f qazimiz, Qo\u015fqar qarda\u015f\u0131m\u0131z birba\u015fa Mehriban xan\u0131m\u0131n diqq\u0259t v\u0259 qay\u011f\u0131s\u0131 n\u0259tic\u0259sind\u0259 T\u00fcrkiy\u0259nin &#8220;G\u00fclhan\u0259&#8221; h\u0259rbi hospital\u0131na g\u00f6nd\u0259rilib v\u0259 onun m\u00fcalic\u0259si birba\u015fa Mehriban xan\u0131m\u0131n n\u0259zar\u0259ti alt\u0131nda olub. Mehriban xan\u0131m\u0131n r\u0259hb\u0259rlik etdiyi Heyd\u0259r \u018fliyev Fondunun d\u0259st\u0259yil\u0259 Qo\u015fqar qarda\u015f\u0131m\u0131z G\u00fclhan\u0259 h\u0259rbi hospital\u0131nda \u0259m\u0259liyyat olunub v\u0259 1 il 1 ay m\u00fcdd\u0259tind\u0259 orada qalaraq laz\u0131mi m\u00fcalic\u0259l\u0259ri al\u0131b&#8221;, &#8211; dey\u0259 Q\u0259nir\u0259 Pa\u015fayeva bildirib.<\/p>\n<div id=\"AdributorNativeVideo0\" class=\"AdributorNativeVideo\"><\/div>\n<p>Deputat qeyd edib ki, bu m\u00fcdd\u0259t \u0259rzind\u0259 o h\u0259r zaman diqq\u0259t alt\u0131nda olub v\u0259 b\u00fct\u00fcn d\u0259st\u0259yi Mehriban \u018fliyeva g\u00f6st\u0259rib: &#8220;Bak\u0131ya qay\u0131td\u0131qdan sonra H\u0259rbi Hospitalda m\u00fcalic\u0259si davam etdirilib. Qo\u015fqar qarda\u015f\u0131m\u0131z a\u011f\u0131r yaral\u0131d\u0131r v\u0259 bir m\u00fcdd\u0259t \u0259vv\u0259l v\u0259ziyy\u0259tind\u0259 yenid\u0259n a\u011f\u0131rla\u015fma ba\u015f verib v\u0259 ail\u0259si bundan \u00e7ox narahat olub. V\u0259ziyy\u0259tin a\u011f\u0131rla\u015fmas\u0131 fonunda b\u0259zi \u015f\u0259xsl\u0259rin v\u0259 ya g\u00fccl\u0259rin ail\u0259nin narahatl\u0131\u011f\u0131n\u0131 \u201cd\u00f6vl\u0259t qazisin\u0259 sahib \u00e7\u0131xm\u0131r\u201d v\u0259 s. kimi do\u011fru olmayan, sad\u0259c\u0259 d\u00fc\u015fm\u0259ni sevindir\u0259n m\u0259lumatlarla payla\u015fmas\u0131n\u0131 \u00fcz\u00fcnt\u00fc il\u0259 v\u0259 ciddi narahatl\u0131qla izl\u0259dik\u201d.<\/p>\n<p>Mill\u0259t v\u0259kili vur\u011fulay\u0131b ki, bu, d\u00f6vl\u0259timizin maraqlar\u0131na z\u0259rb\u0259 vuran v\u0259 d\u00fc\u015fm\u0259n sevindir\u0259n add\u0131mlard\u0131r: \u201cDig\u0259r t\u0259r\u0259fd\u0259n, h\u0259r zaman qazimizin yan\u0131nda olan o insanlara haqs\u0131zl\u0131q edildiyini g\u00f6rd\u00fcy\u00fcm v\u0259 onlar\u0131n da \u00e7\u0131x\u0131b \u0259slind\u0259 qazimiz\u0259 h\u0259r zaman d\u0259st\u0259k olduqlar\u0131n\u0131 s\u00f6yl\u0259m\u0259y\u0259c\u0259kl\u0259rini bildiyim \u00fc\u00e7\u00fcn bunlar\u0131 qeyd edir\u0259m. \u00c7\u00fcnki Mehriban xan\u0131m v\u0259 r\u0259hb\u0259rlik etdiyi kollektiv \u015f\u0259hid ail\u0259l\u0259rimiz v\u0259 qazil\u0259rimiz\u0259 d\u0259st\u0259yi h\u0259r zaman \u00f6zl\u0259rin\u0259 bir borc say\u0131rlar v\u0259 bu istiqam\u0259td\u0259 g\u00f6rd\u00fckl\u0259ri i\u015fl\u0259rl\u0259 ba\u011fl\u0131 m\u0259tbuata, ad\u0259t\u0259n, m\u0259lumatlar vermirl\u0259r\u201d.<\/p>\n<p>Mill\u0259t v\u0259kili Qo\u015fqar Hac\u0131yevl\u0259 ba\u011fl\u0131 m\u0259lumat alan kimi H\u0259rbi Hospitala getdiyini, hospital\u0131n r\u0259hb\u0259ri il\u0259 ail\u0259 \u00fczvl\u0259rinin, qazinin dostlar\u0131n\u0131n i\u015ftirak\u0131 il\u0259 v\u0259ziyy\u0259ti m\u00fczakir\u0259 etdiyini bildirib:\u201cAil\u0259si qazimizin yenid\u0259n qarda\u015f T\u00fcrkiy\u0259y\u0259 g\u00f6nd\u0259rilm\u0259sini xahi\u015f etdi. Bu m\u0259s\u0259l\u0259ni Birinci vitse-prezidentimiz Mehriban xan\u0131m \u018fliyevan\u0131n k\u00f6m\u0259k\u00e7isi, Heyd\u0259r \u018fliyev Fondunun direktoru Anar m\u00fc\u0259llim\u0259 \u00e7atd\u0131randa onun dediyi s\u00f6z &#8220;H\u0259r zaman qazimizin yan\u0131nday\u0131q&#8221; oldu. Sonra z\u0259ng ed\u0259r\u0259k bildirdi ki, ail\u0259si narahat olmas\u0131n, qazimizl\u0259 ba\u011fl\u0131 Mehriban xan\u0131m b\u00fct\u00fcn laz\u0131mi d\u0259st\u0259yin g\u00f6st\u0259rilm\u0259sini tap\u015f\u0131r\u0131b v\u0259 bu d\u0259st\u0259k g\u00f6st\u0259ril\u0259c\u0259k. \u201cG\u00fclhan\u0259\u201d il\u0259 dan\u0131\u015f\u0131qlara ba\u015flan\u0131ld\u0131. C\u0259mi bir ne\u00e7\u0259 saat sonra is\u0259 qazimizin qarda\u015f\u0131 \u0130lqar b\u0259y z\u0259ng ed\u0259r\u0259k, Qo\u015fqar qarda\u015f\u0131m\u0131z\u0131 \u201cG\u00fclhan\u0259\u201dd\u0259 m\u00fcalic\u0259 ed\u0259n h\u0259kiml\u0259rin Bak\u0131da EGE Hospitalda \u00e7al\u0131\u015fd\u0131qlar\u0131 bar\u0259d\u0259 m\u0259lumat ald\u0131qlar\u0131n\u0131 v\u0259 Qo\u015fqar b\u0259yin T\u00fcrkiy\u0259y\u0259 getm\u0259sini d\u0259 m\u0259hz bu h\u0259kiml\u0259r \u00fc\u00e7\u00fcn rica etdikl\u0259rini bildir\u0259r\u0259k, \u201cH\u0259min h\u0259kiml\u0259r Bak\u0131da \u00e7al\u0131\u015f\u0131rsa, T\u00fcrkiy\u0259y\u0259 ehtiyac yoxdur, EGE Hospitalda h\u0259min h\u0259kiml\u0259rin n\u0259zar\u0259tind\u0259 m\u00fcalic\u0259 ala bil\u0259r\u201d dedi. Qo\u015fqar qarda\u015f\u0131m\u0131z art\u0131q h\u0259min x\u0259st\u0259xanaya k\u00f6\u00e7\u00fcr\u00fcl\u00fcb. Bu bar\u0259d\u0259 davaml\u0131 olaraq Qo\u015fqar b\u0259yin v\u0259ziyy\u0259ti il\u0259 maraqlanan Anar b\u0259y\u0259 m\u0259lumat verildi v\u0259 o, Mehriban xan\u0131m\u0131n qazimizin m\u00fcalic\u0259si il\u0259 ba\u011fl\u0131 ciddi tap\u015f\u0131r\u0131qlar verdiyini, diqq\u0259td\u0259 saxlad\u0131\u011f\u0131n\u0131 v\u0259 b\u00fct\u00fcn d\u0259st\u0259kl\u0259rin m\u00fcalic\u0259 d\u00f6vr\u00fcnd\u0259 g\u00f6st\u0259ril\u0259c\u0259yini bildirdi. Bu g\u00fcn EGE Hospitalda h\u0259m Qo\u015fqar qarda\u015f\u0131m\u0131z\u0131 ziyar\u0259t etdik, h\u0259m ail\u0259si il\u0259 birlikd\u0259 T\u00fcrkiy\u0259d\u0259n g\u0259lmi\u015f h\u0259kiml\u0259rl\u0259, x\u0259st\u0259xana r\u0259hb\u0259rliyi il\u0259 g\u00f6r\u00fc\u015fd\u00fck. \u201cMehriban xan\u0131m\u0131n h\u0259r zaman qazil\u0259rimiz\u0259 d\u0259st\u0259yi bizim \u00fc\u00e7\u00fcn d\u0259 \u00f6rn\u0259kdir\u201d dedil\u0259r v\u0259 Heyd\u0259r \u018fliyev Fondundan n\u00fcmay\u0259nd\u0259l\u0259rin g\u0259ldiyini, h\u0259m qazimizin v\u0259ziyy\u0259ti il\u0259 maraqland\u0131qlar\u0131n\u0131, h\u0259m d\u0259 g\u0259r\u0259k\u0259n b\u00fct\u00fcn d\u0259st\u0259yin Mehriban xan\u0131m\u0131n tap\u015f\u0131r\u0131\u011f\u0131 il\u0259 g\u00f6st\u0259ril\u0259c\u0259yini s\u00f6yl\u0259dikl\u0259rini bildirdil\u0259r. Qazimizin \u0259ziz anas\u0131 v\u0259 b\u00fct\u00fcn ail\u0259si Mehriban xan\u0131m\u0131n diqq\u0259tind\u0259n \u00e7ox raz\u0131 qald\u0131lar v\u0259 t\u0259\u015f\u0259kk\u00fcrl\u0259rini s\u00f6yl\u0259m\u0259mizi xahi\u015f etdil\u0259r. M\u0259n d\u0259 \u00f6z ad\u0131mdan v\u0259 Qo\u015fqar qarda\u015f\u0131m\u0131z\u0131 s\u00f6z\u00fcn \u0259sl m\u0259nas\u0131nda d\u00fc\u015f\u00fcn\u0259n b\u00fct\u00fcn insanlar ad\u0131ndan Mehriban xan\u0131ma bir daha g\u00f6z\u0259l add\u0131m\u0131 v\u0259 \u00f6rn\u0259yi \u00fc\u00e7\u00fcn t\u0259\u015f\u0259kk\u00fcr edir\u0259m. Yen\u0259 g\u00f6z\u0259l bir add\u0131mla h\u0259r birimiz\u0259 \u00f6rn\u0259k oldu. Anar m\u00fc\u0259llim\u0259, EGE Hospitala, t\u00fcrkiy\u0259li h\u0259kiml\u0259r\u0259 qazimiz\u0259 diqq\u0259tl\u0259ri v\u0259 qay\u011f\u0131lar\u0131 \u00fc\u00e7\u00fcn t\u0259\u015f\u0259kk\u00fcr edir\u0259m. \u00c7ox a\u011f\u0131r v\u0259ziyy\u0259td\u0259 olan Qo\u015fqar qarda\u015f\u0131m\u0131z\u0131n v\u0259ziyy\u0259tind\u0259 bir az da olsa, m\u00fcsb\u0259t ir\u0259lil\u0259yi\u015f var. Allah yard\u0131m\u00e7\u0131s\u0131 olsun v\u0259 dualar\u0131n\u0131z\u0131 \u0259skik etm\u0259yin\u201d.<\/p>\n<p>Mill\u0259t v\u0259kili bildirib ki, bu yaz\u0131dan sonra Qo\u015fqarla ba\u011fl\u0131 sad\u0259c\u0259 d\u00fc\u015fm\u0259n sevindir\u0259n \u015f\u0259kil v\u0259 yaz\u0131lar payla\u015fanlar onlar\u0131 s\u0259hif\u0259l\u0259rind\u0259n \u00e7\u0131xaraca\u011f\u0131na inan\u0131r: \u201cD\u00f6vl\u0259timizi qorumaq ham\u0131m\u0131z\u0131n borcudur. Qazimizin h\u0259r zaman yan\u0131nday\u0131q. Dualar\u0131n\u0131z\u0131 bol edin. Bu g\u00fcn reanimasiyada qap\u0131dan anas\u0131, qarda\u015f\u0131, d\u00f6y\u00fc\u015f dostu Razi b\u0259y v\u0259 dig\u0259r dostlarla onunla q\u0131sa s\u00f6hb\u0259t etm\u0259y\u0259 \u00e7al\u0131\u015fd\u0131q, onun \u00fc\u00e7\u00fcn dualar etdiyimizi s\u00f6yl\u0259dik. Cavab ver\u0259 bilm\u0259s\u0259 d\u0259, bizi duydu\u011funu hiss etm\u0259k \u00e7\u0259tin deyildi. Allah yard\u0131m\u00e7\u0131s\u0131 olsun. Allah ail\u0259sin\u0259 d\u0259 h\u0259r zaman k\u00f6m\u0259k olsun\u201d.<br \/>\n<img class=\"imgbcodecent\" src=\"https:\/\/upload.az\/foto\/arxiv\/qosqar.jpg\" alt=\"Mehriban \u018fliyeva Aprel d\u00f6y\u00fc\u015f\u00e7\u00fcs\u00fcn\u00fcn m\u00fcalic\u0259sini n\u0259zar\u0259t\u0259 g\u00f6t\u00fcrd\u00fc\" \/><\/p>\n<p>big.az<\/p>\n","protected":false},"excerpt":{"rendered":"<p>Birinci vitse-prezident, Heyd\u0259r \u018fliyev Fondunun prezidenti Mehriban \u018fliyeva Qaraba\u011f qazisi Qo\u015fqar Hac\u0131yevin m\u00fcalic\u0259sini n\u0259zar\u0259t\u0259 g\u00f6t\u00fcr\u00fcb. ARANTV.AZ\u00a0\u00a0x\u0259b\u0259r verir ki, bu bar\u0259d\u0259 Milli M\u0259clisin deputat\u0131 Q\u0259nir\u0259 Pa\u015fayeva m\u0259lumat yay\u0131b. &#8220;\u00d6lk\u0259mizin Birinci vitse-prezidenti Mehriban xan\u0131m \u018fliyevan\u0131n h\u0259r zaman \u015f\u0259hid ail\u0259l\u0259rimiz\u0259 v\u0259 qazil\u0259rimiz\u0259 g\u00f6st\u0259rdiyi b\u00f6y\u00fck diqq\u0259ti \u00f6lk\u0259mizd\u0259 insanlar\u0131m\u0131z\u0131n, dem\u0259k olar ki, ham\u0131s\u0131 bilirl\u0259r. \u015e\u0259hid ail\u0259l\u0259rimiz, qazil\u0259rimizl\u0259 g\u00f6r\u00fc\u015fl\u0259rd\u0259, bir s\u0131ra \u00e7\u0131x\u0131\u015flar\u0131nda da h\u0259r zaman insanlar\u0131m\u0131z\u0131 \u015f\u0259hid ail\u0259l\u0259rin\u0259 v\u0259 qazil\u0259r\u0259 diqq\u0259t v\u0259 qay\u011f\u0131 g\u00f6st\u0259rm\u0259y\u0259 \u00e7a\u011f\u0131r\u0131b. Bir \u00e7oxlar\u0131 bilm\u0259s\u0259 d\u0259, qeyd etm\u0259liy\u0259m ki, a\u011f\u0131r yaralanm\u0131\u015f qazimiz, Qo\u015fqar qarda\u015f\u0131m\u0131z birba\u015fa Mehriban xan\u0131m\u0131n diqq\u0259t v\u0259 qay\u011f\u0131s\u0131 n\u0259tic\u0259sind\u0259 T\u00fcrkiy\u0259nin &#8220;G\u00fclhan\u0259&#8221;&hellip;<\/p>\n","protected":false},"author":2,"featured_media":21404,"comment_status":"closed","ping_status":"closed","sticky":false,"template":"","format":"standard","meta":{"om_disable_all_campaigns":false,"_monsterinsights_skip_tracking":false,"_monsterinsights_sitenote_active":false,"_monsterinsights_sitenote_note":"","_monsterinsights_sitenote_category":0},"categories":[19],"tags":[],"aioseo_notices":[],"gutentor_comment":0,"rttpg_featured_image_url":{"full":["https:\/\/arantv.az\/wp-content\/uploads\/2018\/10\/Snimok_81540534467-1.jpg",438,377,false],"landscape":["https:\/\/arantv.az\/wp-content\/uploads\/2018\/10\/Snimok_81540534467-1.jpg",438,377,false],"portraits":["https:\/\/arantv.az\/wp-content\/uploads\/2018\/10\/Snimok_81540534467-1.jpg",438,377,false],"thumbnail":["https:\/\/arantv.az\/wp-content\/uploads\/2018\/10\/Snimok_81540534467-1-150x150.jpg",150,150,true],"medium":["https:\/\/arantv.az\/wp-content\/uploads\/2018\/10\/Snimok_81540534467-1-300x258.jpg",300,258,true],"large":["https:\/\/arantv.az\/wp-content\/uploads\/2018\/10\/Snimok_81540534467-1.jpg",438,377,false],"1536x1536":["https:\/\/arantv.az\/wp-content\/uploads\/2018\/10\/Snimok_81540534467-1.jpg",438,377,false],"2048x2048":["https:\/\/arantv.az\/wp-content\/uploads\/2018\/10\/Snimok_81540534467-1.jpg",438,377,false],"post-thumbnail":["https:\/\/arantv.az\/wp-content\/uploads\/2018\/10\/Snimok_81540534467-1-240x172.jpg",240,172,true],"advps-thumb-one":["https:\/\/arantv.az\/wp-content\/uploads\/2018\/10\/Snimok_81540534467-1.jpg",438,377,false]},"rttpg_author":{"display_name":"V\u00fcsal Rafiqo\u011flu","author_link":"https:\/\/arantv.az\/?author=2"},"rttpg_comment":0,"rttpg_category":"<a href=\"https:\/\/arantv.az\/?cat=19\" rel=\"category\">G\u00fcnd\u0259m<\/a>","rttpg_excerpt":"Birinci vitse-prezident, Heyd\u0259r \u018fliyev Fondunun prezidenti Mehriban \u018fliyeva Qaraba\u011f qazisi Qo\u015fqar Hac\u0131yevin m\u00fcalic\u0259sini n\u0259zar\u0259t\u0259 g\u00f6t\u00fcr\u00fcb. ARANTV.AZ\u00a0\u00a0x\u0259b\u0259r verir ki, bu bar\u0259d\u0259 Milli M\u0259clisin deputat\u0131 Q\u0259nir\u0259 Pa\u015fayeva m\u0259lumat yay\u0131b. &#8220;\u00d6lk\u0259mizin Birinci vitse-prezidenti Mehriban xan\u0131m \u018fliyevan\u0131n h\u0259r zaman \u015f\u0259hid ail\u0259l\u0259rimiz\u0259 v\u0259 qazil\u0259rimiz\u0259 g\u00f6st\u0259rdiyi b\u00f6y\u00fck diqq\u0259ti \u00f6lk\u0259mizd\u0259 insanlar\u0131m\u0131z\u0131n, dem\u0259k olar ki, ham\u0131s\u0131 bilirl\u0259r. \u015e\u0259hid ail\u0259l\u0259rimiz, qazil\u0259rimizl\u0259 g\u00f6r\u00fc\u015fl\u0259rd\u0259, bir s\u0131ra&hellip;","_links":{"self":[{"href":"https:\/\/arantv.az\/index.php?rest_route=\/wp\/v2\/posts\/21403"}],"collection":[{"href":"https:\/\/arantv.az\/index.php?rest_route=\/wp\/v2\/posts"}],"about":[{"href":"https:\/\/arantv.az\/index.php?rest_route=\/wp\/v2\/types\/post"}],"author":[{"embeddable":true,"href":"https:\/\/arantv.az\/index.php?rest_route=\/wp\/v2\/users\/2"}],"replies":[{"embeddable":true,"href":"https:\/\/arantv.az\/index.php?rest_route=%2Fwp%2Fv2%2Fcomments&post=21403"}],"version-history":[{"count":0,"href":"https:\/\/arantv.az\/index.php?rest_route=\/wp\/v2\/posts\/21403\/revisions"}],"wp:featuredmedia":[{"embeddable":true,"href":"https:\/\/arantv.az\/index.php?rest_route=\/wp\/v2\/media\/21404"}],"wp:attachment":[{"href":"https:\/\/arantv.az\/index.php?rest_route=%2Fwp%2Fv2%2Fmedia&parent=21403"}],"wp:term":[{"taxonomy":"category","embeddable":true,"href":"https:\/\/arantv.az\/index.php?rest_route=%2Fwp%2Fv2%2Fcategories&post=21403"},{"taxonomy":"post_tag","embeddable":true,"href":"https:\/\/arantv.az\/index.php?rest_route=%2Fwp%2Fv2%2Ftags&post=21403"}],"curies":[{"name":"wp","href":"https:\/\/api.w.org\/{rel}","templated":true}]}}