{"id":21557,"date":"2018-10-26T15:24:26","date_gmt":"2018-10-26T12:24:26","guid":{"rendered":"http:\/\/arantv.az\/?p=21557"},"modified":"2018-10-26T15:24:26","modified_gmt":"2018-10-26T12:24:26","slug":"plastik-qablardan-istifad%c9%99-azaldilacaq-nazirlik-aciqladi","status":"publish","type":"post","link":"https:\/\/arantv.az\/?p=21557","title":{"rendered":"Plastik qablardan istifad\u0259 azald\u0131lacaq &#8211; NAZ\u0130RL\u0130K A\u00c7IQLADI"},"content":{"rendered":"<p><strong>Ekologiya v\u0259 T\u0259bii S\u0259rv\u0259tl\u0259r Nazirliyi \u00f6lk\u0259d\u0259 plastik qablardan istifad\u0259nin azald\u0131lmas\u0131 il\u0259 ba\u011fl\u0131 t\u0259dbirl\u0259r\u0259 ba\u015flay\u0131b.<\/strong><\/p>\n<p><strong>ARANTV.AZ<\/strong> trend-\u0259 istinad\u0259n x\u0259b\u0259r verir ki, bu bar\u0259d\u0259 nazirlikd\u0259 ke\u00e7iril\u0259n m\u0259tbuat konfrans\u0131nda qurumun Ekoloji maarifl\u0259ndirm\u0259 v\u0259 ictimaiyy\u0259tl\u0259 \u0259laq\u0259l\u0259r \u015f\u00f6b\u0259sinin m\u00fcdiri Umayra Ta\u011f\u0131yeva deyib.<\/p>\n<p>Onun s\u00f6zl\u0259rin\u0259 g\u00f6r\u0259, haz\u0131rda bununla ba\u011fl\u0131 t\u0259dbirl\u0259r haz\u0131rlan\u0131r: &#8220;Bildiyiniz kimi, Avropa Parlamenti t\u0259r\u0259find\u0259n plastik qabla\u015fd\u0131rma m\u0259hsullar\u0131n\u0131n qada\u011fan olunmas\u0131 il\u0259 ba\u011fl\u0131 q\u0259rar q\u0259bul olunub. Q\u0259rara g\u00f6r\u0259 plastik m\u0259hsullar\u0131n istifad\u0259si 2021-ci il\u0259d\u0259k qada\u011fan olunmal\u0131d\u0131r.<\/p>\n<p>\u00d6lk\u0259mizd\u0259 d\u0259 bu istiqam\u0259td\u0259 art\u0131q m\u00fc\u0259yy\u0259n i\u015fl\u0259r g\u00f6r\u00fclm\u0259kd\u0259dir. Bel\u0259 ki, Nazirlik t\u0259r\u0259find\u0259n kompleks t\u0259dbirl\u0259r plan\u0131 haz\u0131rlan\u0131r.<\/p>\n<p>Bu m\u0259qs\u0259dl\u0259 prosesin ilkin m\u0259rh\u0259l\u0259sind\u0259 ictimai r\u0259yin \u00f6yr\u0259nilm\u0259si \u00fc\u00e7\u00fcn \u0259hali aras\u0131nda sor\u011fu ke\u00e7irilm\u0259si planla\u015fd\u0131r\u0131l\u0131r.<\/p>\n<p>\u018flb\u0259tt\u0259 ki, bu t\u0259dbirl\u0259r b\u00fct\u00fcn t\u0259r\u0259fl\u0259rin maraqlar\u0131n\u0131 n\u0259z\u0259r\u0259 al\u0131naraq m\u0259rh\u0259l\u0259li \u015f\u0259kild\u0259 h\u0259yata ke\u00e7iril\u0259c\u0259kdir.<\/p>\n<p>Toplanma v\u0259 \u00e7e\u015fidl\u0259nm\u0259 i\u015fl\u0259rin\u0259 \u0259halini c\u0259lb etm\u0259k \u00fc\u00e7\u00fcn bug\u00fcn\u0259d\u0259k Ekologiya v\u0259 T\u0259bii S\u0259rv\u0259tl\u0259r Nazirliyinin t\u0259\u015f\u0259bb\u00fcs\u00fc il\u0259 ba\u015flan\u0131lan kampaniya \u00e7\u0259r\u00e7iv\u0259sind\u0259 \u00fcmumilikd\u0259 35 \u015f\u0259h\u0259r v\u0259 rayon \u00fczr\u0259 plastik qablar\u0131n toplanmas\u0131 v\u0259 \u00e7e\u015fidl\u0259nm\u0259si \u00fc\u00e7\u00fcn 100-d\u0259k konteyner yerl\u0259\u015fdirilib.<br \/>\nYerl\u0259\u015fdiril\u0259n konteynerl\u0259rd\u0259n 32 \u0259d\u0259di ETSN, 50 \u0259d\u0259di Rayon \u0130cra Hakimiyy\u0259tl\u0259ri, 12 \u0259d\u0259di yerli sahibkarlar, 2 \u0259d\u0259di is\u0259 AzEkol t\u0259r\u0259find\u0259n haz\u0131rlan\u0131b&#8221;.<\/p>\n<p>U.Ta\u011f\u0131yeva deyib ki, \u00f6lk\u0259d\u0259 ekoloji probleml\u0259r t\u0259k plastik tullant\u0131larla ba\u011fl\u0131 deyil, eyni zamanda h\u0259m m\u0259i\u015f\u0259td\u0259, h\u0259m tikintid\u0259, h\u0259m d\u0259 karxanalar\u0131n f\u0259aliyy\u0259ti zaman\u0131 \u0259m\u0259l\u0259 g\u0259l\u0259n v\u0259 d\u00fczg\u00fcn idar\u0259 olunmayan tullant\u0131larla ba\u011fl\u0131d\u0131r: &#8220;Ab\u015feron yar\u0131madas\u0131n\u0131n land\u015faft\u0131 bildiyiniz kimi toz miqdar\u0131n\u0131n \u00e7ox olmas\u0131 \u00fc\u00e7\u00fcn s\u0259ciyy\u0259vi \u0259razil\u0259rd\u0259n biridir. T\u0259bii \u015f\u0259raitl\u0259 yana\u015f\u0131 antropogen t\u0259sir bu v\u0259ziyy\u0259ti daha da g\u0259rginl\u0259\u015fdirir.<\/p>\n<div id=\"AdributorNativeVideo0\" class=\"AdributorNativeVideo\"><\/div>\n<p>N\u00f6vb\u0259ti d\u0259f\u0259 d\u00fcn\u0259n Ab\u015feron yar\u0131madas\u0131nda c\u0259nub-q\u0259rb k\u00fcl\u0259yinin g\u00fccl\u0259nm\u0259si n\u0259tic\u0259sind\u0259 atmosfer havas\u0131nda tozun miqdar\u0131n\u0131n normadan 3 d\u0259f\u0259y\u0259d\u0259k \u00e7ox olmas\u0131 qeyd\u0259 al\u0131n\u0131b&#8221;.<\/p>\n<p>\u015e\u00f6b\u0259 m\u00fcdiri bildirib ki, nazirlik t\u0259r\u0259find\u0259n bu sah\u0259d\u0259 apar\u0131lan operativ monitorinq i\u015fl\u0259ri s\u00fcbut etdi ki, bel\u0259 v\u0259ziyy\u0259in yaranmas\u0131na s\u0259b\u0259b Qarada\u011f rayonu \u0259razisind\u0259 yerl\u0259\u015f\u0259n karxanalard\u0131r: &#8220;H\u0259m tikintid\u0259, h\u0259m d\u0259 da\u015f karxanalar\u0131n\u0131n f\u0259aliyy\u0259ti zaman\u0131 ekoloji v\u0259 tikinti qaydalar\u0131na riay\u0259t olunmamas\u0131 yol verilm\u0259zdir.<\/p>\n<p>T\u0259\u0259ss\u00fcfl\u0259 qeyd edirik ki, ETSN t\u0259r\u0259find\u0259n da\u015f karxanalar\u0131n\u0131n sahibl\u0259rin\u0259 i\u015fl\u0259rind\u0259 d\u00f6n\u00fc\u015f yaratmalar\u0131 \u00fc\u00e7\u00fcn m\u00fc\u0259yy\u0259n m\u00fcdd\u0259t verilm\u0259sin\u0259 baxmayaraq, onlar bu vaxta q\u0259d\u0259r v\u0259ziyy\u0259ti yax\u015f\u0131la\u015fd\u0131rmaq \u00fc\u00e7\u00fcn bir add\u0131m bel\u0259 atmay\u0131blar.<\/p>\n<p>Bu sah\u0259d\u0259 qabaqc\u0131l \u00f6lk\u0259l\u0259rd\u0259 istifad\u0259 olunan texnologiyalar bizd\u0259 d\u0259 t\u0259tbiq olunmal\u0131d\u0131r.<\/p>\n<p>\u018ftraf m\u00fchit\u0259 antropogen t\u0259siri azaltmaq \u00f6z \u0259limizd\u0259dir, \u00e7\u00fcnki bu diyarda sahibkarla b\u0259rab\u0259r ham\u0131m\u0131z ya\u015fay\u0131r\u0131q v\u0259 atmosferd\u0259 olan toz onunla birg\u0259 ham\u0131ya t\u0259sir edir.<\/p>\n<p>ETSN-nin t\u0259miz bir m\u00fchitd\u0259 ya\u015famaq namin\u0259 h\u0259yata ke\u00e7irdiyi t\u0259dbirl\u0259r\u0259 d\u0259st\u0259k ver\u0259n h\u0259r bir v\u0259t\u0259nda\u015fa t\u0259\u015f\u0259kk\u00fcr edir v\u0259 ictimaiyy\u0259ti ekoloji v\u0259ziyy\u0259tin yax\u015f\u0131la\u015fd\u0131r\u0131lmas\u0131nda f\u0259al olma\u011fa \u00e7a\u011f\u0131r\u0131r\u0131q&#8221;.<\/p>\n","protected":false},"excerpt":{"rendered":"<p>Ekologiya v\u0259 T\u0259bii S\u0259rv\u0259tl\u0259r Nazirliyi \u00f6lk\u0259d\u0259 plastik qablardan istifad\u0259nin azald\u0131lmas\u0131 il\u0259 ba\u011fl\u0131 t\u0259dbirl\u0259r\u0259 ba\u015flay\u0131b. ARANTV.AZ trend-\u0259 istinad\u0259n x\u0259b\u0259r verir ki, bu bar\u0259d\u0259 nazirlikd\u0259 ke\u00e7iril\u0259n m\u0259tbuat konfrans\u0131nda qurumun Ekoloji maarifl\u0259ndirm\u0259 v\u0259 ictimaiyy\u0259tl\u0259 \u0259laq\u0259l\u0259r \u015f\u00f6b\u0259sinin m\u00fcdiri Umayra Ta\u011f\u0131yeva deyib. Onun s\u00f6zl\u0259rin\u0259 g\u00f6r\u0259, haz\u0131rda bununla ba\u011fl\u0131 t\u0259dbirl\u0259r haz\u0131rlan\u0131r: &#8220;Bildiyiniz kimi, Avropa Parlamenti t\u0259r\u0259find\u0259n plastik qabla\u015fd\u0131rma m\u0259hsullar\u0131n\u0131n qada\u011fan olunmas\u0131 il\u0259 ba\u011fl\u0131 q\u0259rar q\u0259bul olunub. Q\u0259rara g\u00f6r\u0259 plastik m\u0259hsullar\u0131n istifad\u0259si 2021-ci il\u0259d\u0259k qada\u011fan olunmal\u0131d\u0131r. \u00d6lk\u0259mizd\u0259 d\u0259 bu istiqam\u0259td\u0259 art\u0131q m\u00fc\u0259yy\u0259n i\u015fl\u0259r g\u00f6r\u00fclm\u0259kd\u0259dir. Bel\u0259 ki, Nazirlik t\u0259r\u0259find\u0259n kompleks t\u0259dbirl\u0259r plan\u0131 haz\u0131rlan\u0131r. Bu m\u0259qs\u0259dl\u0259 prosesin ilkin m\u0259rh\u0259l\u0259sind\u0259&hellip;<\/p>\n","protected":false},"author":2,"featured_media":21558,"comment_status":"closed","ping_status":"closed","sticky":false,"template":"","format":"standard","meta":{"om_disable_all_campaigns":false,"_monsterinsights_skip_tracking":false,"_monsterinsights_sitenote_active":false,"_monsterinsights_sitenote_note":"","_monsterinsights_sitenote_category":0},"categories":[1],"tags":[],"aioseo_notices":[],"gutentor_comment":0,"rttpg_featured_image_url":{"full":["https:\/\/arantv.az\/wp-content\/uploads\/2018\/10\/698142.jpg",800,600,false],"landscape":["https:\/\/arantv.az\/wp-content\/uploads\/2018\/10\/698142.jpg",800,600,false],"portraits":["https:\/\/arantv.az\/wp-content\/uploads\/2018\/10\/698142.jpg",800,600,false],"thumbnail":["https:\/\/arantv.az\/wp-content\/uploads\/2018\/10\/698142-150x150.jpg",150,150,true],"medium":["https:\/\/arantv.az\/wp-content\/uploads\/2018\/10\/698142-300x225.jpg",300,225,true],"large":["https:\/\/arantv.az\/wp-content\/uploads\/2018\/10\/698142.jpg",640,480,false],"1536x1536":["https:\/\/arantv.az\/wp-content\/uploads\/2018\/10\/698142.jpg",800,600,false],"2048x2048":["https:\/\/arantv.az\/wp-content\/uploads\/2018\/10\/698142.jpg",800,600,false],"post-thumbnail":["https:\/\/arantv.az\/wp-content\/uploads\/2018\/10\/698142-240x172.jpg",240,172,true],"advps-thumb-one":["https:\/\/arantv.az\/wp-content\/uploads\/2018\/10\/698142.jpg",800,600,false]},"rttpg_author":{"display_name":"V\u00fcsal Rafiqo\u011flu","author_link":"https:\/\/arantv.az\/?author=2"},"rttpg_comment":0,"rttpg_category":"<a href=\"https:\/\/arantv.az\/?cat=1\" rel=\"category\">C\u0259miyy\u0259t<\/a>","rttpg_excerpt":"Ekologiya v\u0259 T\u0259bii S\u0259rv\u0259tl\u0259r Nazirliyi \u00f6lk\u0259d\u0259 plastik qablardan istifad\u0259nin azald\u0131lmas\u0131 il\u0259 ba\u011fl\u0131 t\u0259dbirl\u0259r\u0259 ba\u015flay\u0131b. ARANTV.AZ trend-\u0259 istinad\u0259n x\u0259b\u0259r verir ki, bu bar\u0259d\u0259 nazirlikd\u0259 ke\u00e7iril\u0259n m\u0259tbuat konfrans\u0131nda qurumun Ekoloji maarifl\u0259ndirm\u0259 v\u0259 ictimaiyy\u0259tl\u0259 \u0259laq\u0259l\u0259r \u015f\u00f6b\u0259sinin m\u00fcdiri Umayra Ta\u011f\u0131yeva deyib. Onun s\u00f6zl\u0259rin\u0259 g\u00f6r\u0259, haz\u0131rda bununla ba\u011fl\u0131 t\u0259dbirl\u0259r haz\u0131rlan\u0131r: &#8220;Bildiyiniz kimi, Avropa Parlamenti t\u0259r\u0259find\u0259n plastik qabla\u015fd\u0131rma m\u0259hsullar\u0131n\u0131n qada\u011fan olunmas\u0131&hellip;","_links":{"self":[{"href":"https:\/\/arantv.az\/index.php?rest_route=\/wp\/v2\/posts\/21557"}],"collection":[{"href":"https:\/\/arantv.az\/index.php?rest_route=\/wp\/v2\/posts"}],"about":[{"href":"https:\/\/arantv.az\/index.php?rest_route=\/wp\/v2\/types\/post"}],"author":[{"embeddable":true,"href":"https:\/\/arantv.az\/index.php?rest_route=\/wp\/v2\/users\/2"}],"replies":[{"embeddable":true,"href":"https:\/\/arantv.az\/index.php?rest_route=%2Fwp%2Fv2%2Fcomments&post=21557"}],"version-history":[{"count":0,"href":"https:\/\/arantv.az\/index.php?rest_route=\/wp\/v2\/posts\/21557\/revisions"}],"wp:featuredmedia":[{"embeddable":true,"href":"https:\/\/arantv.az\/index.php?rest_route=\/wp\/v2\/media\/21558"}],"wp:attachment":[{"href":"https:\/\/arantv.az\/index.php?rest_route=%2Fwp%2Fv2%2Fmedia&parent=21557"}],"wp:term":[{"taxonomy":"category","embeddable":true,"href":"https:\/\/arantv.az\/index.php?rest_route=%2Fwp%2Fv2%2Fcategories&post=21557"},{"taxonomy":"post_tag","embeddable":true,"href":"https:\/\/arantv.az\/index.php?rest_route=%2Fwp%2Fv2%2Ftags&post=21557"}],"curies":[{"name":"wp","href":"https:\/\/api.w.org\/{rel}","templated":true}]}}