{"id":21563,"date":"2018-10-26T15:47:13","date_gmt":"2018-10-26T12:47:13","guid":{"rendered":"http:\/\/arantv.az\/?p=21563"},"modified":"2018-10-26T15:47:13","modified_gmt":"2018-10-26T12:47:13","slug":"spiker-minsk-qrupu-25-ild%c9%99-normal-bir-s%c9%99n%c9%99d-cixara-bilm%c9%99yib","status":"publish","type":"post","link":"https:\/\/arantv.az\/?p=21563","title":{"rendered":"Spiker: Minsk qrupu 25 ild\u0259 normal bir s\u0259n\u0259d \u00e7\u0131xara bilm\u0259yib"},"content":{"rendered":"<p>Oktyabr\u0131n 26-da Milli M\u0259clisin (MM) s\u0259dri<strong>\u00a0Oqtay \u018fs\u0259dov\u00a0<\/strong>AT\u018fT-in f\u0259aliyy\u0259td\u0259 olan s\u0259drinin C\u0259nubi Qafqaz regionu \u00fczr\u0259 yeni t\u0259yin edilmi\u015f x\u00fcsusi n\u00fcmay\u0259nd\u0259si, s\u0259fir<strong>\u00a0Rudolf Mihalka<\/strong>n\u0131n ba\u015f\u00e7\u0131l\u0131q etdiyi n\u00fcmay\u0259nd\u0259 hey\u0259ti il\u0259 g\u00f6r\u00fc\u015f\u00fcb.<\/p>\n<p><strong>ARANTV.AZ<\/strong>\u00a0x\u0259b\u0259r verir ki, g\u00f6r\u00fc\u015fd\u0259 Az\u0259rbaycanla AT\u018fT aras\u0131nda \u0259m\u0259kda\u015fl\u0131q m\u0259s\u0259l\u0259l\u0259rin\u0259 dair m\u00fczakir\u0259l\u0259r apar\u0131l\u0131b.<\/p>\n<p>O.\u018fs\u0259dov Az\u0259rbaycan\u0131n n\u00fcfuzlu beyn\u0259lxalq t\u0259\u015fkilatlarla, o c\u00fcml\u0259d\u0259n AT\u018fT-l\u0259 \u0259laq\u0259l\u0259rin inki\u015faf\u0131na \u00f6n\u0259m verdiyini qeyd edib.<\/p>\n<div id=\"AdributorNativeVideo0\" class=\"AdributorNativeVideo\"><\/div>\n<p>O, \u00fcmidvar oldu\u011funu bildirib ki, AT\u018fT-in f\u0259aliyy\u0259td\u0259 olan s\u0259drinin C\u0259nubi Qafqaz regionu \u00fczr\u0259 yeni t\u0259yin edilmi\u015f x\u00fcsusi n\u00fcmay\u0259nd\u0259si \u0259m\u0259kda\u015fl\u0131\u011f\u0131n d\u0259rinl\u0259\u015fm\u0259si \u00fc\u00e7\u00fcn s\u0259yl\u0259 \u00e7al\u0131\u015facaq.<\/p>\n<p>Spiker qeyd edib ki, dinamik inki\u015faf ed\u0259n Az\u0259rbaycan bu g\u00fcn regional v\u0259 qlobal layih\u0259l\u0259rin realla\u015fmas\u0131nda f\u0259al i\u015ftirak edir:<\/p>\n<p>\u201c\u00d6lk\u0259mizin i\u015ftirak\u00e7\u0131s\u0131 oldu\u011fu v\u0259 \u0130p\u0259k Yolunun m\u00fch\u00fcm hiss\u0259sini t\u0259\u015fkil ed\u0259n \u015e\u0259rq-Q\u0259rb, o c\u00fcml\u0259d\u0259n \u015eimal-C\u0259nub beyn\u0259lxalq n\u0259qliyyat d\u0259hlizl\u0259rinin v\u0259 n\u0259qliyyat mar\u015frutlar\u0131n\u0131n inki\u015faf\u0131 \u00fc\u00e7\u00fcn \u0259m\u0259li add\u0131mlar at\u0131l\u0131r\u201d.<\/p>\n<p>Parlamentin s\u0259dri Erm\u0259nistan-Az\u0259rbaycan m\u00fcnaqi\u015f\u0259si bar\u0259d\u0259 d\u0259 \u0259trafl\u0131 m\u0259lumat verib:<\/p>\n<p>\u201cT\u0259\u0259ss\u00fcfl\u0259r olsun ki, m\u00fcnaqi\u015f\u0259nin h\u0259lli \u00fc\u00e7\u00fcn dan\u0131\u015f\u0131qlar\u0131n getdiyi 25 ild\u0259n art\u0131q m\u00fcdd\u0259td\u0259 AT\u018fT-in Minsk qrupu ortaya normal bir s\u0259n\u0259d \u00e7\u0131xara, normal bir yol g\u00f6st\u0259r\u0259 bilm\u0259yib. Minsk qrupu m\u00fcnaqi\u015f\u0259nin h\u0259lli istiqam\u0259tind\u0259 s\u0259yl\u0259rini art\u0131rmal\u0131d\u0131r\u201d.<\/p>\n<p>Yeni t\u0259yinat\u0131ndan m\u0259mnunlu\u011funu bildir\u0259n s\u0259fir<strong>\u00a0Rudolf Mihalka<\/strong>\u00a0region, Az\u0259rbaycan haqq\u0131nda, m\u00f6vcud m\u00fcnaqi\u015f\u0259l\u0259r bar\u0259d\u0259 kifay\u0259t q\u0259d\u0259r m\u0259lumatl\u0131 oldu\u011funu deyib.<\/p>\n<p>\u201c\u00c7al\u0131\u015faca\u011fam ki, m\u00f6vcud m\u00fcnaqi\u015f\u0259l\u0259rin h\u0259llind\u0259 AT\u018fT \u00f6z s\u0259yl\u0259rini art\u0131rs\u0131n. AT\u018fT m\u00fcnaqi\u015f\u0259nin s\u00fclh yolu il\u0259 h\u0259ll olunmas\u0131 prosesini d\u0259st\u0259kl\u0259yir\u201d, &#8211; dey\u0259 o \u0259lav\u0259 edib.<\/p>\n<p>G\u00f6r\u00fc\u015fd\u0259 Az\u0259rbaycan\u0131n n\u00fcfuzlu beyn\u0259lxalq t\u0259\u015fkilatlarla, o c\u00fcml\u0259d\u0259n AT\u018fT-l\u0259 \u0259laq\u0259l\u0259rinin geni\u015fl\u0259ndirilm\u0259sinin \u0259h\u0259miyy\u0259ti vur\u011fulan\u0131b.oxu.az<\/p>\n","protected":false},"excerpt":{"rendered":"<p>Oktyabr\u0131n 26-da Milli M\u0259clisin (MM) s\u0259dri\u00a0Oqtay \u018fs\u0259dov\u00a0AT\u018fT-in f\u0259aliyy\u0259td\u0259 olan s\u0259drinin C\u0259nubi Qafqaz regionu \u00fczr\u0259 yeni t\u0259yin edilmi\u015f x\u00fcsusi n\u00fcmay\u0259nd\u0259si, s\u0259fir\u00a0Rudolf Mihalkan\u0131n ba\u015f\u00e7\u0131l\u0131q etdiyi n\u00fcmay\u0259nd\u0259 hey\u0259ti il\u0259 g\u00f6r\u00fc\u015f\u00fcb. ARANTV.AZ\u00a0x\u0259b\u0259r verir ki, g\u00f6r\u00fc\u015fd\u0259 Az\u0259rbaycanla AT\u018fT aras\u0131nda \u0259m\u0259kda\u015fl\u0131q m\u0259s\u0259l\u0259l\u0259rin\u0259 dair m\u00fczakir\u0259l\u0259r apar\u0131l\u0131b. O.\u018fs\u0259dov Az\u0259rbaycan\u0131n n\u00fcfuzlu beyn\u0259lxalq t\u0259\u015fkilatlarla, o c\u00fcml\u0259d\u0259n AT\u018fT-l\u0259 \u0259laq\u0259l\u0259rin inki\u015faf\u0131na \u00f6n\u0259m verdiyini qeyd edib. O, \u00fcmidvar oldu\u011funu bildirib ki, AT\u018fT-in f\u0259aliyy\u0259td\u0259 olan s\u0259drinin C\u0259nubi Qafqaz regionu \u00fczr\u0259 yeni t\u0259yin edilmi\u015f x\u00fcsusi n\u00fcmay\u0259nd\u0259si \u0259m\u0259kda\u015fl\u0131\u011f\u0131n d\u0259rinl\u0259\u015fm\u0259si \u00fc\u00e7\u00fcn s\u0259yl\u0259 \u00e7al\u0131\u015facaq. Spiker qeyd edib ki, dinamik inki\u015faf ed\u0259n Az\u0259rbaycan bu g\u00fcn regional v\u0259 qlobal layih\u0259l\u0259rin&hellip;<\/p>\n","protected":false},"author":2,"featured_media":21564,"comment_status":"closed","ping_status":"closed","sticky":false,"template":"","format":"standard","meta":{"om_disable_all_campaigns":false,"_monsterinsights_skip_tracking":false,"_monsterinsights_sitenote_active":false,"_monsterinsights_sitenote_note":"","_monsterinsights_sitenote_category":0},"categories":[4],"tags":[],"aioseo_notices":[],"gutentor_comment":0,"rttpg_featured_image_url":{"full":["https:\/\/arantv.az\/wp-content\/uploads\/2018\/10\/spiker-oqtay.jpg",620,456,false],"landscape":["https:\/\/arantv.az\/wp-content\/uploads\/2018\/10\/spiker-oqtay.jpg",620,456,false],"portraits":["https:\/\/arantv.az\/wp-content\/uploads\/2018\/10\/spiker-oqtay.jpg",620,456,false],"thumbnail":["https:\/\/arantv.az\/wp-content\/uploads\/2018\/10\/spiker-oqtay-150x150.jpg",150,150,true],"medium":["https:\/\/arantv.az\/wp-content\/uploads\/2018\/10\/spiker-oqtay-300x221.jpg",300,221,true],"large":["https:\/\/arantv.az\/wp-content\/uploads\/2018\/10\/spiker-oqtay.jpg",620,456,false],"1536x1536":["https:\/\/arantv.az\/wp-content\/uploads\/2018\/10\/spiker-oqtay.jpg",620,456,false],"2048x2048":["https:\/\/arantv.az\/wp-content\/uploads\/2018\/10\/spiker-oqtay.jpg",620,456,false],"post-thumbnail":["https:\/\/arantv.az\/wp-content\/uploads\/2018\/10\/spiker-oqtay-240x172.jpg",240,172,true],"advps-thumb-one":["https:\/\/arantv.az\/wp-content\/uploads\/2018\/10\/spiker-oqtay.jpg",620,456,false]},"rttpg_author":{"display_name":"V\u00fcsal Rafiqo\u011flu","author_link":"https:\/\/arantv.az\/?author=2"},"rttpg_comment":0,"rttpg_category":"<a href=\"https:\/\/arantv.az\/?cat=4\" rel=\"category\">Siyas\u0259t<\/a>","rttpg_excerpt":"Oktyabr\u0131n 26-da Milli M\u0259clisin (MM) s\u0259dri\u00a0Oqtay \u018fs\u0259dov\u00a0AT\u018fT-in f\u0259aliyy\u0259td\u0259 olan s\u0259drinin C\u0259nubi Qafqaz regionu \u00fczr\u0259 yeni t\u0259yin edilmi\u015f x\u00fcsusi n\u00fcmay\u0259nd\u0259si, s\u0259fir\u00a0Rudolf Mihalkan\u0131n ba\u015f\u00e7\u0131l\u0131q etdiyi n\u00fcmay\u0259nd\u0259 hey\u0259ti il\u0259 g\u00f6r\u00fc\u015f\u00fcb. ARANTV.AZ\u00a0x\u0259b\u0259r verir ki, g\u00f6r\u00fc\u015fd\u0259 Az\u0259rbaycanla AT\u018fT aras\u0131nda \u0259m\u0259kda\u015fl\u0131q m\u0259s\u0259l\u0259l\u0259rin\u0259 dair m\u00fczakir\u0259l\u0259r apar\u0131l\u0131b. O.\u018fs\u0259dov Az\u0259rbaycan\u0131n n\u00fcfuzlu beyn\u0259lxalq t\u0259\u015fkilatlarla, o c\u00fcml\u0259d\u0259n AT\u018fT-l\u0259 \u0259laq\u0259l\u0259rin inki\u015faf\u0131na \u00f6n\u0259m verdiyini qeyd edib. O, \u00fcmidvar&hellip;","_links":{"self":[{"href":"https:\/\/arantv.az\/index.php?rest_route=\/wp\/v2\/posts\/21563"}],"collection":[{"href":"https:\/\/arantv.az\/index.php?rest_route=\/wp\/v2\/posts"}],"about":[{"href":"https:\/\/arantv.az\/index.php?rest_route=\/wp\/v2\/types\/post"}],"author":[{"embeddable":true,"href":"https:\/\/arantv.az\/index.php?rest_route=\/wp\/v2\/users\/2"}],"replies":[{"embeddable":true,"href":"https:\/\/arantv.az\/index.php?rest_route=%2Fwp%2Fv2%2Fcomments&post=21563"}],"version-history":[{"count":0,"href":"https:\/\/arantv.az\/index.php?rest_route=\/wp\/v2\/posts\/21563\/revisions"}],"wp:featuredmedia":[{"embeddable":true,"href":"https:\/\/arantv.az\/index.php?rest_route=\/wp\/v2\/media\/21564"}],"wp:attachment":[{"href":"https:\/\/arantv.az\/index.php?rest_route=%2Fwp%2Fv2%2Fmedia&parent=21563"}],"wp:term":[{"taxonomy":"category","embeddable":true,"href":"https:\/\/arantv.az\/index.php?rest_route=%2Fwp%2Fv2%2Fcategories&post=21563"},{"taxonomy":"post_tag","embeddable":true,"href":"https:\/\/arantv.az\/index.php?rest_route=%2Fwp%2Fv2%2Ftags&post=21563"}],"curies":[{"name":"wp","href":"https:\/\/api.w.org\/{rel}","templated":true}]}}