{"id":21570,"date":"2018-10-26T15:58:42","date_gmt":"2018-10-26T12:58:42","guid":{"rendered":"http:\/\/arantv.az\/?p=21570"},"modified":"2018-10-26T15:58:42","modified_gmt":"2018-10-26T12:58:42","slug":"az%c9%99rbaycan-dayaniqli-inkisaf-m%c9%99qs%c9%99dl%c9%99ri-uzr%c9%99-ohd%c9%99likl%c9%99ri-yerin%c9%99-yetir%c9%99n-olk%c9%99l%c9%99r-arasinda-ilk-siralardadir","status":"publish","type":"post","link":"https:\/\/arantv.az\/?p=21570","title":{"rendered":"Az\u0259rbaycan Dayan\u0131ql\u0131 \u0130nki\u015faf M\u0259qs\u0259dl\u0259ri \u00fczr\u0259 \u00f6hd\u0259likl\u0259ri yerin\u0259 yetir\u0259n \u00f6lk\u0259l\u0259r aras\u0131nda ilk s\u0131ralardad\u0131r"},"content":{"rendered":"<p><strong>ARANTV.AZ<\/strong> x\u0259b\u0259r verir ki, VI Beyn\u0259lxalq Humanitar Forum \u00e7\u0259r\u00e7iv\u0259sind\u0259 Az\u0259rbaycan Respublikas\u0131n\u0131n Dayan\u0131ql\u0131 \u0130nki\u015faf \u00fczr\u0259 Milli \u018flaq\u0259l\u0259ndirm\u0259 \u015euras\u0131n\u0131n, \u0130qtisadiyyat Nazirliyinin v\u0259 Birl\u0259\u015fmi\u015f Mill\u0259tl\u0259r T\u0259\u015fkilat\u0131n\u0131n \u00f6lk\u0259 \u00fczr\u0259 n\u00fcmay\u0259nd\u0259liyinin birg\u0259 t\u0259\u015fkilat\u00e7\u0131l\u0131\u011f\u0131 il\u0259 ke\u00e7iril\u0259n Dayan\u0131ql\u0131 \u0130nki\u015fafa dair Bak\u0131 Forumunun n\u00f6vb\u0259ti sessiyas\u0131 &#8220;2030-cu il\u0259d\u0259k dayan\u0131ql\u0131 inki\u015faf \u00fc\u00e7\u00fcn s\u00fclhsev\u0259r v\u0259 inkl\u00fcziv c\u0259miyy\u0259tl\u0259ri t\u0259\u015fviq etm\u0259k, ham\u0131 \u00fc\u00e7\u00fcn \u0259dal\u0259t m\u0259hk\u0259m\u0259sin\u0259 \u00e7\u0131x\u0131\u015f imkan\u0131n\u0131 t\u0259min etm\u0259k v\u0259 b\u00fct\u00fcn s\u0259viyy\u0259l\u0259rd\u0259 s\u0259m\u0259r\u0259li, m\u0259suliyy\u0259tli v\u0259 inkl\u00fcziv t\u0259\u015fkilatlar qurmaq&#8221; m\u00f6vzusuna h\u0259sr edilib.<\/p>\n<p>Sessiyan\u0131n moderatoru, Az\u0259rbaycan Respublikas\u0131n\u0131n insan h\u00fcquqlar\u0131 \u00fczr\u0259 m\u00fcv\u0259kkili\u00a0Elmira S\u00fcleymanova\u00a0minilliyin 8 m\u0259qs\u0259dinin davam\u0131 olaraq 2030-cu il\u0259d\u0259k davam ed\u0259n 17 m\u0259qs\u0259d, 169 h\u0259d\u0259f, 232 indikatorlardan ibar\u0259t D\u0130M-in BMT t\u0259r\u0259find\u0259n \u00fczv d\u00f6vl\u0259tl\u0259rin h\u0259r birin\u0259 \u00fcnvanland\u0131\u011f\u0131n\u0131 bildirib. \u018flav\u0259 edib ki, lakin onlar\u0131n realla\u015fd\u0131r\u0131lma imkanlar\u0131 siyasi, iqtisadi, sosial, insan h\u00fcquqlar\u0131n\u0131n v\u0259ziyy\u0259tind\u0259n as\u0131l\u0131 olaraq h\u0259r \u00f6lk\u0259d\u0259 f\u0259rqli s\u0259viyy\u0259d\u0259 h\u0259yata ke\u00e7irilir.<\/p>\n<p>Bildirilib ki, \u0130kinci D\u00fcnya m\u00fcharib\u0259sind\u0259n sonra yaranm\u0131\u015f BMT \u00f6z f\u0259aliyy\u0259tinin prioritetl\u0259ri kimi d\u00fcnyada s\u00fclh, b\u0259rab\u0259rlik v\u0259 \u0259m\u0259kda\u015fl\u0131\u011f\u0131 b\u0259yan edib. BMT-nin \u0130nsan H\u00fcquqlar\u0131 \u00fczr\u0259 \u00dcmumd\u00fcnya B\u0259yannam\u0259sind\u0259 ayr\u0131-se\u00e7kiliyin yolverilm\u0259zliyi prinsipi t\u0259sbit olunub. Lakin Az\u0259rbaycan Xalq C\u00fcmhuriyy\u0259ti 100 il \u0259vv\u0259l h\u0259min prinsipi v\u0259 h\u00fcquq b\u0259rab\u0259rliyini q\u0259bul ed\u0259r\u0259k qad\u0131nlara ki\u015fil\u0259rl\u0259 b\u0259rab\u0259r se\u00e7ib-se\u00e7ilm\u0259k h\u00fcququnu da verib.<\/p>\n<p>Ombudsman deyib ki, Az\u0259rbaycan BMT-nin bir s\u0131ra konvensiya v\u0259 s\u0259n\u0259dl\u0259rin\u0259 qo\u015fulmaqla yana\u015f\u0131, D\u0130M-in haz\u0131rlanmas\u0131nda da f\u0259al i\u015ftirak edib. Bu s\u0259n\u0259din haz\u0131rlanmas\u0131 prosesind\u0259 \u00f6lk\u0259mizd\u0259 apar\u0131lan g\u0259rgin m\u00fczakir\u0259l\u0259r n\u0259tic\u0259sind\u0259 toplanan t\u00f6vsiy\u0259l\u0259r BMT t\u0259r\u0259find\u0259n y\u00fcks\u0259k d\u0259y\u0259rl\u0259ndirilib v\u0259 onlar\u0131n \u00e7oxu c\u0259ml\u0259\u015fdirilmi\u015f \u015f\u0259kild\u0259 M\u0259qs\u0259dl\u0259rd\u0259 \u0259ksini tap\u0131b.<\/p>\n<p>Diqq\u0259t\u0259 \u00e7atd\u0131r\u0131l\u0131b ki, D\u0130M-in milli prioritetl\u0259r\u0259 uy\u011funla\u015fd\u0131r\u0131lmas\u0131 v\u0259 \u00f6lk\u0259d\u0259 m\u00fct\u0259\u015f\u0259kkil, \u0259laq\u0259l\u0259ndirilmi\u015f \u015f\u0259kild\u0259 h\u0259yata ke\u00e7irilm\u0259si m\u0259qs\u0259dil\u0259 Az\u0259rbaycan Respublikas\u0131 Prezidentinin F\u0259rman\u0131 il\u0259 Milli \u018flaq\u0259l\u0259ndirm\u0259 \u015euras\u0131 t\u0259sis olunub v\u0259 Katibliyin f\u0259aliyy\u0259tin\u0259 n\u0259zar\u0259ti \u0130qtisadiyyat Nazirliyi h\u0259yata ke\u00e7irir. D\u00f6vl\u0259t n\u00fcmay\u0259nd\u0259l\u0259rind\u0259n ibar\u0259t \u015euran\u0131n 4 ixtisasla\u015fm\u0131\u015f i\u015f\u00e7i qrupu yarad\u0131l\u0131b. B\u00fct\u00fcn sah\u0259l\u0259rd\u0259 s\u00fcr\u0259tl\u0259 ir\u0259lil\u0259y\u0259n Az\u0259rbaycan D\u0130M-in ger\u00e7\u0259kl\u0259\u015fm\u0259sind\u0259 d\u0259 m\u00fch\u00fcm u\u011furlar qazan\u0131b. Bu, \u00f6z\u00fcn\u00fc dayan\u0131ql\u0131 inki\u015faf \u00fc\u00e7\u00fcn s\u00fclhsev\u0259r v\u0259 inkl\u00fcziv c\u0259miyy\u0259tin t\u0259\u015fviqind\u0259, ham\u0131n\u0131n \u0259dal\u0259t m\u0259hk\u0259m\u0259sin\u0259 \u00e7\u0131x\u0131\u015f imkan\u0131n\u0131n t\u0259min edilm\u0259sind\u0259 v\u0259 b\u00fct\u00fcn s\u0259viyy\u0259l\u0259rd\u0259 s\u0259m\u0259r\u0259li, m\u0259suliyy\u0259tli v\u0259 inkl\u00fcziv t\u0259\u015fkilatlar\u0131n qurulmas\u0131nda, yeni t\u0259\u015f\u0259bb\u00fcsl\u0259rin ger\u00e7\u0259kl\u0259\u015fm\u0259sind\u0259 (\u201cASAN xidm\u0259t\u201d, tolerantl\u0131q, multikulturalizm, Strateji Yol x\u0259rit\u0259l\u0259ri) \u0259ksini tap\u0131b.<\/p>\n<p>Erm\u0259nistan-Az\u0259rbaycan Da\u011fl\u0131q Qaraba\u011f m\u00fcnaqi\u015f\u0259si n\u0259tic\u0259sind\u0259 Az\u0259rbaycan\u0131n bir milyondan \u00e7ox v\u0259t\u0259nda\u015f\u0131n\u0131n h\u00fcquqlar\u0131n\u0131n pozuldu\u011funu vur\u011fulayan E.S\u00fcleymanova deyib ki, D\u0130M-in h\u0259yata ke\u00e7irilm\u0259si istiqam\u0259tind\u0259 m\u00fch\u00fcm add\u0131mlar atan Az\u0259rbaycan \u00fc\u00e7\u00fcn s\u00fclh v\u0259 inki\u015faf \u00e7ox vacibdir. O, Az\u0259rbaycan\u0131n D\u0130M-\u0259 \u00e7atmaq istiqam\u0259tind\u0259 \u00f6hd\u0259likl\u0259ri yerin\u0259 yetir\u0259n \u00f6lk\u0259l\u0259r aras\u0131nda ilk s\u0131ralarda oldu\u011funu vur\u011fulay\u0131b, bu bax\u0131mdan Prezident \u0130lham \u018fliyevin \u00f6t\u0259n il fevral\u0131n 10-da imzalad\u0131\u011f\u0131 c\u0259za siyas\u0259tinin humanistl\u0259\u015fdirilm\u0259sin\u0259 dair S\u0259r\u0259ncam\u0131n \u0259h\u0259miyy\u0259tini x\u00fcsusi qeyd edib.<\/p>\n<p>BMT ba\u015f katibinin h\u00fcquq, t\u0259hl\u00fck\u0259sizlik v\u0259 t\u0259\u015fkilatlar \u00fczr\u0259 k\u00f6m\u0259k\u00e7isi\u00a0<strong>Aleksandr Zuev<\/strong>\u00a0bel\u0259 m\u00f6t\u0259b\u0259r Foruma d\u0259v\u0259t olunmas\u0131na g\u00f6r\u0259 minn\u0259tdarl\u0131\u011f\u0131n\u0131 bildirib. B\u0259\u015f\u0259riyy\u0259tin t\u0259r\u0259qqisi, o c\u00fcml\u0259d\u0259n D\u0130M-\u0259 \u00e7atmaq \u00fc\u00e7\u00fcn s\u00fclh\u00fcn v\u0259 inki\u015faf\u0131n bir-birind\u0259n as\u0131l\u0131 oldu\u011funu vur\u011fulayan A.Zuev deyib ki, apar\u0131lm\u0131\u015f t\u0259hlill\u0259r bir \u00e7ox hallarda insanlar\u0131n radikalla\u015fmas\u0131n\u0131n v\u0259 m\u00fcnaqi\u015f\u0259l\u0259rin yaranmas\u0131n\u0131n \u0259sas\u0131nda insan h\u00fcquqlar\u0131n\u0131n pozulmas\u0131n\u0131n dayand\u0131\u011f\u0131n\u0131 ortaya \u00e7\u0131xar\u0131b. Bu bax\u0131mdan c\u0259za\u00e7\u0259km\u0259 m\u00fc\u0259ssis\u0259l\u0259rind\u0259 m\u0259hkumlar\u0131n h\u00fcquqlar\u0131n\u0131n qorunmas\u0131n\u0131n \u0259h\u0259miyy\u0259tini x\u00fcsusi vur\u011fulayan A.Zuev Az\u0259rbaycanda bu sah\u0259d\u0259 m\u00fch\u00fcm t\u0259dbirl\u0259rin h\u0259yata ke\u00e7irildiyini qeyd edib.<\/p>\n<p>Son ill\u0259r Az\u0259rbaycan\u0131n s\u00fcr\u0259tl\u0259 inki\u015faf etdiyini vur\u011fulayan A.Zuev \u0259ld\u0259 edilmi\u015f u\u011furlara g\u00f6r\u0259 t\u0259brikl\u0259rini \u00e7atd\u0131r\u0131b, Forumun \u00f6n\u0259mini y\u00fcks\u0259k qiym\u0259tl\u0259ndirib.<\/p>\n<p>T\u00fcrkiy\u0259nin insan h\u00fcquqlar\u0131 \u00fczr\u0259 ba\u015f m\u00fcv\u0259kkili\u00a0<strong>\u015e\u0259r\u0259f Malko\u00e7<\/strong>\u00a0Az\u0259rbaycana h\u0259r s\u0259f\u0259rind\u0259 g\u00f6rd\u00fcy\u00fc s\u00fcr\u0259tli inki\u015fafdan m\u0259mnunlu\u011funu bildirib. Dayan\u0131ql\u0131 inki\u015fafa dair bel\u0259 m\u00f6t\u0259b\u0259r t\u0259dbirin Bak\u0131da ke\u00e7irilm\u0259sinin \u0259h\u0259miyy\u0259tini vur\u011fulayan \u015e.Malko\u00e7 Az\u0259rbaycan v\u0259 T\u00fcrkiy\u0259 prezidentl\u0259rinin siyasi irad\u0259l\u0259ri il\u0259 h\u0259yata ke\u00e7iril\u0259n layih\u0259l\u0259rin v\u0259 t\u0259dbirl\u0259rin m\u00fch\u00fcm u\u011furlarla n\u0259tic\u0259l\u0259ndiyini qeyd edib. O, bu layih\u0259l\u0259r aras\u0131nda bir ne\u00e7\u0259 g\u00fcn \u0259vv\u0259l a\u00e7\u0131l\u0131\u015f\u0131 olan STAR neft emal\u0131 zavodunun \u0259h\u0259miyy\u0259tini y\u00fcks\u0259k qiym\u0259tl\u0259ndirib. Az\u0259rbaycan\u0131n v\u0259 T\u00fcrkiy\u0259nin birg\u0259 realla\u015fd\u0131rd\u0131\u011f\u0131 n\u0259h\u0259ng transmilli layih\u0259l\u0259r regionda v\u0259 d\u00fcnyada sabitliy\u0259, inki\u015fafa v\u0259 \u0259m\u0259kda\u015fl\u0131\u011fa t\u0259kan verir.<\/p>\n<p>D\u00fcnyada ba\u015f ver\u0259n m\u00fcnaqi\u015f\u0259l\u0259rin b\u00f6y\u00fck insan ax\u0131n\u0131na s\u0259b\u0259b oldu\u011funu dey\u0259n \u015e.Malko\u00e7 bildirib ki, Az\u0259rbaycan v\u0259 T\u00fcrkiy\u0259 bu probleml\u0259rl\u0259 yax\u0131ndan tan\u0131\u015fd\u0131r. Az\u0259rbaycan m\u00fcst\u0259qilliyinin ilk ill\u0259rind\u0259n bir milyondan \u00e7ox qa\u00e7q\u0131n v\u0259 m\u0259cburi k\u00f6\u00e7k\u00fcn problemi il\u0259 \u00fcz-\u00fcz\u0259 qal\u0131b. T\u00fcrkiy\u0259 qon\u015fulu\u011funda ba\u015f ver\u0259n m\u00fcnaqi\u015f\u0259 il\u0259 \u0259laq\u0259dar 4 milyona yax\u0131n suriyal\u0131n\u0131 q\u0259bul edib v\u0259 onlar\u0131n ehtiyaclar\u0131 \u00fc\u00e7\u00fcn indiy\u0259d\u0259k 36 milyard dollar v\u0259sait x\u0259rcl\u0259yib.<\/p>\n<p>D\u00fcnya ictimaiyy\u0259tinin m\u00fcnaqi\u015f\u0259l\u0259rin h\u0259llin\u0259 ikili standartlardan yana\u015fd\u0131\u011f\u0131n\u0131 vur\u011fulayan \u015e.Malko\u00e7 Erm\u0259nistan\u0131n BMT T\u0259hl\u00fck\u0259sizlik \u015euras\u0131n\u0131n q\u0259tnam\u0259l\u0259rinin t\u0259l\u0259bl\u0259rini yerin\u0259 yetirm\u0259diyini diqq\u0259t\u0259 \u00e7atd\u0131r\u0131b.<\/p>\n<p>Bosniya v\u0259 Herseqovinan\u0131n Xarici \u0130\u015fl\u0259r Nazirliyinin x\u00fcsusi i\u015fl\u0259r \u00fczr\u0259 s\u0259firi\u00a0<strong>Milo\u015f Prisa<\/strong>m\u00fcnaqi\u015f\u0259l\u0259rin D\u0130M-in h\u0259yata ke\u00e7irilm\u0259si \u00fc\u00e7\u00fcn \u0259n b\u00f6y\u00fck mane\u0259 oldu\u011funu vur\u011fulay\u0131b. Bildirib ki, m\u00fcnaqi\u015f\u0259l\u0259r \u00f6lk\u0259l\u0259rin resurslar\u0131n\u0131 t\u00fck\u0259ndirir, miqrasiyaya s\u0259b\u0259b olur, iqtisadi inki\u015fafa ciddi z\u0259rb\u0259 vurur. Bosniya v\u0259 Herseqovinada m\u00fcnaqi\u015f\u0259nin 23 ildir ba\u015fa \u00e7atmas\u0131na baxmayaraq, onun a\u011f\u0131r t\u0259sirl\u0259ri h\u0259l\u0259 d\u0259 hiss olunur. \u00d6lk\u0259d\u0259 minl\u0259rl\u0259 insan i\u015f \u00fc\u00e7\u00fcn Avropan\u0131n dig\u0259r \u00f6lk\u0259l\u0259rin\u0259 \u00fcz tutur. Bu is\u0259 \u00f6lk\u0259nin inki\u015faf\u0131na ciddi z\u0259rb\u0259 vurur.<\/p>\n<p>Milos Prisa D\u0130M-\u0259 nail olunmas\u0131nda sabitlikl\u0259 yana\u015f\u0131, qanunlar\u0131n t\u0259kmill\u0259\u015fdirilm\u0259sinin, \u00f6z\u0259l sektorun d\u0259st\u0259kl\u0259nm\u0259sinin, t\u0259hsilin s\u0259viyy\u0259sinin y\u00fcks\u0259ldilm\u0259sinin vacibliyini vur\u011fulay\u0131b.<\/p>\n<p>Qazax\u0131stan\u0131n insan h\u00fcquqlar\u0131 \u00fczr\u0259 m\u00fcv\u0259kkili\u00a0<strong>Askar \u015eakirov<\/strong>\u00a0Forumun \u00f6lk\u0259si \u00fc\u00e7\u00fcn vacib vaxta &#8211; D\u0130M il\u0259 ba\u011fl\u0131 icmal s\u0259n\u0259din haz\u0131rlanmas\u0131 d\u00f6vr\u00fcn\u0259 t\u0259sad\u00fcf etm\u0259sind\u0259n m\u0259mnunlu\u011funu bildirib. O qeyd edib ki, Qazax\u0131stan D\u0130M-in h\u0259yata ke\u00e7irilm\u0259sin\u0259 b\u00f6y\u00fck \u00f6n\u0259m verir. D\u0130M-in m\u00fcdd\u0259alar\u0131n\u0131n 61 faizi Qazax\u0131stan\u0131n milli strateji proqramlar\u0131nda \u0259ksini tap\u0131b. Bu istiqam\u0259td\u0259 \u0259ld\u0259 olunan u\u011furlardan dan\u0131\u015fan A.\u015eakirov m\u00fcst\u0259qillik d\u00f6vr\u00fcnd\u0259 Qazax\u0131stan\u0131n \u00fcmumi daxili m\u0259hsulunun h\u0259cminin 20 d\u0259f\u0259 artd\u0131\u011f\u0131n\u0131, \u00f6lk\u0259nin bu sah\u0259d\u0259 beyn\u0259lxalq konvensiya v\u0259 t\u0259\u015f\u0259bb\u00fcsl\u0259r\u0259 qo\u015fuldu\u011funu, respublikada m\u00fch\u00fcm islahatlar\u0131n h\u0259yata ke\u00e7irildiyini deyib.<\/p>\n<p>Milli M\u0259clisin deputat\u0131\u00a0<strong>Elman N\u0259sirov<\/strong>\u00a0bildirib ki, bu g\u00fcn Az\u0259rbaycan d\u00fcnyaya multikulturalizm d\u0259y\u0259rl\u0259rini ixrac ed\u0259n, beyn\u0259lxalq s\u00fclh\u0259, t\u0259hl\u00fck\u0259sizliy\u0259 m\u00fch\u00fcm t\u00f6hf\u0259 ver\u0259n \u00f6lk\u0259 kimi tan\u0131n\u0131r. Bu Forum da Az\u0259rbaycan\u0131n d\u00fcnyada humanitar d\u0259y\u0259rl\u0259ri t\u0259bli\u011f etm\u0259sinin g\u00f6st\u0259ricisidir. T\u0259\u0259ss\u00fcf ki, Az\u0259rbaycan 30 il\u0259 yax\u0131nd\u0131r ki, b\u00f6y\u00fck humanitar f\u0259lak\u0259tl\u0259 \u00fczl\u0259\u015fib v\u0259 bu problem h\u0259l\u0259 d\u0259 h\u0259llini tapmay\u0131b. M\u00fcnaqi\u015f\u0259nin h\u0259ll edilm\u0259m\u0259sinin s\u0259b\u0259bi ikili standartlar\u0131n t\u0259tbiq edilm\u0259sidir.<\/p>\n<p>Xarici \u0130\u015fl\u0259r Nazirliyinin Humanitar Siyas\u0259t \u0130dar\u0259sinin r\u0259isi\u00a0<strong>\u018flimirzamin \u018fsg\u0259rov<\/strong>\u00a0bildirib ki, Az\u0259rbaycan D\u0130M-i milli inki\u015faf strategiyas\u0131nda n\u0259z\u0259r\u0259 alaraq yax\u015f\u0131 idar\u0259etm\u0259ni, davaml\u0131 inki\u015faf\u0131 v\u0259 qanunun aliliyini g\u00fccl\u0259ndir\u0259n, insan h\u00fcquqlar\u0131na h\u00f6rm\u0259ti, ictimai xidm\u0259tl\u0259rin asanl\u0131\u011f\u0131n\u0131 t\u0259min ed\u0259n geni\u015fmiqyasl\u0131 proqramlar h\u0259yata ke\u00e7irib, inkl\u00fcziv c\u0259miyy\u0259tl\u0259rin qurulmas\u0131n\u0131 t\u0259bli\u011f edir. D\u00fczg\u00fcn t\u0259hsil, sosial-iqtisadi ir\u0259lil\u0259yi\u015f v\u0259 gender b\u0259rab\u0259rliyi olmadan inki\u015fafa nail olmaq m\u00fcmk\u00fcn deyil. Bu bax\u0131mdan &#8220;Az\u0259rbaycan 2020: g\u0259l\u0259c\u0259y\u0259 bax\u0131\u015f&#8221; \u0130nki\u015faf Konsepsiyas\u0131 \u0259halini y\u00fcks\u0259k keyfiyy\u0259tli tibbi t\u0259minat, t\u0259hsil xidm\u0259tl\u0259ri il\u0259 t\u0259min etm\u0259k, m\u00fcasir t\u0259hsil sistemi yaratmaq v\u0259 sosial m\u00fcdafi\u0259 sistemini m\u00fcasirl\u0259\u015fdirm\u0259k, gender b\u0259rab\u0259rliyini v\u0259 ail\u0259l\u0259ri d\u0259st\u0259kl\u0259m\u0259k m\u0259qs\u0259dini da\u015f\u0131y\u0131r.<\/p>\n<p>Qeyd olunub ki, Az\u0259rbaycan h\u00f6kum\u0259ti v\u0259t\u0259nda\u015flar\u0131n h\u0259yat s\u0259viyy\u0259sinin yax\u015f\u0131la\u015fd\u0131r\u0131lmas\u0131 yolunda ard\u0131c\u0131l t\u0259dbirl\u0259r h\u0259yata ke\u00e7irir. \u0130nki\u015faf etm\u0259kd\u0259 olan \u00f6lk\u0259l\u0259r aras\u0131nda Az\u0259rbaycan sosial inkl\u00fczivlik indeksin\u0259 g\u00f6r\u0259 \u00fc\u00e7\u00fcnc\u00fc yerd\u0259dir.<\/p>\n<p>Az\u0259rbaycanda korrupsiyaya qar\u015f\u0131 m\u00fcbariz\u0259nin D\u0130M-in h\u0259yata ke\u00e7irilm\u0259sinin \u0259sas\u0131n\u0131 t\u0259\u015fkil etdiyini dey\u0259n \u018f.\u018fsg\u0259rov bildirib ki, yenilik\u00e7i texnologiyalar v\u0259 yana\u015fmalar bu sah\u0259d\u0259 m\u00fch\u00fcm u\u011furlar\u0131n \u0259ld\u0259 edilm\u0259sin\u0259 imkan verib. D\u00f6vl\u0259t institutlar\u0131n\u0131n f\u0259aliyy\u0259tinin t\u0259kmill\u0259\u015fdirilm\u0259si v\u0259 yax\u015f\u0131 idar\u0259\u00e7ilik sah\u0259sind\u0259 m\u00fch\u00fcm i\u015fl\u0259rd\u0259n biri d\u0259 d\u00f6vl\u0259t qullu\u011funa q\u0259bulun \u015f\u0259ffafla\u015fd\u0131r\u0131lmas\u0131d\u0131r.<\/p>\n<p>Sonra m\u00f6vzu \u0259traf\u0131nda m\u00fczakir\u0259l\u0259r apar\u0131l\u0131b.<\/p>\n","protected":false},"excerpt":{"rendered":"<p>ARANTV.AZ x\u0259b\u0259r verir ki, VI Beyn\u0259lxalq Humanitar Forum \u00e7\u0259r\u00e7iv\u0259sind\u0259 Az\u0259rbaycan Respublikas\u0131n\u0131n Dayan\u0131ql\u0131 \u0130nki\u015faf \u00fczr\u0259 Milli \u018flaq\u0259l\u0259ndirm\u0259 \u015euras\u0131n\u0131n, \u0130qtisadiyyat Nazirliyinin v\u0259 Birl\u0259\u015fmi\u015f Mill\u0259tl\u0259r T\u0259\u015fkilat\u0131n\u0131n \u00f6lk\u0259 \u00fczr\u0259 n\u00fcmay\u0259nd\u0259liyinin birg\u0259 t\u0259\u015fkilat\u00e7\u0131l\u0131\u011f\u0131 il\u0259 ke\u00e7iril\u0259n Dayan\u0131ql\u0131 \u0130nki\u015fafa dair Bak\u0131 Forumunun n\u00f6vb\u0259ti sessiyas\u0131 &#8220;2030-cu il\u0259d\u0259k dayan\u0131ql\u0131 inki\u015faf \u00fc\u00e7\u00fcn s\u00fclhsev\u0259r v\u0259 inkl\u00fcziv c\u0259miyy\u0259tl\u0259ri t\u0259\u015fviq etm\u0259k, ham\u0131 \u00fc\u00e7\u00fcn \u0259dal\u0259t m\u0259hk\u0259m\u0259sin\u0259 \u00e7\u0131x\u0131\u015f imkan\u0131n\u0131 t\u0259min etm\u0259k v\u0259 b\u00fct\u00fcn s\u0259viyy\u0259l\u0259rd\u0259 s\u0259m\u0259r\u0259li, m\u0259suliyy\u0259tli v\u0259 inkl\u00fcziv t\u0259\u015fkilatlar qurmaq&#8221; m\u00f6vzusuna h\u0259sr edilib. Sessiyan\u0131n moderatoru, Az\u0259rbaycan Respublikas\u0131n\u0131n insan h\u00fcquqlar\u0131 \u00fczr\u0259 m\u00fcv\u0259kkili\u00a0Elmira S\u00fcleymanova\u00a0minilliyin 8 m\u0259qs\u0259dinin davam\u0131 olaraq 2030-cu il\u0259d\u0259k davam ed\u0259n 17 m\u0259qs\u0259d, 169 h\u0259d\u0259f, 232&hellip;<\/p>\n","protected":false},"author":2,"featured_media":21571,"comment_status":"closed","ping_status":"closed","sticky":false,"template":"","format":"standard","meta":{"om_disable_all_campaigns":false,"_monsterinsights_skip_tracking":false,"_monsterinsights_sitenote_active":false,"_monsterinsights_sitenote_note":"","_monsterinsights_sitenote_category":0},"categories":[4],"tags":[],"aioseo_notices":[],"gutentor_comment":0,"rttpg_featured_image_url":{"full":["https:\/\/arantv.az\/wp-content\/uploads\/2018\/10\/p678h4ldqjpksltghkd2i7qs15111.jpg",1000,640,false],"landscape":["https:\/\/arantv.az\/wp-content\/uploads\/2018\/10\/p678h4ldqjpksltghkd2i7qs15111.jpg",1000,640,false],"portraits":["https:\/\/arantv.az\/wp-content\/uploads\/2018\/10\/p678h4ldqjpksltghkd2i7qs15111.jpg",1000,640,false],"thumbnail":["https:\/\/arantv.az\/wp-content\/uploads\/2018\/10\/p678h4ldqjpksltghkd2i7qs15111-150x150.jpg",150,150,true],"medium":["https:\/\/arantv.az\/wp-content\/uploads\/2018\/10\/p678h4ldqjpksltghkd2i7qs15111-300x192.jpg",300,192,true],"large":["https:\/\/arantv.az\/wp-content\/uploads\/2018\/10\/p678h4ldqjpksltghkd2i7qs15111.jpg",640,410,false],"1536x1536":["https:\/\/arantv.az\/wp-content\/uploads\/2018\/10\/p678h4ldqjpksltghkd2i7qs15111.jpg",1000,640,false],"2048x2048":["https:\/\/arantv.az\/wp-content\/uploads\/2018\/10\/p678h4ldqjpksltghkd2i7qs15111.jpg",1000,640,false],"post-thumbnail":["https:\/\/arantv.az\/wp-content\/uploads\/2018\/10\/p678h4ldqjpksltghkd2i7qs15111-240x172.jpg",240,172,true],"advps-thumb-one":["https:\/\/arantv.az\/wp-content\/uploads\/2018\/10\/p678h4ldqjpksltghkd2i7qs15111-1000x620.jpg",1000,620,true]},"rttpg_author":{"display_name":"V\u00fcsal Rafiqo\u011flu","author_link":"https:\/\/arantv.az\/?author=2"},"rttpg_comment":0,"rttpg_category":"<a href=\"https:\/\/arantv.az\/?cat=4\" rel=\"category\">Siyas\u0259t<\/a>","rttpg_excerpt":"ARANTV.AZ x\u0259b\u0259r verir ki, VI Beyn\u0259lxalq Humanitar Forum \u00e7\u0259r\u00e7iv\u0259sind\u0259 Az\u0259rbaycan Respublikas\u0131n\u0131n Dayan\u0131ql\u0131 \u0130nki\u015faf \u00fczr\u0259 Milli \u018flaq\u0259l\u0259ndirm\u0259 \u015euras\u0131n\u0131n, \u0130qtisadiyyat Nazirliyinin v\u0259 Birl\u0259\u015fmi\u015f Mill\u0259tl\u0259r T\u0259\u015fkilat\u0131n\u0131n \u00f6lk\u0259 \u00fczr\u0259 n\u00fcmay\u0259nd\u0259liyinin birg\u0259 t\u0259\u015fkilat\u00e7\u0131l\u0131\u011f\u0131 il\u0259 ke\u00e7iril\u0259n Dayan\u0131ql\u0131 \u0130nki\u015fafa dair Bak\u0131 Forumunun n\u00f6vb\u0259ti sessiyas\u0131 &#8220;2030-cu il\u0259d\u0259k dayan\u0131ql\u0131 inki\u015faf \u00fc\u00e7\u00fcn s\u00fclhsev\u0259r v\u0259 inkl\u00fcziv c\u0259miyy\u0259tl\u0259ri t\u0259\u015fviq etm\u0259k, ham\u0131 \u00fc\u00e7\u00fcn \u0259dal\u0259t m\u0259hk\u0259m\u0259sin\u0259 \u00e7\u0131x\u0131\u015f imkan\u0131n\u0131 t\u0259min&hellip;","_links":{"self":[{"href":"https:\/\/arantv.az\/index.php?rest_route=\/wp\/v2\/posts\/21570"}],"collection":[{"href":"https:\/\/arantv.az\/index.php?rest_route=\/wp\/v2\/posts"}],"about":[{"href":"https:\/\/arantv.az\/index.php?rest_route=\/wp\/v2\/types\/post"}],"author":[{"embeddable":true,"href":"https:\/\/arantv.az\/index.php?rest_route=\/wp\/v2\/users\/2"}],"replies":[{"embeddable":true,"href":"https:\/\/arantv.az\/index.php?rest_route=%2Fwp%2Fv2%2Fcomments&post=21570"}],"version-history":[{"count":0,"href":"https:\/\/arantv.az\/index.php?rest_route=\/wp\/v2\/posts\/21570\/revisions"}],"wp:featuredmedia":[{"embeddable":true,"href":"https:\/\/arantv.az\/index.php?rest_route=\/wp\/v2\/media\/21571"}],"wp:attachment":[{"href":"https:\/\/arantv.az\/index.php?rest_route=%2Fwp%2Fv2%2Fmedia&parent=21570"}],"wp:term":[{"taxonomy":"category","embeddable":true,"href":"https:\/\/arantv.az\/index.php?rest_route=%2Fwp%2Fv2%2Fcategories&post=21570"},{"taxonomy":"post_tag","embeddable":true,"href":"https:\/\/arantv.az\/index.php?rest_route=%2Fwp%2Fv2%2Ftags&post=21570"}],"curies":[{"name":"wp","href":"https:\/\/api.w.org\/{rel}","templated":true}]}}