{"id":21576,"date":"2018-10-26T16:01:26","date_gmt":"2018-10-26T13:01:26","guid":{"rendered":"http:\/\/arantv.az\/?p=21576"},"modified":"2018-10-26T16:01:26","modified_gmt":"2018-10-26T13:01:26","slug":"fazil-mustafa-aztv-il%c9%99-bagli-d%c9%99f%c9%99l%c9%99rl%c9%99-m%c9%99s%c9%99l%c9%99-qaldirmisam","status":"publish","type":"post","link":"https:\/\/arantv.az\/?p=21576","title":{"rendered":"Fazil Mustafa: AzTV il\u0259 ba\u011fl\u0131 d\u0259f\u0259l\u0259rl\u0259 m\u0259s\u0259l\u0259 qald\u0131rm\u0131\u015fam"},"content":{"rendered":"<p>Telekanallarda alternativl\u0259rin ortaya qoyulmas\u0131na, ictimai-siyasi y\u00f6n\u00fcml\u00fc debatlar\u0131n, daha ciddi, insanlar\u0131n narahat ed\u0259n m\u0259s\u0259l\u0259l\u0259r\u0259 toxunan, onlara diqq\u0259t ay\u0131ran proqramlar\u0131n say\u0131n\u0131n art\u0131r\u0131lmas\u0131na ehtiyac var.<\/p>\n<p><b>ARANTV.AZ<\/b>\u00a0x\u0259b\u0259r verir ki, bunu oxu.az-a a\u00e7\u0131qlamas\u0131nda mill\u0259t v\u0259kili Fazil Mustafa deyib.<\/p>\n<p>Telekanallarla, x\u00fcsusil\u0259 d\u00f6vl\u0259t b\u00fcdc\u0259sind\u0259n, v\u0259t\u0259nda\u015flar\u0131n vergil\u0259rind\u0259n g\u0259l\u0259n g\u0259lirl\u0259r hesab\u0131na maliyy\u0259l\u0259\u015fdiril\u0259n AzTV v\u0259 \u0130TV il\u0259 ba\u011fl\u0131 parlamentd\u0259 d\u0259f\u0259l\u0259rl\u0259 m\u0259s\u0259l\u0259 qald\u0131rd\u0131\u011f\u0131n\u0131, amma bu istiqam\u0259td\u0259 h\u0259l\u0259lik k\u00f6kl\u00fc d\u0259yi\u015fiklikl\u0259rin ba\u015f verm\u0259diyini qeyd ed\u0259n mill\u0259t v\u0259kili bu y\u00f6nd\u0259 Milli M\u0259clisd\u0259 (MM) hans\u0131sa m\u00fczakir\u0259l\u0259rin a\u00e7\u0131lmas\u0131na ehtiyac g\u00f6rm\u0259diyini qeyd edib. Bildirib ki, buna ehtiyac duyulmur, \u00e7\u00fcnki ortada h\u0259l\u0259lik d\u0259yi\u015f\u0259n he\u00e7 n\u0259 yoxdur.<\/p>\n<p>&#8220;M\u0259s\u0259l\u0259n, AzTV-d\u0259 h\u0259ft\u0259d\u0259 bir d\u0259f\u0259 parlamentl\u0259 ba\u011fl\u0131 verili\u015f v\u0259 ya plenar, komit\u0259 iclaslar\u0131ndan s\u00fcjetl\u0259r gedir. Ancaq h\u0259min verili\u015fl\u0259rd\u0259, s\u00fcjetl\u0259rd\u0259 deyilir ki, filan komit\u0259 s\u0259dri dan\u0131\u015fd\u0131, v\u0259ssalam, ba\u015fqa kims\u0259nin ad\u0131 \u00e7\u0259kilmir. Hans\u0131 ki, h\u0259r iclasda kifay\u0259t q\u0259d\u0259r maraql\u0131, ciddi m\u00fczakir\u0259l\u0259r gedir, d\u0259y\u0259rli fikirl\u0259r s\u0259sl\u0259ndirilir.<\/p>\n<p>Amma bunlar\u0131n biri haqda he\u00e7 n\u0259 deyilmir. B\u0259z\u0259n se\u00e7icil\u0259r t\u0259r\u0259find\u0259n bel\u0259 iradlar e\u015fidirik ki, niy\u0259 filan m\u0259s\u0259l\u0259 bar\u0259d\u0259 dan\u0131\u015fm\u0131rs\u0131n\u0131z, dan\u0131\u015fm\u0131rlar. M\u0259nim \u00f6z\u00fcm\u0259 d\u0259 bel\u0259 suallar, iradlar \u00fcnvanlan\u0131r. M\u0259n d\u0259 deyir\u0259m ki, \u0259ksin\u0259, el\u0259 biz \u00f6z\u00fcm\u00fcz bu bar\u0259d\u0259 dan\u0131\u015fm\u0131\u015f\u0131q, amma indi neyl\u0259y\u0259k ki, efird\u0259 getmir, s\u0259sl\u0259ndirilmir.<\/p>\n<p>Bilirsiniz, m\u00fchit, yana\u015fma d\u0259yi\u015fm\u0259lidir, alternativl\u0259rin olmas\u0131, daha ciddi proqramlar\u0131n, verili\u015fl\u0259rin yay\u0131mlanmas\u0131 \u00fc\u00e7\u00fcn daha geni\u015f imkan yarad\u0131lmal\u0131d\u0131r. B\u0259z\u0259n telekanallar\u0131 da q\u0131namaq olmur.<\/p>\n<p>Onlar ciddi proqramlar, alternativl\u0259r olmayanda v\u0259 ya buna imkan yarad\u0131lmayanda efiri n\u0259 il\u0259s\u0259 doldurmal\u0131d\u0131rlar, y\u0259ni, bel\u0259 bir m\u0259cburiyy\u0259tl\u0259 \u00fcz-\u00fcz\u0259 qal\u0131rlar. Bu zaman, t\u0259bii ki, qeyri-ciddi, m\u0259nas\u0131z, baya\u011f\u0131, \u015fit, l\u0259hc\u0259 \u00fcslubunda olan verili\u015fl\u0259r, &#8220;man\u0131slar&#8221; efirl\u0259ri z\u0259bt edirl\u0259r. \u0130nsanlar da m\u0259cbur\u0259n buna baxmaq, meyil etm\u0259k zorunda qal\u0131rlar.<\/p>\n<p>M\u0259n he\u00e7 d\u0259 o fikird\u0259 deyil\u0259m v\u0259 onunla raz\u0131la\u015fa bilm\u0259r\u0259m ki, guya televiziyalarda v\u0259ziyy\u0259t m\u0259hz indi bel\u0259dir, \u0259vv\u0259ll\u0259r h\u0259r \u015fey yax\u015f\u0131 olub. Xeyr, 15-20 il bundan \u00f6nc\u0259 d\u0259 v\u0259ziyy\u0259t \u00fcr\u0259ka\u00e7an deyildi, kiml\u0259rs\u0259 fironluq, c\u00f6vlan edirdi. Amma o zamanlar m\u00fc\u0259yy\u0259n bir balans, qeyri-ciddi verili\u015fl\u0259rl\u0259 yana\u015f\u0131, ciddi verili\u015fl\u0259r, ictimai-siyasi xarakterli debatlar da vard\u0131. \u0130nsanlara n\u0259s\u0259 \u00e7atd\u0131r\u0131l\u0131rd\u0131.<\/p>\n<p>Amma indi bunlar, dem\u0259k olar ki, yoxdur, ictimai-siyasi debatlar yox d\u0259r\u0259c\u0259sind\u0259dir, sanki monoloqdur. \u00d6na g\u00f6r\u0259 indi \u0259n az\u0131 balans qorunmal\u0131d\u0131r, ictimai-siyasi debatlar b\u0259rpa olunmal\u0131 v\u0259 art\u0131r\u0131lmal\u0131d\u0131r.<\/p>\n<p>Bunlar olmayanda, t\u0259bii ki, efir &#8220;man\u0131slar&#8221;\u0131n bir-biri il\u0259 m\u0259nas\u0131z, s\u0259viyy\u0259siz geyim, \u0259da, reytinq, ev, ma\u015f\u0131n, \u0259mlak m\u00fcbahis\u0259sin\u0259 &#8220;yol&#8221; a\u00e7\u0131r, onlar\u0131n &#8220;\u00fcmidi&#8221;n\u0259 qal\u0131r. Yaxud, \u00f6z\u00fcm\u00fcz\u00fcn, el\u0259c\u0259 d\u0259, Hindistan\u0131n, ba\u015fqa \u00f6lk\u0259l\u0259rin primitiv, m\u0259zmunsuz dizi filml\u0259ri, seriallar\u0131 efirl\u0259ri doldurur. Odur ki, insanlar\u0131 pis\u0259 yox, yax\u015f\u0131ya y\u00f6n\u0259ltm\u0259k, efirl\u0259rin, verili\u015fl\u0259rin s\u0259viyy\u0259sini art\u0131rmaq v\u0259 alternativl\u0259rin yolunun a\u00e7\u0131lmas\u0131 \u00fc\u00e7\u00fcn imkanlar yaratmaq laz\u0131md\u0131r. O zaman n\u0259y\u0259s\u0259 \u00fcmid etm\u0259k olar&#8221;, &#8211; dey\u0259 mill\u0259t v\u0259kili \u0259lav\u0259 edib.<\/p>\n","protected":false},"excerpt":{"rendered":"<p>Telekanallarda alternativl\u0259rin ortaya qoyulmas\u0131na, ictimai-siyasi y\u00f6n\u00fcml\u00fc debatlar\u0131n, daha ciddi, insanlar\u0131n narahat ed\u0259n m\u0259s\u0259l\u0259l\u0259r\u0259 toxunan, onlara diqq\u0259t ay\u0131ran proqramlar\u0131n say\u0131n\u0131n art\u0131r\u0131lmas\u0131na ehtiyac var. ARANTV.AZ\u00a0x\u0259b\u0259r verir ki, bunu oxu.az-a a\u00e7\u0131qlamas\u0131nda mill\u0259t v\u0259kili Fazil Mustafa deyib. Telekanallarla, x\u00fcsusil\u0259 d\u00f6vl\u0259t b\u00fcdc\u0259sind\u0259n, v\u0259t\u0259nda\u015flar\u0131n vergil\u0259rind\u0259n g\u0259l\u0259n g\u0259lirl\u0259r hesab\u0131na maliyy\u0259l\u0259\u015fdiril\u0259n AzTV v\u0259 \u0130TV il\u0259 ba\u011fl\u0131 parlamentd\u0259 d\u0259f\u0259l\u0259rl\u0259 m\u0259s\u0259l\u0259 qald\u0131rd\u0131\u011f\u0131n\u0131, amma bu istiqam\u0259td\u0259 h\u0259l\u0259lik k\u00f6kl\u00fc d\u0259yi\u015fiklikl\u0259rin ba\u015f verm\u0259diyini qeyd ed\u0259n mill\u0259t v\u0259kili bu y\u00f6nd\u0259 Milli M\u0259clisd\u0259 (MM) hans\u0131sa m\u00fczakir\u0259l\u0259rin a\u00e7\u0131lmas\u0131na ehtiyac g\u00f6rm\u0259diyini qeyd edib. Bildirib ki, buna ehtiyac duyulmur, \u00e7\u00fcnki ortada h\u0259l\u0259lik d\u0259yi\u015f\u0259n he\u00e7 n\u0259 yoxdur. &#8220;M\u0259s\u0259l\u0259n, AzTV-d\u0259&hellip;<\/p>\n","protected":false},"author":2,"featured_media":21577,"comment_status":"closed","ping_status":"closed","sticky":false,"template":"","format":"standard","meta":{"om_disable_all_campaigns":false,"_monsterinsights_skip_tracking":false,"_monsterinsights_sitenote_active":false,"_monsterinsights_sitenote_note":"","_monsterinsights_sitenote_category":0},"categories":[1],"tags":[],"aioseo_notices":[],"gutentor_comment":0,"rttpg_featured_image_url":{"full":["https:\/\/arantv.az\/wp-content\/uploads\/2018\/10\/1540553644fazil-1_1.jpg",549,373,false],"landscape":["https:\/\/arantv.az\/wp-content\/uploads\/2018\/10\/1540553644fazil-1_1.jpg",549,373,false],"portraits":["https:\/\/arantv.az\/wp-content\/uploads\/2018\/10\/1540553644fazil-1_1.jpg",549,373,false],"thumbnail":["https:\/\/arantv.az\/wp-content\/uploads\/2018\/10\/1540553644fazil-1_1-150x150.jpg",150,150,true],"medium":["https:\/\/arantv.az\/wp-content\/uploads\/2018\/10\/1540553644fazil-1_1-300x204.jpg",300,204,true],"large":["https:\/\/arantv.az\/wp-content\/uploads\/2018\/10\/1540553644fazil-1_1.jpg",549,373,false],"1536x1536":["https:\/\/arantv.az\/wp-content\/uploads\/2018\/10\/1540553644fazil-1_1.jpg",549,373,false],"2048x2048":["https:\/\/arantv.az\/wp-content\/uploads\/2018\/10\/1540553644fazil-1_1.jpg",549,373,false],"post-thumbnail":["https:\/\/arantv.az\/wp-content\/uploads\/2018\/10\/1540553644fazil-1_1-240x172.jpg",240,172,true],"advps-thumb-one":["https:\/\/arantv.az\/wp-content\/uploads\/2018\/10\/1540553644fazil-1_1.jpg",549,373,false]},"rttpg_author":{"display_name":"V\u00fcsal Rafiqo\u011flu","author_link":"https:\/\/arantv.az\/?author=2"},"rttpg_comment":0,"rttpg_category":"<a href=\"https:\/\/arantv.az\/?cat=1\" rel=\"category\">C\u0259miyy\u0259t<\/a>","rttpg_excerpt":"Telekanallarda alternativl\u0259rin ortaya qoyulmas\u0131na, ictimai-siyasi y\u00f6n\u00fcml\u00fc debatlar\u0131n, daha ciddi, insanlar\u0131n narahat ed\u0259n m\u0259s\u0259l\u0259l\u0259r\u0259 toxunan, onlara diqq\u0259t ay\u0131ran proqramlar\u0131n say\u0131n\u0131n art\u0131r\u0131lmas\u0131na ehtiyac var. ARANTV.AZ\u00a0x\u0259b\u0259r verir ki, bunu oxu.az-a a\u00e7\u0131qlamas\u0131nda mill\u0259t v\u0259kili Fazil Mustafa deyib. Telekanallarla, x\u00fcsusil\u0259 d\u00f6vl\u0259t b\u00fcdc\u0259sind\u0259n, v\u0259t\u0259nda\u015flar\u0131n vergil\u0259rind\u0259n g\u0259l\u0259n g\u0259lirl\u0259r hesab\u0131na maliyy\u0259l\u0259\u015fdiril\u0259n AzTV v\u0259 \u0130TV il\u0259 ba\u011fl\u0131 parlamentd\u0259 d\u0259f\u0259l\u0259rl\u0259 m\u0259s\u0259l\u0259 qald\u0131rd\u0131\u011f\u0131n\u0131, amma bu istiqam\u0259td\u0259&hellip;","_links":{"self":[{"href":"https:\/\/arantv.az\/index.php?rest_route=\/wp\/v2\/posts\/21576"}],"collection":[{"href":"https:\/\/arantv.az\/index.php?rest_route=\/wp\/v2\/posts"}],"about":[{"href":"https:\/\/arantv.az\/index.php?rest_route=\/wp\/v2\/types\/post"}],"author":[{"embeddable":true,"href":"https:\/\/arantv.az\/index.php?rest_route=\/wp\/v2\/users\/2"}],"replies":[{"embeddable":true,"href":"https:\/\/arantv.az\/index.php?rest_route=%2Fwp%2Fv2%2Fcomments&post=21576"}],"version-history":[{"count":0,"href":"https:\/\/arantv.az\/index.php?rest_route=\/wp\/v2\/posts\/21576\/revisions"}],"wp:featuredmedia":[{"embeddable":true,"href":"https:\/\/arantv.az\/index.php?rest_route=\/wp\/v2\/media\/21577"}],"wp:attachment":[{"href":"https:\/\/arantv.az\/index.php?rest_route=%2Fwp%2Fv2%2Fmedia&parent=21576"}],"wp:term":[{"taxonomy":"category","embeddable":true,"href":"https:\/\/arantv.az\/index.php?rest_route=%2Fwp%2Fv2%2Fcategories&post=21576"},{"taxonomy":"post_tag","embeddable":true,"href":"https:\/\/arantv.az\/index.php?rest_route=%2Fwp%2Fv2%2Ftags&post=21576"}],"curies":[{"name":"wp","href":"https:\/\/api.w.org\/{rel}","templated":true}]}}