{"id":21583,"date":"2018-10-26T16:09:56","date_gmt":"2018-10-26T13:09:56","guid":{"rendered":"http:\/\/arantv.az\/?p=21583"},"modified":"2018-10-26T16:09:56","modified_gmt":"2018-10-26T13:09:56","slug":"dmitri-savelyev-baki-ktmt-y%c9%99-qosulmaq-arzusunu-bildir%c9%99rs%c9%99-rusiya-az%c9%99rbaycanin-bu-quruma-daxil-olmasini-d%c9%99st%c9%99kl%c9%99y%c9%99c%c9%99k","status":"publish","type":"post","link":"https:\/\/arantv.az\/?p=21583","title":{"rendered":"Dmitri Savelyev: &#8220;Bak\u0131 KTMT-y\u0259 qo\u015fulmaq arzusunu bildir\u0259rs\u0259, Rusiya Az\u0259rbaycan\u0131n bu quruma daxil olmas\u0131n\u0131 d\u0259st\u0259kl\u0259y\u0259c\u0259k&#8221;"},"content":{"rendered":"<p><strong>&#8220;Rusiya Kollektiv T\u0259hl\u00fck\u0259sizlik M\u00fcqavil\u0259si T\u0259\u015fkilat\u0131n\u0131n (KTMT) apar\u0131c\u0131 d\u00f6vl\u0259ti olaraq bu quruma Az\u0259rbaycan kimi \u00f6z etibarl\u0131l\u0131\u011f\u0131n\u0131 t\u0259sdiq etmi\u015f g\u00fccl\u00fc t\u0259r\u0259fda\u015f v\u0259 dostun qo\u015fulmas\u0131n\u0131 tam d\u0259st\u0259kl\u0259y\u0259r&#8221;.<\/strong><\/p>\n<p><strong>ARANTV.AZ<\/strong> trend-\u0259 istinad\u0259n x\u0259b\u0259r verir ki, bunu VI Bak\u0131 Beyn\u0259lxalq Humanitar Forumu \u00e7\u0259r\u00e7iv\u0259sind\u0259 ke\u00e7iril\u0259n &#8220;Yanl\u0131\u015f m\u0259lumatland\u0131rma siyas\u0259ti &#8211; m\u00fcasir d\u00fcnyada sabitliy\u0259 t\u0259hdid&#8221; adl\u0131 i\u015f\u00e7i sessiyada Rusiya D\u00f6vl\u0259t Dumas\u0131n\u0131n deputat\u0131 Dmitri Savelyev deyib.<\/p>\n<p>Deputat\u0131n s\u00f6zl\u0259rin\u0259 g\u00f6r\u0259, Az\u0259rbaycan regionda sabitliy\u0259 v\u0259 hadis\u0259l\u0259rin dinc axar\u0131na getdikc\u0259 daha \u00e7ox t\u0259sir ed\u0259n bir d\u00f6vl\u0259tdir.<\/p>\n<p>D.Savelyev qeyd edib ki, dig\u0259r t\u0259r\u0259fd\u0259n KTMT-nin Da\u011fl\u0131q Qaraba\u011f m\u00fcnaqi\u015f\u0259sinin nizamlanmas\u0131 prosesin\u0259 qo\u015fulmas\u0131 v\u0259 bu m\u00fcnaqi\u015f\u0259nin m\u00fczakir\u0259sinin daha bir platformaya da\u015f\u0131nmas\u0131 dan\u0131\u015f\u0131qlar prosesin\u0259 m\u00fcsb\u0259t t\u0259sir g\u00f6st\u0259r\u0259rdi.<\/p>\n<p>Duma \u00fczv\u00fc \u0259lav\u0259 edib ki, Bak\u0131n\u0131n KTMT-y\u0259 qo\u015fulmaq arzusunu bildir\u0259c\u0259yi t\u0259qdird\u0259 Rusiya Az\u0259rbaycan\u0131n bu quruma daxil olmas\u0131n\u0131 q\u0259tiyy\u0259tl\u0259 d\u0259st\u0259kl\u0259y\u0259c\u0259k.<\/p>\n<p>Qeyd ed\u0259k ki, oktyabr\u0131n 25-d\u0259 Bak\u0131da VI Beyn\u0259lxalq Humanitar Forum i\u015f\u0259 ba\u015flay\u0131b. &#8220;Yeni d\u00fcnya v\u0259 yeni insan formala\u015fd\u0131raq: kreativlik v\u0259 insan inki\u015faf\u0131&#8221; m\u00f6vzusunda ke\u00e7iril\u0259n bud\u0259f\u0259ki Foruma 86 \u00f6lk\u0259 v\u0259 24 beyn\u0259lxalq t\u0259\u015fkilatdan 581 n\u00fcmay\u0259nd\u0259 qat\u0131l\u0131b.<\/p>\n","protected":false},"excerpt":{"rendered":"<p>&#8220;Rusiya Kollektiv T\u0259hl\u00fck\u0259sizlik M\u00fcqavil\u0259si T\u0259\u015fkilat\u0131n\u0131n (KTMT) apar\u0131c\u0131 d\u00f6vl\u0259ti olaraq bu quruma Az\u0259rbaycan kimi \u00f6z etibarl\u0131l\u0131\u011f\u0131n\u0131 t\u0259sdiq etmi\u015f g\u00fccl\u00fc t\u0259r\u0259fda\u015f v\u0259 dostun qo\u015fulmas\u0131n\u0131 tam d\u0259st\u0259kl\u0259y\u0259r&#8221;. ARANTV.AZ trend-\u0259 istinad\u0259n x\u0259b\u0259r verir ki, bunu VI Bak\u0131 Beyn\u0259lxalq Humanitar Forumu \u00e7\u0259r\u00e7iv\u0259sind\u0259 ke\u00e7iril\u0259n &#8220;Yanl\u0131\u015f m\u0259lumatland\u0131rma siyas\u0259ti &#8211; m\u00fcasir d\u00fcnyada sabitliy\u0259 t\u0259hdid&#8221; adl\u0131 i\u015f\u00e7i sessiyada Rusiya D\u00f6vl\u0259t Dumas\u0131n\u0131n deputat\u0131 Dmitri Savelyev deyib. Deputat\u0131n s\u00f6zl\u0259rin\u0259 g\u00f6r\u0259, Az\u0259rbaycan regionda sabitliy\u0259 v\u0259 hadis\u0259l\u0259rin dinc axar\u0131na getdikc\u0259 daha \u00e7ox t\u0259sir ed\u0259n bir d\u00f6vl\u0259tdir. D.Savelyev qeyd edib ki, dig\u0259r t\u0259r\u0259fd\u0259n KTMT-nin Da\u011fl\u0131q Qaraba\u011f m\u00fcnaqi\u015f\u0259sinin nizamlanmas\u0131 prosesin\u0259 qo\u015fulmas\u0131 v\u0259 bu m\u00fcnaqi\u015f\u0259nin m\u00fczakir\u0259sinin&hellip;<\/p>\n","protected":false},"author":2,"featured_media":21584,"comment_status":"closed","ping_status":"closed","sticky":false,"template":"","format":"standard","meta":{"om_disable_all_campaigns":false,"_monsterinsights_skip_tracking":false,"_monsterinsights_sitenote_active":false,"_monsterinsights_sitenote_note":"","_monsterinsights_sitenote_category":0},"categories":[4],"tags":[],"aioseo_notices":[],"gutentor_comment":0,"rttpg_featured_image_url":{"full":["https:\/\/arantv.az\/wp-content\/uploads\/2018\/10\/698164.jpg",800,600,false],"landscape":["https:\/\/arantv.az\/wp-content\/uploads\/2018\/10\/698164.jpg",800,600,false],"portraits":["https:\/\/arantv.az\/wp-content\/uploads\/2018\/10\/698164.jpg",800,600,false],"thumbnail":["https:\/\/arantv.az\/wp-content\/uploads\/2018\/10\/698164-150x150.jpg",150,150,true],"medium":["https:\/\/arantv.az\/wp-content\/uploads\/2018\/10\/698164-300x225.jpg",300,225,true],"large":["https:\/\/arantv.az\/wp-content\/uploads\/2018\/10\/698164.jpg",640,480,false],"1536x1536":["https:\/\/arantv.az\/wp-content\/uploads\/2018\/10\/698164.jpg",800,600,false],"2048x2048":["https:\/\/arantv.az\/wp-content\/uploads\/2018\/10\/698164.jpg",800,600,false],"post-thumbnail":["https:\/\/arantv.az\/wp-content\/uploads\/2018\/10\/698164-240x172.jpg",240,172,true],"advps-thumb-one":["https:\/\/arantv.az\/wp-content\/uploads\/2018\/10\/698164.jpg",800,600,false]},"rttpg_author":{"display_name":"V\u00fcsal Rafiqo\u011flu","author_link":"https:\/\/arantv.az\/?author=2"},"rttpg_comment":0,"rttpg_category":"<a href=\"https:\/\/arantv.az\/?cat=4\" rel=\"category\">Siyas\u0259t<\/a>","rttpg_excerpt":"&#8220;Rusiya Kollektiv T\u0259hl\u00fck\u0259sizlik M\u00fcqavil\u0259si T\u0259\u015fkilat\u0131n\u0131n (KTMT) apar\u0131c\u0131 d\u00f6vl\u0259ti olaraq bu quruma Az\u0259rbaycan kimi \u00f6z etibarl\u0131l\u0131\u011f\u0131n\u0131 t\u0259sdiq etmi\u015f g\u00fccl\u00fc t\u0259r\u0259fda\u015f v\u0259 dostun qo\u015fulmas\u0131n\u0131 tam d\u0259st\u0259kl\u0259y\u0259r&#8221;. ARANTV.AZ trend-\u0259 istinad\u0259n x\u0259b\u0259r verir ki, bunu VI Bak\u0131 Beyn\u0259lxalq Humanitar Forumu \u00e7\u0259r\u00e7iv\u0259sind\u0259 ke\u00e7iril\u0259n &#8220;Yanl\u0131\u015f m\u0259lumatland\u0131rma siyas\u0259ti &#8211; m\u00fcasir d\u00fcnyada sabitliy\u0259 t\u0259hdid&#8221; adl\u0131 i\u015f\u00e7i sessiyada Rusiya D\u00f6vl\u0259t Dumas\u0131n\u0131n deputat\u0131 Dmitri Savelyev&hellip;","_links":{"self":[{"href":"https:\/\/arantv.az\/index.php?rest_route=\/wp\/v2\/posts\/21583"}],"collection":[{"href":"https:\/\/arantv.az\/index.php?rest_route=\/wp\/v2\/posts"}],"about":[{"href":"https:\/\/arantv.az\/index.php?rest_route=\/wp\/v2\/types\/post"}],"author":[{"embeddable":true,"href":"https:\/\/arantv.az\/index.php?rest_route=\/wp\/v2\/users\/2"}],"replies":[{"embeddable":true,"href":"https:\/\/arantv.az\/index.php?rest_route=%2Fwp%2Fv2%2Fcomments&post=21583"}],"version-history":[{"count":0,"href":"https:\/\/arantv.az\/index.php?rest_route=\/wp\/v2\/posts\/21583\/revisions"}],"wp:featuredmedia":[{"embeddable":true,"href":"https:\/\/arantv.az\/index.php?rest_route=\/wp\/v2\/media\/21584"}],"wp:attachment":[{"href":"https:\/\/arantv.az\/index.php?rest_route=%2Fwp%2Fv2%2Fmedia&parent=21583"}],"wp:term":[{"taxonomy":"category","embeddable":true,"href":"https:\/\/arantv.az\/index.php?rest_route=%2Fwp%2Fv2%2Fcategories&post=21583"},{"taxonomy":"post_tag","embeddable":true,"href":"https:\/\/arantv.az\/index.php?rest_route=%2Fwp%2Fv2%2Ftags&post=21583"}],"curies":[{"name":"wp","href":"https:\/\/api.w.org\/{rel}","templated":true}]}}