{"id":21590,"date":"2018-10-26T16:14:07","date_gmt":"2018-10-26T13:14:07","guid":{"rendered":"http:\/\/arantv.az\/?p=21590"},"modified":"2018-10-26T16:14:07","modified_gmt":"2018-10-26T13:14:07","slug":"rafael-agayev-altinci-d%c9%99f%c9%99-dunya-cempionu-olmaq-ist%c9%99yir%c9%99m-foto-video","status":"publish","type":"post","link":"https:\/\/arantv.az\/?p=21590","title":{"rendered":"Rafael A\u011fayev: Alt\u0131nc\u0131 d\u0259f\u0259 d\u00fcnya \u00e7empionu olmaq ist\u0259yir\u0259m &#8211; FOTO\/V\u0130DEO"},"content":{"rendered":"<p>5-11 noyabr tarixl\u0259rind\u0259 \u0130spaniyan\u0131n paytaxt\u0131 Madridd\u0259 karate \u00fczr\u0259 XXIV d\u00fcnya \u00e7empionat\u0131 ke\u00e7iril\u0259c\u0259k.<\/p>\n<p><strong>ARANTV.AZ\u00a0\u00a0<\/strong>x\u0259b\u0259r verir ki, karated\u0259 ilin \u0259n m\u00f6t\u0259b\u0259r turnirin\u0259 haz\u0131rla\u015fmaq m\u0259qs\u0259dil\u0259 milli komandam\u0131z d\u00f6rd g\u00fcnd\u00fcr \u015eamax\u0131da t\u0259lim-m\u0259\u015fq toplan\u0131\u015f\u0131ndad\u0131r.<\/p>\n<p>Toplan\u0131\u015fa 15 idman\u00e7\u0131 c\u0259lb olunub. \u015eamax\u0131 Olimpiya \u0130dman Kompleksind\u0259 ke\u00e7iril\u0259n haz\u0131rl\u0131qlarda\u00a0<strong>Firdovsi F\u0259rz\u0259liyev<\/strong>\u00a0(60 kq),\u00a0<strong>Tural A\u011falarzad\u0259<\/strong>,\u00a0<strong>Rafiz H\u0259s\u0259nov<\/strong>\u00a0(h\u0259r ikisi 67 kq),\u00a0<strong>Rafael A\u011fayev<\/strong>\u00a0(75 kq),\u00a0<strong>Turqut H\u0259s\u0259nov<\/strong>,\u00a0<strong>P\u0259nah Abdullayev<\/strong>\u00a0(h\u0259r ikisi 84 kq),\u00a0<strong>\u015eahin Atamov<\/strong>,\u00a0<strong>Asiman Qurbanl\u0131<\/strong>,\u00a0<strong>Murad Hac\u0131zad\u0259<\/strong>\u00a0(h\u0259r \u00fc\u00e7\u00fc +84 kq),\u00a0<strong>Roman Heyd\u0259rov<\/strong>\u00a0(kata),\u00a0<strong>Sahib \u018fh\u0259dov<\/strong>\u00a0(para-karate), el\u0259c\u0259 d\u0259\u00a0<strong>Nuran\u0259 \u018fliyeva<\/strong>\u00a0(50 kq),\u00a0<strong>\u0130lah\u0259 Qas\u0131mova<\/strong>\u00a0(55 kq),\u00a0<strong>F\u0259rid\u0259 Abiyeva<\/strong>\u00a0(61 kq) v\u0259\u00a0<strong>F\u0259rid\u0259 \u018fliyeva<\/strong>\u00a0(+68 kq) i\u015ftirak edir.<\/p>\n<div id=\"AdributorNativeVideo0\" class=\"AdributorNativeVideo\"><\/div>\n<p>Az\u0259rbaycan Milli Karate Federasiyas\u0131n\u0131n prezidenti\u00a0<strong>Ya\u015far B\u0259\u015firov<\/strong>, be\u015fqat d\u00fcnya \u00e7empionumuz Rafael A\u011fayev v\u0259 ki\u015fi millimizin ba\u015f m\u0259\u015fq\u00e7isi\u00a0<strong>\u015eahin Xudaverdiyev\u00a0<\/strong>Baku TV-nin mikrofonuna haz\u0131rl\u0131qlar v\u0259 qar\u015f\u0131dak\u0131 d\u00fcnya \u00e7empionat\u0131 il\u0259 ba\u011fl\u0131 dan\u0131\u015f\u0131b.<\/p>\n<p>B\u0259\u015firov v\u0259 Xudaverdiyev bu yar\u0131\u015f\u0131n \u00f6n\u0259mind\u0259n s\u00f6z a\u00e7\u0131b, yax\u015f\u0131 n\u0259tic\u0259l\u0259rin 2020-ci ild\u0259 Yaponiyan\u0131n paytaxt\u0131 Tokioda ke\u00e7iril\u0259c\u0259k Yay Olimpiya Oyunlar\u0131na lisenziya xallar\u0131 verdiyini vur\u011fulay\u0131b. A\u011fayev is\u0259 bu d\u00fcnya \u00e7empionat\u0131n\u0131n onun \u00fc\u00e7\u00fcn b\u00f6y\u00fck \u00f6n\u0259minin oldu\u011funu v\u0259 alt\u0131nc\u0131 d\u0259f\u0259 d\u00fcnya \u00e7empionu olmaq ist\u0259diyini bildirib.<\/p>\n<div><iframe loading=\"lazy\" src=\"https:\/\/baku.tv\/embed\/4673\" width=\"640\" height=\"360\" frameborder=\"0\" scrolling=\"no\" allowfullscreen=\"allowfullscreen\" data-mce-fragment=\"1\"><\/iframe><\/div>\n<p><img src=\"https:\/\/scontent.fgyd11-1.fna.fbcdn.net\/v\/t1.0-9\/44768129_886500014886818_6693756653084344320_n.jpg?_nc_cat=106&amp;_nc_ht=scontent.fgyd11-1.fna&amp;oh=58e5b9ef780a406d86841809db446354&amp;oe=5C8AA78F\" alt=\"Az\u00c9\u0099rbaycan Milli Karate Federasiyas\u00c4\u00b1-Azerbaijan National Karate Federation adl\u00c4\u00b1 \u00c5\u009f\u00c9\u0099xsin \u00c5\u009f\u00c9\u0099kli.\" \/><img src=\"https:\/\/scontent.fgyd11-1.fna.fbcdn.net\/v\/t1.0-9\/43531076_886500008220152_2557990196880605184_n.jpg?_nc_cat=105&amp;_nc_ht=scontent.fgyd11-1.fna&amp;oh=36d38d639bf6fa2b395112e59adacea4&amp;oe=5C552687\" alt=\"Az\u00c9\u0099rbaycan Milli Karate Federasiyas\u00c4\u00b1-Azerbaijan National Karate Federation adl\u00c4\u00b1 \u00c5\u009f\u00c9\u0099xsin \u00c5\u009f\u00c9\u0099kli.\" \/><img src=\"https:\/\/scontent.fgyd11-1.fna.fbcdn.net\/v\/t1.0-9\/44759923_886500078220145_9111115975582810112_n.jpg?_nc_cat=100&amp;_nc_ht=scontent.fgyd11-1.fna&amp;oh=fc86d0139822ffea0fc6c938788c1583&amp;oe=5C41E8FD\" alt=\"Az\u00c9\u0099rbaycan Milli Karate Federasiyas\u00c4\u00b1-Azerbaijan National Karate Federation adl\u00c4\u00b1 \u00c5\u009f\u00c9\u0099xsin \u00c5\u009f\u00c9\u0099kli.\" \/><\/p>\n<p>Qeyd ed\u0259k ki, karate\u00e7il\u0259rin t\u0259lim-m\u0259\u015fq toplan\u0131\u015f\u0131 bir h\u0259ft\u0259 davam ed\u0259c\u0259k. Milli komanda 3\u00a0noyabrda d\u00fcnya \u00e7empionat\u0131na yollanacaq.oxu.az<\/p>\n","protected":false},"excerpt":{"rendered":"<p>5-11 noyabr tarixl\u0259rind\u0259 \u0130spaniyan\u0131n paytaxt\u0131 Madridd\u0259 karate \u00fczr\u0259 XXIV d\u00fcnya \u00e7empionat\u0131 ke\u00e7iril\u0259c\u0259k. ARANTV.AZ\u00a0\u00a0x\u0259b\u0259r verir ki, karated\u0259 ilin \u0259n m\u00f6t\u0259b\u0259r turnirin\u0259 haz\u0131rla\u015fmaq m\u0259qs\u0259dil\u0259 milli komandam\u0131z d\u00f6rd g\u00fcnd\u00fcr \u015eamax\u0131da t\u0259lim-m\u0259\u015fq toplan\u0131\u015f\u0131ndad\u0131r. Toplan\u0131\u015fa 15 idman\u00e7\u0131 c\u0259lb olunub. \u015eamax\u0131 Olimpiya \u0130dman Kompleksind\u0259 ke\u00e7iril\u0259n haz\u0131rl\u0131qlarda\u00a0Firdovsi F\u0259rz\u0259liyev\u00a0(60 kq),\u00a0Tural A\u011falarzad\u0259,\u00a0Rafiz H\u0259s\u0259nov\u00a0(h\u0259r ikisi 67 kq),\u00a0Rafael A\u011fayev\u00a0(75 kq),\u00a0Turqut H\u0259s\u0259nov,\u00a0P\u0259nah Abdullayev\u00a0(h\u0259r ikisi 84 kq),\u00a0\u015eahin Atamov,\u00a0Asiman Qurbanl\u0131,\u00a0Murad Hac\u0131zad\u0259\u00a0(h\u0259r \u00fc\u00e7\u00fc +84 kq),\u00a0Roman Heyd\u0259rov\u00a0(kata),\u00a0Sahib \u018fh\u0259dov\u00a0(para-karate), el\u0259c\u0259 d\u0259\u00a0Nuran\u0259 \u018fliyeva\u00a0(50 kq),\u00a0\u0130lah\u0259 Qas\u0131mova\u00a0(55 kq),\u00a0F\u0259rid\u0259 Abiyeva\u00a0(61 kq) v\u0259\u00a0F\u0259rid\u0259 \u018fliyeva\u00a0(+68 kq) i\u015ftirak edir. Az\u0259rbaycan Milli Karate Federasiyas\u0131n\u0131n prezidenti\u00a0Ya\u015far B\u0259\u015firov, be\u015fqat d\u00fcnya \u00e7empionumuz Rafael A\u011fayev v\u0259 ki\u015fi millimizin ba\u015f&hellip;<\/p>\n","protected":false},"author":2,"featured_media":21591,"comment_status":"closed","ping_status":"closed","sticky":false,"template":"","format":"standard","meta":{"om_disable_all_campaigns":false,"_monsterinsights_skip_tracking":false,"_monsterinsights_sitenote_active":false,"_monsterinsights_sitenote_note":"","_monsterinsights_sitenote_category":0},"categories":[6],"tags":[],"aioseo_notices":[],"gutentor_comment":0,"rttpg_featured_image_url":{"full":["https:\/\/arantv.az\/wp-content\/uploads\/2018\/10\/44819259_469492136879404_757176938711220224_n.jpg",620,349,false],"landscape":["https:\/\/arantv.az\/wp-content\/uploads\/2018\/10\/44819259_469492136879404_757176938711220224_n.jpg",620,349,false],"portraits":["https:\/\/arantv.az\/wp-content\/uploads\/2018\/10\/44819259_469492136879404_757176938711220224_n.jpg",620,349,false],"thumbnail":["https:\/\/arantv.az\/wp-content\/uploads\/2018\/10\/44819259_469492136879404_757176938711220224_n-150x150.jpg",150,150,true],"medium":["https:\/\/arantv.az\/wp-content\/uploads\/2018\/10\/44819259_469492136879404_757176938711220224_n-300x169.jpg",300,169,true],"large":["https:\/\/arantv.az\/wp-content\/uploads\/2018\/10\/44819259_469492136879404_757176938711220224_n.jpg",620,349,false],"1536x1536":["https:\/\/arantv.az\/wp-content\/uploads\/2018\/10\/44819259_469492136879404_757176938711220224_n.jpg",620,349,false],"2048x2048":["https:\/\/arantv.az\/wp-content\/uploads\/2018\/10\/44819259_469492136879404_757176938711220224_n.jpg",620,349,false],"post-thumbnail":["https:\/\/arantv.az\/wp-content\/uploads\/2018\/10\/44819259_469492136879404_757176938711220224_n-240x172.jpg",240,172,true],"advps-thumb-one":["https:\/\/arantv.az\/wp-content\/uploads\/2018\/10\/44819259_469492136879404_757176938711220224_n.jpg",620,349,false]},"rttpg_author":{"display_name":"V\u00fcsal Rafiqo\u011flu","author_link":"https:\/\/arantv.az\/?author=2"},"rttpg_comment":0,"rttpg_category":"<a href=\"https:\/\/arantv.az\/?cat=6\" rel=\"category\">\u0130dman<\/a>","rttpg_excerpt":"5-11 noyabr tarixl\u0259rind\u0259 \u0130spaniyan\u0131n paytaxt\u0131 Madridd\u0259 karate \u00fczr\u0259 XXIV d\u00fcnya \u00e7empionat\u0131 ke\u00e7iril\u0259c\u0259k. ARANTV.AZ\u00a0\u00a0x\u0259b\u0259r verir ki, karated\u0259 ilin \u0259n m\u00f6t\u0259b\u0259r turnirin\u0259 haz\u0131rla\u015fmaq m\u0259qs\u0259dil\u0259 milli komandam\u0131z d\u00f6rd g\u00fcnd\u00fcr \u015eamax\u0131da t\u0259lim-m\u0259\u015fq toplan\u0131\u015f\u0131ndad\u0131r. Toplan\u0131\u015fa 15 idman\u00e7\u0131 c\u0259lb olunub. \u015eamax\u0131 Olimpiya \u0130dman Kompleksind\u0259 ke\u00e7iril\u0259n haz\u0131rl\u0131qlarda\u00a0Firdovsi F\u0259rz\u0259liyev\u00a0(60 kq),\u00a0Tural A\u011falarzad\u0259,\u00a0Rafiz H\u0259s\u0259nov\u00a0(h\u0259r ikisi 67 kq),\u00a0Rafael A\u011fayev\u00a0(75 kq),\u00a0Turqut H\u0259s\u0259nov,\u00a0P\u0259nah Abdullayev\u00a0(h\u0259r ikisi 84 kq),\u00a0\u015eahin Atamov,\u00a0Asiman&hellip;","_links":{"self":[{"href":"https:\/\/arantv.az\/index.php?rest_route=\/wp\/v2\/posts\/21590"}],"collection":[{"href":"https:\/\/arantv.az\/index.php?rest_route=\/wp\/v2\/posts"}],"about":[{"href":"https:\/\/arantv.az\/index.php?rest_route=\/wp\/v2\/types\/post"}],"author":[{"embeddable":true,"href":"https:\/\/arantv.az\/index.php?rest_route=\/wp\/v2\/users\/2"}],"replies":[{"embeddable":true,"href":"https:\/\/arantv.az\/index.php?rest_route=%2Fwp%2Fv2%2Fcomments&post=21590"}],"version-history":[{"count":0,"href":"https:\/\/arantv.az\/index.php?rest_route=\/wp\/v2\/posts\/21590\/revisions"}],"wp:featuredmedia":[{"embeddable":true,"href":"https:\/\/arantv.az\/index.php?rest_route=\/wp\/v2\/media\/21591"}],"wp:attachment":[{"href":"https:\/\/arantv.az\/index.php?rest_route=%2Fwp%2Fv2%2Fmedia&parent=21590"}],"wp:term":[{"taxonomy":"category","embeddable":true,"href":"https:\/\/arantv.az\/index.php?rest_route=%2Fwp%2Fv2%2Fcategories&post=21590"},{"taxonomy":"post_tag","embeddable":true,"href":"https:\/\/arantv.az\/index.php?rest_route=%2Fwp%2Fv2%2Ftags&post=21590"}],"curies":[{"name":"wp","href":"https:\/\/api.w.org\/{rel}","templated":true}]}}