{"id":21594,"date":"2018-10-27T08:27:06","date_gmt":"2018-10-27T05:27:06","guid":{"rendered":"http:\/\/arantv.az\/?p=21594"},"modified":"2018-10-27T10:12:25","modified_gmt":"2018-10-27T07:12:25","slug":"bu-paltardan-aygun-kazimova-da-geyinmisdi-fotolar","status":"publish","type":"post","link":"https:\/\/arantv.az\/?p=21594","title":{"rendered":"Bu paltardan Ayg\u00fcn Kaz\u0131mova da geyinmi\u015fdi&#8230; &#8211; Fotolar"},"content":{"rendered":"<p>\u00d6t\u0259n g\u00fcn \u201cLatin American Music Awards\u201d m\u00fckafat m\u0259rasimin\u0259 meksikal\u0131 m\u0259\u015fhur aktrisa Samadhi Zendejas da g\u0259lib.<strong>ARANTV.AZ<\/strong> x\u0259b\u0259r verir ki, 23 ya\u015fl\u0131 aktrisa geyimi il\u0259 diqq\u0259t m\u0259rk\u0259zind\u0259 olub. Samadhinin geyimini m\u0259\u015fhur az\u0259rbaycanl\u0131 dizayner R\u00fcf\u0259t \u0130smay\u0131l haz\u0131rlay\u0131b. Samadhinin q\u0131z\u0131l\u0131 paltar\u0131 Az\u0259rbaycan m\u0259tbuat\u0131na yad deyil. Bel\u0259 ki, h\u0259min geyimii xalq artisti Ayg\u00fcn Kaz\u0131mova da \u201cJara\u201dn\u0131n Bak\u0131da ke\u00e7iril\u0259n Beyn\u0259lxalq Musiqi Festival\u0131nda istifad\u0259 edib. Bu m\u0259qamda bildir\u0259k ki, Ayg\u00fcn Kaz\u0131movan\u0131n eyni modeld\u0259 olan paltar\u0131n\u0131 az\u0259rbaycanl\u0131 dizayner R\u00fcf\u0259t \u0130smay\u0131l \u0259rs\u0259y\u0259 g\u0259tirib.<\/p>\n<p><img loading=\"lazy\" class=\"alignnone size-medium wp-image-21595\" src=\"https:\/\/arantv.az\/wp-content\/uploads\/2018\/10\/43594429_251111232219222_5414446059231379456_n-300x300.jpg\" alt=\"\" width=\"300\" height=\"300\" \/><\/p>\n<p><img loading=\"lazy\" class=\"alignnone size-medium wp-image-21596\" src=\"https:\/\/arantv.az\/wp-content\/uploads\/2018\/10\/43666913_478987242610818_1032572638322491392_n-300x300.jpg\" alt=\"\" width=\"300\" height=\"300\" \/><\/p>\n<p><img loading=\"lazy\" class=\"alignnone size-medium wp-image-21597\" src=\"https:\/\/arantv.az\/wp-content\/uploads\/2018\/10\/43725549_545570882557477_958838645534490624_n-300x300.jpg\" alt=\"\" width=\"300\" height=\"300\" \/><\/p>\n","protected":false},"excerpt":{"rendered":"<p>\u00d6t\u0259n g\u00fcn \u201cLatin American Music Awards\u201d m\u00fckafat m\u0259rasimin\u0259 meksikal\u0131 m\u0259\u015fhur aktrisa Samadhi Zendejas da g\u0259lib.ARANTV.AZ x\u0259b\u0259r verir ki, 23 ya\u015fl\u0131 aktrisa geyimi il\u0259 diqq\u0259t m\u0259rk\u0259zind\u0259 olub. Samadhinin geyimini m\u0259\u015fhur az\u0259rbaycanl\u0131 dizayner R\u00fcf\u0259t \u0130smay\u0131l haz\u0131rlay\u0131b. Samadhinin q\u0131z\u0131l\u0131 paltar\u0131 Az\u0259rbaycan m\u0259tbuat\u0131na yad deyil. Bel\u0259 ki, h\u0259min geyimii xalq artisti Ayg\u00fcn Kaz\u0131mova da \u201cJara\u201dn\u0131n Bak\u0131da ke\u00e7iril\u0259n Beyn\u0259lxalq Musiqi Festival\u0131nda istifad\u0259 edib. Bu m\u0259qamda bildir\u0259k ki, Ayg\u00fcn Kaz\u0131movan\u0131n eyni modeld\u0259 olan paltar\u0131n\u0131 az\u0259rbaycanl\u0131 dizayner R\u00fcf\u0259t \u0130smay\u0131l \u0259rs\u0259y\u0259 g\u0259tirib.<\/p>\n","protected":false},"author":2,"featured_media":21595,"comment_status":"closed","ping_status":"closed","sticky":false,"template":"","format":"standard","meta":{"om_disable_all_campaigns":false,"_monsterinsights_skip_tracking":false,"_monsterinsights_sitenote_active":false,"_monsterinsights_sitenote_note":"","_monsterinsights_sitenote_category":0},"categories":[20],"tags":[],"aioseo_notices":[],"gutentor_comment":0,"rttpg_featured_image_url":{"full":["https:\/\/arantv.az\/wp-content\/uploads\/2018\/10\/43594429_251111232219222_5414446059231379456_n.jpg",960,960,false],"landscape":["https:\/\/arantv.az\/wp-content\/uploads\/2018\/10\/43594429_251111232219222_5414446059231379456_n.jpg",960,960,false],"portraits":["https:\/\/arantv.az\/wp-content\/uploads\/2018\/10\/43594429_251111232219222_5414446059231379456_n.jpg",960,960,false],"thumbnail":["https:\/\/arantv.az\/wp-content\/uploads\/2018\/10\/43594429_251111232219222_5414446059231379456_n-150x150.jpg",150,150,true],"medium":["https:\/\/arantv.az\/wp-content\/uploads\/2018\/10\/43594429_251111232219222_5414446059231379456_n-300x300.jpg",300,300,true],"large":["https:\/\/arantv.az\/wp-content\/uploads\/2018\/10\/43594429_251111232219222_5414446059231379456_n.jpg",640,640,false],"1536x1536":["https:\/\/arantv.az\/wp-content\/uploads\/2018\/10\/43594429_251111232219222_5414446059231379456_n.jpg",960,960,false],"2048x2048":["https:\/\/arantv.az\/wp-content\/uploads\/2018\/10\/43594429_251111232219222_5414446059231379456_n.jpg",960,960,false],"post-thumbnail":["https:\/\/arantv.az\/wp-content\/uploads\/2018\/10\/43594429_251111232219222_5414446059231379456_n-240x172.jpg",240,172,true],"advps-thumb-one":["https:\/\/arantv.az\/wp-content\/uploads\/2018\/10\/43594429_251111232219222_5414446059231379456_n-960x620.jpg",960,620,true]},"rttpg_author":{"display_name":"V\u00fcsal Rafiqo\u011flu","author_link":"https:\/\/arantv.az\/?author=2"},"rttpg_comment":0,"rttpg_category":"<a href=\"https:\/\/arantv.az\/?cat=20\" rel=\"category\">\u015eou biznes<\/a>","rttpg_excerpt":"\u00d6t\u0259n g\u00fcn \u201cLatin American Music Awards\u201d m\u00fckafat m\u0259rasimin\u0259 meksikal\u0131 m\u0259\u015fhur aktrisa Samadhi Zendejas da g\u0259lib.ARANTV.AZ x\u0259b\u0259r verir ki, 23 ya\u015fl\u0131 aktrisa geyimi il\u0259 diqq\u0259t m\u0259rk\u0259zind\u0259 olub. Samadhinin geyimini m\u0259\u015fhur az\u0259rbaycanl\u0131 dizayner R\u00fcf\u0259t \u0130smay\u0131l haz\u0131rlay\u0131b. Samadhinin q\u0131z\u0131l\u0131 paltar\u0131 Az\u0259rbaycan m\u0259tbuat\u0131na yad deyil. Bel\u0259 ki, h\u0259min geyimii xalq artisti Ayg\u00fcn Kaz\u0131mova da \u201cJara\u201dn\u0131n Bak\u0131da ke\u00e7iril\u0259n Beyn\u0259lxalq Musiqi&hellip;","_links":{"self":[{"href":"https:\/\/arantv.az\/index.php?rest_route=\/wp\/v2\/posts\/21594"}],"collection":[{"href":"https:\/\/arantv.az\/index.php?rest_route=\/wp\/v2\/posts"}],"about":[{"href":"https:\/\/arantv.az\/index.php?rest_route=\/wp\/v2\/types\/post"}],"author":[{"embeddable":true,"href":"https:\/\/arantv.az\/index.php?rest_route=\/wp\/v2\/users\/2"}],"replies":[{"embeddable":true,"href":"https:\/\/arantv.az\/index.php?rest_route=%2Fwp%2Fv2%2Fcomments&post=21594"}],"version-history":[{"count":0,"href":"https:\/\/arantv.az\/index.php?rest_route=\/wp\/v2\/posts\/21594\/revisions"}],"wp:featuredmedia":[{"embeddable":true,"href":"https:\/\/arantv.az\/index.php?rest_route=\/wp\/v2\/media\/21595"}],"wp:attachment":[{"href":"https:\/\/arantv.az\/index.php?rest_route=%2Fwp%2Fv2%2Fmedia&parent=21594"}],"wp:term":[{"taxonomy":"category","embeddable":true,"href":"https:\/\/arantv.az\/index.php?rest_route=%2Fwp%2Fv2%2Fcategories&post=21594"},{"taxonomy":"post_tag","embeddable":true,"href":"https:\/\/arantv.az\/index.php?rest_route=%2Fwp%2Fv2%2Ftags&post=21594"}],"curies":[{"name":"wp","href":"https:\/\/api.w.org\/{rel}","templated":true}]}}