{"id":21619,"date":"2018-10-27T08:59:34","date_gmt":"2018-10-27T05:59:34","guid":{"rendered":"http:\/\/arantv.az\/?p=21619"},"modified":"2018-10-27T08:59:34","modified_gmt":"2018-10-27T05:59:34","slug":"turkiy%c9%99d%c9%99-pkk-ya-qarsi-%c9%99m%c9%99liyyat-2-h%c9%99rbci-oldu","status":"publish","type":"post","link":"https:\/\/arantv.az\/?p=21619","title":{"rendered":"T\u00fcrkiy\u0259d\u0259 PKK-ya qar\u015f\u0131 \u0259m\u0259liyyat: 2 h\u0259rb\u00e7i \u00f6ld\u00fc"},"content":{"rendered":"<p><strong>T\u00fcrkiy\u0259nin Tunceli vilay\u0259tind\u0259 PKK terror\u00e7ular\u0131na qar\u015f\u0131 \u0259m\u0259liyyat zaman\u0131 iki t\u00fcrk h\u0259rb\u00e7i h\u0259lak olub.<\/strong><\/p>\n<p><strong>ARANTV.AZ<\/strong> trend-\u0259 istinad\u0259n x\u0259b\u0259r verir ki, PKK terror t\u0259\u015fkilat\u0131n\u0131n \u00fczvl\u0259rin\u0259 qar\u015f\u0131 h\u0259rbi \u0259m\u0259liyyat bu g\u00fcn s\u0259h\u0259r saatlar\u0131ndan ba\u015flay\u0131b v\u0259 h\u0259l\u0259 d\u0259 davam edir.<\/p>\n<p>Xat\u0131rladaq ki, T\u00fcrkiy\u0259 il\u0259 m\u00fcst\u0259qil k\u00fcrd d\u00f6vl\u0259tinin yarad\u0131lmas\u0131na \u00e7al\u0131\u015fan PKK aras\u0131nda m\u00fcnaqi\u015f\u0259 25 ild\u0259n \u00e7oxdur davam edir v\u0259 40 mind\u0259n \u00e7ox insan\u0131n h\u0259yat\u0131na son qoyub.<\/p>\n<div id=\"AdributorNativeVideo0\" class=\"AdributorNativeVideo\"><\/div>\n<p>PKK BMT v\u0259 Avropa \u0130ttifaq\u0131 t\u0259r\u0259find\u0259n terror t\u0259\u015fkilat\u0131 kimi tan\u0131n\u0131b.<\/p>\n","protected":false},"excerpt":{"rendered":"<p>T\u00fcrkiy\u0259nin Tunceli vilay\u0259tind\u0259 PKK terror\u00e7ular\u0131na qar\u015f\u0131 \u0259m\u0259liyyat zaman\u0131 iki t\u00fcrk h\u0259rb\u00e7i h\u0259lak olub. ARANTV.AZ trend-\u0259 istinad\u0259n x\u0259b\u0259r verir ki, PKK terror t\u0259\u015fkilat\u0131n\u0131n \u00fczvl\u0259rin\u0259 qar\u015f\u0131 h\u0259rbi \u0259m\u0259liyyat bu g\u00fcn s\u0259h\u0259r saatlar\u0131ndan ba\u015flay\u0131b v\u0259 h\u0259l\u0259 d\u0259 davam edir. Xat\u0131rladaq ki, T\u00fcrkiy\u0259 il\u0259 m\u00fcst\u0259qil k\u00fcrd d\u00f6vl\u0259tinin yarad\u0131lmas\u0131na \u00e7al\u0131\u015fan PKK aras\u0131nda m\u00fcnaqi\u015f\u0259 25 ild\u0259n \u00e7oxdur davam edir v\u0259 40 mind\u0259n \u00e7ox insan\u0131n h\u0259yat\u0131na son qoyub. PKK BMT v\u0259 Avropa \u0130ttifaq\u0131 t\u0259r\u0259find\u0259n terror t\u0259\u015fkilat\u0131 kimi tan\u0131n\u0131b.<\/p>\n","protected":false},"author":2,"featured_media":21620,"comment_status":"closed","ping_status":"closed","sticky":false,"template":"","format":"standard","meta":{"om_disable_all_campaigns":false,"_monsterinsights_skip_tracking":false,"_monsterinsights_sitenote_active":false,"_monsterinsights_sitenote_note":"","_monsterinsights_sitenote_category":0},"categories":[7],"tags":[],"aioseo_notices":[],"gutentor_comment":0,"rttpg_featured_image_url":{"full":["https:\/\/arantv.az\/wp-content\/uploads\/2018\/10\/698324.jpg",800,600,false],"landscape":["https:\/\/arantv.az\/wp-content\/uploads\/2018\/10\/698324.jpg",800,600,false],"portraits":["https:\/\/arantv.az\/wp-content\/uploads\/2018\/10\/698324.jpg",800,600,false],"thumbnail":["https:\/\/arantv.az\/wp-content\/uploads\/2018\/10\/698324-150x150.jpg",150,150,true],"medium":["https:\/\/arantv.az\/wp-content\/uploads\/2018\/10\/698324-300x225.jpg",300,225,true],"large":["https:\/\/arantv.az\/wp-content\/uploads\/2018\/10\/698324.jpg",640,480,false],"1536x1536":["https:\/\/arantv.az\/wp-content\/uploads\/2018\/10\/698324.jpg",800,600,false],"2048x2048":["https:\/\/arantv.az\/wp-content\/uploads\/2018\/10\/698324.jpg",800,600,false],"post-thumbnail":["https:\/\/arantv.az\/wp-content\/uploads\/2018\/10\/698324-240x172.jpg",240,172,true],"advps-thumb-one":["https:\/\/arantv.az\/wp-content\/uploads\/2018\/10\/698324.jpg",800,600,false]},"rttpg_author":{"display_name":"V\u00fcsal Rafiqo\u011flu","author_link":"https:\/\/arantv.az\/?author=2"},"rttpg_comment":0,"rttpg_category":"<a href=\"https:\/\/arantv.az\/?cat=7\" rel=\"category\">D\u00fcnya<\/a>","rttpg_excerpt":"T\u00fcrkiy\u0259nin Tunceli vilay\u0259tind\u0259 PKK terror\u00e7ular\u0131na qar\u015f\u0131 \u0259m\u0259liyyat zaman\u0131 iki t\u00fcrk h\u0259rb\u00e7i h\u0259lak olub. ARANTV.AZ trend-\u0259 istinad\u0259n x\u0259b\u0259r verir ki, PKK terror t\u0259\u015fkilat\u0131n\u0131n \u00fczvl\u0259rin\u0259 qar\u015f\u0131 h\u0259rbi \u0259m\u0259liyyat bu g\u00fcn s\u0259h\u0259r saatlar\u0131ndan ba\u015flay\u0131b v\u0259 h\u0259l\u0259 d\u0259 davam edir. Xat\u0131rladaq ki, T\u00fcrkiy\u0259 il\u0259 m\u00fcst\u0259qil k\u00fcrd d\u00f6vl\u0259tinin yarad\u0131lmas\u0131na \u00e7al\u0131\u015fan PKK aras\u0131nda m\u00fcnaqi\u015f\u0259 25 ild\u0259n \u00e7oxdur davam edir v\u0259 40&hellip;","_links":{"self":[{"href":"https:\/\/arantv.az\/index.php?rest_route=\/wp\/v2\/posts\/21619"}],"collection":[{"href":"https:\/\/arantv.az\/index.php?rest_route=\/wp\/v2\/posts"}],"about":[{"href":"https:\/\/arantv.az\/index.php?rest_route=\/wp\/v2\/types\/post"}],"author":[{"embeddable":true,"href":"https:\/\/arantv.az\/index.php?rest_route=\/wp\/v2\/users\/2"}],"replies":[{"embeddable":true,"href":"https:\/\/arantv.az\/index.php?rest_route=%2Fwp%2Fv2%2Fcomments&post=21619"}],"version-history":[{"count":0,"href":"https:\/\/arantv.az\/index.php?rest_route=\/wp\/v2\/posts\/21619\/revisions"}],"wp:featuredmedia":[{"embeddable":true,"href":"https:\/\/arantv.az\/index.php?rest_route=\/wp\/v2\/media\/21620"}],"wp:attachment":[{"href":"https:\/\/arantv.az\/index.php?rest_route=%2Fwp%2Fv2%2Fmedia&parent=21619"}],"wp:term":[{"taxonomy":"category","embeddable":true,"href":"https:\/\/arantv.az\/index.php?rest_route=%2Fwp%2Fv2%2Fcategories&post=21619"},{"taxonomy":"post_tag","embeddable":true,"href":"https:\/\/arantv.az\/index.php?rest_route=%2Fwp%2Fv2%2Ftags&post=21619"}],"curies":[{"name":"wp","href":"https:\/\/api.w.org\/{rel}","templated":true}]}}