{"id":21622,"date":"2018-10-27T09:00:19","date_gmt":"2018-10-27T06:00:19","guid":{"rendered":"http:\/\/arantv.az\/?p=21622"},"modified":"2018-10-27T09:00:19","modified_gmt":"2018-10-27T06:00:19","slug":"deputat-baki-beyn%c9%99lxalq-humanitar-forumu-erm%c9%99nistanin-isgalci-olmasi-h%c9%99qiq%c9%99tinin-dunyaya-catdirilmasi-baximindan-muhum-tribuna-oldu","status":"publish","type":"post","link":"https:\/\/arantv.az\/?p=21622","title":{"rendered":"Deputat: &#8220;Bak\u0131 Beyn\u0259lxalq Humanitar Forumu Erm\u0259nistan\u0131n i\u015f\u011fal\u00e7\u0131 olmas\u0131 h\u0259qiq\u0259tinin d\u00fcnyaya \u00e7atd\u0131r\u0131lmas\u0131 bax\u0131m\u0131ndan m\u00fch\u00fcm tribuna oldu&#8221;"},"content":{"rendered":"<p>&#8220;VI Bak\u0131 Beyn\u0259lxalq Humanitar Forumu Erm\u0259nistan\u0131n i\u015f\u011fal\u00e7\u0131 olmas\u0131 h\u0259qiq\u0259tinin d\u00fcnyaya \u00e7atd\u0131r\u0131lmas\u0131 bax\u0131m\u0131ndan m\u00fch\u00fcm tribuna oldu&#8221;.<\/p>\n<p><strong>ARANTV.AZ\u00a0<\/strong> x\u0259b\u0259r verir ki, bunu Trend-\u0259 a\u00e7\u0131qlamas\u0131nda Milli M\u0259clisin deputat\u0131 Hikm\u0259t Babao\u011flu deyib.<\/p>\n<p>H.Babao\u011flu bildirib ki, Bak\u0131da Beyn\u0259lxalq Humanitar forumlar\u0131n ke\u00e7irilm\u0259si art\u0131q \u0259n\u0259n\u0259 hal\u0131n\u0131 al\u0131b: &#8220;2008-ci il &#8220;Bak\u0131 Prosesi&#8221; il\u0259 ba\u015flayan bel\u0259 m\u00fch\u00fcm beyn\u0259lxalq t\u0259dbirl\u0259r ard\u0131c\u0131l olaraq ke\u00e7irilm\u0259kl\u0259 beyn\u0259lxalq \u0259m\u0259kda\u015fl\u0131q platformas\u0131 kimi \u00e7\u0131x\u0131\u015f edir. Bel\u0259 t\u0259dbirl\u0259r ist\u0259r regional, ist\u0259rs\u0259 d\u0259 qlobal \u0259m\u0259kda\u015fl\u0131q bax\u0131m\u0131ndan olduqca m\u00fch\u00fcmd\u00fcr. Bak\u0131 Beyn\u0259lxalq Humanitar Forumuna d\u00fcnya d\u00f6vl\u0259tl\u0259rinin v\u0259 beyn\u0259lxalq t\u0259\u015fkilatlar\u0131n mara\u011f\u0131n\u0131n artmas\u0131 onunla \u0259laq\u0259dard\u0131r ki, haz\u0131rda d\u00fcnya \u00f6lk\u0259l\u0259rinin bir araya g\u0259l\u0259c\u0259yi v\u0259 m\u00f6vcud probleml\u0259ri m\u00fczakir\u0259 ed\u0259c\u0259yi bel\u0259 bir m\u0259kan dem\u0259k olar ki, yoxdur. Yaln\u0131z Az\u0259rbaycan\u0131n h\u0259yata ke\u00e7irdiyi unikal xarici siyas\u0259t n\u0259tic\u0259sind\u0259 \u00f6lk\u0259miz qlobal dialoq m\u0259kan\u0131na \u00e7evril\u0259 bilib. Humanitar Forumun ke\u00e7irilm\u0259si v\u0259 ona mara\u011f\u0131n olmas\u0131 \u00fc\u00e7\u00fcn ilk n\u00f6vb\u0259d\u0259 bu Foruma ev sahibliyi ed\u0259n \u00f6lk\u0259nin humanist d\u0259y\u0259rl\u0259r\u0259 s\u00f6yk\u0259n\u0259n c\u0259miyy\u0259ti, multikultural v\u0259 tolerant h\u0259yat t\u0259rzi olmal\u0131d\u0131r ki, i\u015ftirak\u00e7\u0131 \u00f6lk\u0259l\u0259r d\u0259 bunu bir n\u00fcmun\u0259 hesab ed\u0259r\u0259k m\u0259hz humanitar probleml\u0259rin m\u00fczakir\u0259 olundu\u011fu bir m\u0259kan kimi buraya \u00fcz tutsunlar. Bu m\u0259nada Az\u0259rbaycan\u0131n s\u00f6z\u00fcn h\u0259qiqi m\u0259nas\u0131nda \u00f6z humanist d\u0259y\u0259rl\u0259ri, regionda h\u0259yata ke\u00e7irdiyi s\u00fclhp\u0259rv\u0259r siyas\u0259tl\u0259 bel\u0259 bir platformaya ev sahibliyi etm\u0259y\u0259 art\u0131qlamas\u0131 il\u0259 haqq\u0131 var&#8221;.<\/p>\n<p>O xat\u0131rlad\u0131b ki, VI Bak\u0131 Beyn\u0259lxalq Humanitar Forumunun m\u00f6vzusu &#8220;Yeni d\u00fcnya v\u0259 yeni insan formala\u015fd\u0131raq: kreativlik v\u0259 insan inki\u015faf\u0131&#8221; \u00e7a\u011f\u0131r\u0131\u015f\u0131 olub: &#8220;Haz\u0131rk\u0131 beyn\u0259lxalq m\u00fcnasib\u0259tl\u0259r sistemind\u0259 m\u00f6vcud olan \u015f\u0259rtl\u0259r\u0259 diqq\u0259t yetirs\u0259k g\u00f6r\u0259c\u0259yik ki, 21-ci \u0259srd\u0259 yeni d\u00fc\u015f\u00fcnc\u0259y\u0259 sahib humanist d\u0259y\u0259rl\u0259ri, yeni siyasi m\u0259d\u0259niyy\u0259ti m\u0259nims\u0259mi\u015f insanlar\u0131n &#8220;yeni d\u00fcnya&#8221; yaratmas\u0131na ehtiyac var. \u018fks t\u0259qdird\u0259, 20-ci \u0259srin sonlar\u0131ndan ba\u015flayaraq bu g\u00fcn\u0259 q\u0259d\u0259r davam ed\u0259n qar\u015f\u0131durmalar, m\u00fcharib\u0259l\u0259r, toqqu\u015fmalar, ksenofobiya, islamofobiya kimi radikal tendensiyalar s\u00fclh\u00fcn m\u00f6vcud oldu\u011fu bir beyn\u0259lxalq m\u00fcnasib\u0259tl\u0259r nizam\u0131n\u0131 in\u015fa etm\u0259y\u0259 imkan vermir. Az\u0259rbaycan\u0131n ev sahibliyi etdiyi Beyn\u0259lxalq Humanitar Foruma b\u00f6y\u00fck diqq\u0259t g\u00f6st\u0259rilir, \u00e7oxsayl\u0131 d\u00f6vl\u0259tl\u0259r v\u0259 beyn\u0259lxalq t\u0259\u015fkilatlar burada h\u0259v\u0259sl\u0259 i\u015ftirak edirl\u0259r. VI Bak\u0131 Beyn\u0259lxalq Humanitar Forumunda 86 \u00f6lk\u0259 v\u0259 24 beyn\u0259lxalq t\u0259\u015fkilatdan 581 n\u0259f\u0259r (416 xarici qonaq olmaqla) n\u00fcmay\u0259nd\u0259 i\u015ftirak etdi. Bu platforma t\u0259kc\u0259 beyn\u0259lxalq subyektl\u0259rin v\u0259 milli aktorlar\u0131n dialoqu deyil, eyni zamanda buraya t\u0259\u015frif buyuran 86-dan \u00e7ox \u00f6lk\u0259nin, o c\u00fcml\u0259d\u0259n 24-\u0259 q\u0259d\u0259r beyn\u0259lxalq t\u0259\u015fkilatlar\u0131n bir-biri il\u0259 dialoq platformudur. Bu is\u0259 t\u0259dbirin \u0259h\u0259miyy\u0259tini daha da art\u0131r\u0131r&#8221;.<\/p>\n<p>Mill\u0259t v\u0259kili qeyd edib ki, bu c\u00fcr beyn\u0259lxalq t\u0259dbirl\u0259ri ke\u00e7irm\u0259kd\u0259 Az\u0259rbaycan\u0131n ba\u015fl\u0131ca m\u0259qs\u0259di Az\u0259rbaycan h\u0259qiq\u0259tl\u0259rini, h\u0259yat t\u0259rzini, tolerantl\u0131\u011f\u0131n\u0131, multikulturalizmini, o c\u00fcml\u0259d\u0259n Erm\u0259nistan\u0131n Az\u0259rbaycan\u0131n torpaqlar\u0131n\u0131 i\u015f\u011fal etm\u0259si fakt\u0131n\u0131 d\u00fcnyaya \u00e7atd\u0131rmaqd\u0131r: &#8220;\u018fn \u0259sas\u0131, bu problemin h\u0259lli il\u0259 ba\u011fl\u0131 Az\u0259rbaycan\u0131n s\u00fclhp\u0259rv\u0259r m\u00f6vqeyini g\u00f6st\u0259rm\u0259kdir. Az\u0259rbaycan\u0131n \u00f6z \u0259razi b\u00fct\u00f6vl\u00fcy\u00fcn\u00fc b\u0259rpa etm\u0259y\u0259 qadir oldu\u011funu h\u0259r k\u0259s bilir. Ancaq Az\u0259rbaycan bu problemin s\u00fclh yolu il\u0259 h\u0259llind\u0259 maraql\u0131d\u0131r. Ona g\u00f6r\u0259 d\u0259 d\u00fcnya ictimaiyy\u0259ti bunu qiym\u0259tl\u0259ndirm\u0259lidir v\u0259 Erm\u0259nistana t\u0259zyiq etm\u0259lidir ki, bu i\u015f\u011fal\u00e7\u0131l\u0131q siyas\u0259tin\u0259 son qoysun&#8221;.<\/p>\n<p>H.Babao\u011flu \u0259lav\u0259 edib ki, Az\u0259rbaycan Prezidenti \u0130lham \u018fliyev VI Bak\u0131 Beyn\u0259lxalq Humanitar Forumunda \u00e7\u0131x\u0131\u015f ed\u0259r\u0259k m\u0259hz bu h\u0259qiq\u0259tl\u0259ri bir daha diqq\u0259t\u0259 \u00e7atd\u0131rd\u0131, xalq\u0131m\u0131z\u0131n multikultural v\u0259 tolerantl\u0131q keyfiyy\u0259tini formala\u015fd\u0131ran tarixi \u0259saslara toxundu. Az\u0259rbaycanda tarix\u0259n m\u00f6vcud olan at\u0259\u015fp\u0259r\u0259stlik, xristian v\u0259 islami d\u0259y\u0259rl\u0259ri, dini-etnik r\u0259ngar\u0259ngliyi milli z\u0259nginliyimiz kimi izah etdi:<\/p>\n<p>&#8220;D\u00f6vl\u0259t ba\u015f\u00e7\u0131s\u0131 bu g\u00fcn d\u00fcnyan\u0131n g\u00f6z\u00fc qar\u015f\u0131s\u0131nda b\u00f6y\u00fck sivilizasiya yaratm\u0131\u015f bir xalqa qar\u015f\u0131 erm\u0259nil\u0259rin t\u00f6r\u0259tdiyi soyq\u0131r\u0131m\u0131, Az\u0259rbaycan torpaqlar\u0131n\u0131n Erm\u0259nistan t\u0259r\u0259find\u0259n i\u015f\u011fala m\u0259ruz qald\u0131\u011f\u0131n\u0131 dil\u0259 g\u0259tirdi. D\u00fc\u015f\u00fcn\u00fcr\u0259m ki, Forum Erm\u0259nistan\u0131n i\u015f\u011fal\u00e7\u0131 \u00f6lk\u0259 olmas\u0131 h\u0259qiq\u0259tinin d\u00fcnyaya \u00e7atd\u0131r\u0131lmas\u0131 bax\u0131m\u0131ndan m\u00fch\u00fcm bir tribuna oldu. Regionda v\u0259 beyn\u0259lxalq m\u0259kanda t\u0259hl\u00fck\u0259sizliyi t\u0259hdid ed\u0259n riskl\u0259rin h\u0259ddind\u0259n \u00e7ox oldu\u011fu bir vaxtda Az\u0259rbaycan\u0131n bel\u0259 bir Foruma ev sahibliyi etm\u0259si, humanitar d\u0259y\u0259rl\u0259ri, insani duy\u011fular\u0131 \u00f6n\u0259 \u00e7\u0259km\u0259si bir daha d\u00fcnyaya \u00e7a\u011f\u0131r\u0131\u015f kimi yadda qald\u0131. Bel\u0259 t\u0259dbirl\u0259r he\u00e7 \u015f\u00fcbh\u0259siz ki, Az\u0259rbaycan\u0131n beyn\u0259lxalq n\u00fcfuzuna xidm\u0259t etm\u0259kl\u0259 b\u0259rab\u0259r, h\u0259m d\u0259 d\u00fcnya ictimai r\u0259yind\u0259 Az\u0259rbaycan haqq\u0131nda h\u0259qiq\u0259tl\u0259rin formala\u015fmas\u0131na \u0259sasl\u0131 z\u0259min yarad\u0131r&#8221;.<\/p>\n<p>Qeyd ed\u0259k ki, oktyabr\u0131n 25-26-da Bak\u0131da VI Beyn\u0259lxalq Humanitar Forum ke\u00e7irilib. &#8220;Yeni d\u00fcnya v\u0259 yeni insan formala\u015fd\u0131raq: kreativlik v\u0259 insan inki\u015faf\u0131&#8221; m\u00f6vzusunda ke\u00e7iril\u0259n bud\u0259f\u0259ki Foruma 86 \u00f6lk\u0259 v\u0259 24 beyn\u0259lxalq t\u0259\u015fkilatdan 581 n\u00fcmay\u0259nd\u0259 qat\u0131l\u0131b.<\/p>\n","protected":false},"excerpt":{"rendered":"<p>&#8220;VI Bak\u0131 Beyn\u0259lxalq Humanitar Forumu Erm\u0259nistan\u0131n i\u015f\u011fal\u00e7\u0131 olmas\u0131 h\u0259qiq\u0259tinin d\u00fcnyaya \u00e7atd\u0131r\u0131lmas\u0131 bax\u0131m\u0131ndan m\u00fch\u00fcm tribuna oldu&#8221;. ARANTV.AZ\u00a0 x\u0259b\u0259r verir ki, bunu Trend-\u0259 a\u00e7\u0131qlamas\u0131nda Milli M\u0259clisin deputat\u0131 Hikm\u0259t Babao\u011flu deyib. H.Babao\u011flu bildirib ki, Bak\u0131da Beyn\u0259lxalq Humanitar forumlar\u0131n ke\u00e7irilm\u0259si art\u0131q \u0259n\u0259n\u0259 hal\u0131n\u0131 al\u0131b: &#8220;2008-ci il &#8220;Bak\u0131 Prosesi&#8221; il\u0259 ba\u015flayan bel\u0259 m\u00fch\u00fcm beyn\u0259lxalq t\u0259dbirl\u0259r ard\u0131c\u0131l olaraq ke\u00e7irilm\u0259kl\u0259 beyn\u0259lxalq \u0259m\u0259kda\u015fl\u0131q platformas\u0131 kimi \u00e7\u0131x\u0131\u015f edir. Bel\u0259 t\u0259dbirl\u0259r ist\u0259r regional, ist\u0259rs\u0259 d\u0259 qlobal \u0259m\u0259kda\u015fl\u0131q bax\u0131m\u0131ndan olduqca m\u00fch\u00fcmd\u00fcr. Bak\u0131 Beyn\u0259lxalq Humanitar Forumuna d\u00fcnya d\u00f6vl\u0259tl\u0259rinin v\u0259 beyn\u0259lxalq t\u0259\u015fkilatlar\u0131n mara\u011f\u0131n\u0131n artmas\u0131 onunla \u0259laq\u0259dard\u0131r ki, haz\u0131rda d\u00fcnya \u00f6lk\u0259l\u0259rinin bir araya g\u0259l\u0259c\u0259yi&hellip;<\/p>\n","protected":false},"author":2,"featured_media":21623,"comment_status":"closed","ping_status":"closed","sticky":false,"template":"","format":"standard","meta":{"om_disable_all_campaigns":false,"_monsterinsights_skip_tracking":false,"_monsterinsights_sitenote_active":false,"_monsterinsights_sitenote_note":"","_monsterinsights_sitenote_category":0},"categories":[4],"tags":[],"aioseo_notices":[],"gutentor_comment":0,"rttpg_featured_image_url":{"full":["https:\/\/arantv.az\/wp-content\/uploads\/2018\/10\/698319.jpg",800,600,false],"landscape":["https:\/\/arantv.az\/wp-content\/uploads\/2018\/10\/698319.jpg",800,600,false],"portraits":["https:\/\/arantv.az\/wp-content\/uploads\/2018\/10\/698319.jpg",800,600,false],"thumbnail":["https:\/\/arantv.az\/wp-content\/uploads\/2018\/10\/698319-150x150.jpg",150,150,true],"medium":["https:\/\/arantv.az\/wp-content\/uploads\/2018\/10\/698319-300x225.jpg",300,225,true],"large":["https:\/\/arantv.az\/wp-content\/uploads\/2018\/10\/698319.jpg",640,480,false],"1536x1536":["https:\/\/arantv.az\/wp-content\/uploads\/2018\/10\/698319.jpg",800,600,false],"2048x2048":["https:\/\/arantv.az\/wp-content\/uploads\/2018\/10\/698319.jpg",800,600,false],"post-thumbnail":["https:\/\/arantv.az\/wp-content\/uploads\/2018\/10\/698319-240x172.jpg",240,172,true],"advps-thumb-one":["https:\/\/arantv.az\/wp-content\/uploads\/2018\/10\/698319.jpg",800,600,false]},"rttpg_author":{"display_name":"V\u00fcsal Rafiqo\u011flu","author_link":"https:\/\/arantv.az\/?author=2"},"rttpg_comment":0,"rttpg_category":"<a href=\"https:\/\/arantv.az\/?cat=4\" rel=\"category\">Siyas\u0259t<\/a>","rttpg_excerpt":"&#8220;VI Bak\u0131 Beyn\u0259lxalq Humanitar Forumu Erm\u0259nistan\u0131n i\u015f\u011fal\u00e7\u0131 olmas\u0131 h\u0259qiq\u0259tinin d\u00fcnyaya \u00e7atd\u0131r\u0131lmas\u0131 bax\u0131m\u0131ndan m\u00fch\u00fcm tribuna oldu&#8221;. ARANTV.AZ\u00a0 x\u0259b\u0259r verir ki, bunu Trend-\u0259 a\u00e7\u0131qlamas\u0131nda Milli M\u0259clisin deputat\u0131 Hikm\u0259t Babao\u011flu deyib. H.Babao\u011flu bildirib ki, Bak\u0131da Beyn\u0259lxalq Humanitar forumlar\u0131n ke\u00e7irilm\u0259si art\u0131q \u0259n\u0259n\u0259 hal\u0131n\u0131 al\u0131b: &#8220;2008-ci il &#8220;Bak\u0131 Prosesi&#8221; il\u0259 ba\u015flayan bel\u0259 m\u00fch\u00fcm beyn\u0259lxalq t\u0259dbirl\u0259r ard\u0131c\u0131l olaraq ke\u00e7irilm\u0259kl\u0259 beyn\u0259lxalq \u0259m\u0259kda\u015fl\u0131q&hellip;","_links":{"self":[{"href":"https:\/\/arantv.az\/index.php?rest_route=\/wp\/v2\/posts\/21622"}],"collection":[{"href":"https:\/\/arantv.az\/index.php?rest_route=\/wp\/v2\/posts"}],"about":[{"href":"https:\/\/arantv.az\/index.php?rest_route=\/wp\/v2\/types\/post"}],"author":[{"embeddable":true,"href":"https:\/\/arantv.az\/index.php?rest_route=\/wp\/v2\/users\/2"}],"replies":[{"embeddable":true,"href":"https:\/\/arantv.az\/index.php?rest_route=%2Fwp%2Fv2%2Fcomments&post=21622"}],"version-history":[{"count":0,"href":"https:\/\/arantv.az\/index.php?rest_route=\/wp\/v2\/posts\/21622\/revisions"}],"wp:featuredmedia":[{"embeddable":true,"href":"https:\/\/arantv.az\/index.php?rest_route=\/wp\/v2\/media\/21623"}],"wp:attachment":[{"href":"https:\/\/arantv.az\/index.php?rest_route=%2Fwp%2Fv2%2Fmedia&parent=21622"}],"wp:term":[{"taxonomy":"category","embeddable":true,"href":"https:\/\/arantv.az\/index.php?rest_route=%2Fwp%2Fv2%2Fcategories&post=21622"},{"taxonomy":"post_tag","embeddable":true,"href":"https:\/\/arantv.az\/index.php?rest_route=%2Fwp%2Fv2%2Ftags&post=21622"}],"curies":[{"name":"wp","href":"https:\/\/api.w.org\/{rel}","templated":true}]}}