{"id":21659,"date":"2018-10-27T10:05:25","date_gmt":"2018-10-27T07:05:25","guid":{"rendered":"http:\/\/arantv.az\/?p=21659"},"modified":"2018-10-27T10:05:25","modified_gmt":"2018-10-27T07:05:25","slug":"c%c9%99lalabadda-68-yasli-kisi-23-ildir-ail%c9%99si-il%c9%99-magarada-yasayir","status":"publish","type":"post","link":"https:\/\/arantv.az\/?p=21659","title":{"rendered":"C\u0259lalabadda 68 ya\u015fl\u0131 ki\u015fi 23 ildir ail\u0259si il\u0259 ma\u011farada ya\u015fay\u0131r"},"content":{"rendered":"<p><strong>Q\u0131r\u011f\u0131z\u0131stan\u0131n C\u0259lalabad vilay\u0259tinin 68 ya\u015fl\u0131 sakini Tolon Mam\u0131rasulov 1995-ci ild\u0259n ail\u0259si il\u0259 birg\u0259 vilay\u0259tin ucqar da\u011flar\u0131nda-ma\u011farada ya\u015fay\u0131r.<\/strong><\/p>\n<p><strong>ARANTV.AZ<\/strong> az\u0259rtac-a istinad\u0259n x\u0259b\u0259r verir ki, ixtisasca musiqi\u00e7i olan Tolon v\u0259 h\u0259yat yolda\u015f\u0131 burada be\u015f \u00f6vlad b\u00f6y\u00fcd\u00fcbl\u0259r. Onlar\u0131n d\u00f6rd\u00fc ail\u0259lidir v\u0259 C\u0259lalabadda ya\u015fay\u0131r.<\/p>\n<p>Ail\u0259 ba\u015f\u00e7\u0131s\u0131 ona ba\u015f \u00e7\u0259km\u0259y\u0259 g\u0259l\u0259n jurnalistl\u0259r\u0259 deyib: \u201cM\u0259n 23 il \u0259vv\u0259l iflic olmu\u015fdum, yuxuda bu ma\u011faran\u0131 g\u00f6rd\u00fcm, bu m\u0259kan\u0131 tap\u0131b ail\u0259ml\u0259 ma\u011faraya k\u00f6\u00e7d\u00fcm v\u0259 sa\u011flaml\u0131\u011f\u0131ma qovu\u015fdum\u201d.<\/p>\n<p>Tolon m\u00fcs\u0259lman olsa da \u015famanizml\u0259 d\u0259 m\u0259\u015f\u011fuldur v\u0259 q\u0131r\u011f\u0131z xalq \u00e7al\u011f\u0131 al\u0259ti olan komuzda \u00e7al\u0131r.<\/p>\n<p>O deyib ki, ma\u011farada elektrikin v\u0259 m\u00fcasir m\u0259i\u015f\u0259t \u0259\u015fyalar\u0131n\u0131n, mebell\u0259rin olmamas\u0131 onlar\u0131 narahat etmir v\u0259 ail\u0259 t\u0259bi\u0259tl\u0259 t\u0259masda ya\u015famaqdan z\u00f6vq al\u0131r.<\/p>\n<p>Yax\u0131nl\u0131qdak\u0131 k\u0259ndl\u0259rin sakinl\u0259ri dua etm\u0259k v\u0259 xeyir-dua almaq \u00fc\u00e7\u00fcn tez-tez bu ma\u011faraya ba\u015f \u00e7\u0259kir.<\/p>\n","protected":false},"excerpt":{"rendered":"<p>Q\u0131r\u011f\u0131z\u0131stan\u0131n C\u0259lalabad vilay\u0259tinin 68 ya\u015fl\u0131 sakini Tolon Mam\u0131rasulov 1995-ci ild\u0259n ail\u0259si il\u0259 birg\u0259 vilay\u0259tin ucqar da\u011flar\u0131nda-ma\u011farada ya\u015fay\u0131r. ARANTV.AZ az\u0259rtac-a istinad\u0259n x\u0259b\u0259r verir ki, ixtisasca musiqi\u00e7i olan Tolon v\u0259 h\u0259yat yolda\u015f\u0131 burada be\u015f \u00f6vlad b\u00f6y\u00fcd\u00fcbl\u0259r. Onlar\u0131n d\u00f6rd\u00fc ail\u0259lidir v\u0259 C\u0259lalabadda ya\u015fay\u0131r. Ail\u0259 ba\u015f\u00e7\u0131s\u0131 ona ba\u015f \u00e7\u0259km\u0259y\u0259 g\u0259l\u0259n jurnalistl\u0259r\u0259 deyib: \u201cM\u0259n 23 il \u0259vv\u0259l iflic olmu\u015fdum, yuxuda bu ma\u011faran\u0131 g\u00f6rd\u00fcm, bu m\u0259kan\u0131 tap\u0131b ail\u0259ml\u0259 ma\u011faraya k\u00f6\u00e7d\u00fcm v\u0259 sa\u011flaml\u0131\u011f\u0131ma qovu\u015fdum\u201d. Tolon m\u00fcs\u0259lman olsa da \u015famanizml\u0259 d\u0259 m\u0259\u015f\u011fuldur v\u0259 q\u0131r\u011f\u0131z xalq \u00e7al\u011f\u0131 al\u0259ti olan komuzda \u00e7al\u0131r. O deyib ki, ma\u011farada elektrikin v\u0259 m\u00fcasir m\u0259i\u015f\u0259t&hellip;<\/p>\n","protected":false},"author":2,"featured_media":21660,"comment_status":"closed","ping_status":"closed","sticky":false,"template":"","format":"standard","meta":{"om_disable_all_campaigns":false,"_monsterinsights_skip_tracking":false,"_monsterinsights_sitenote_active":false,"_monsterinsights_sitenote_note":"","_monsterinsights_sitenote_category":0},"categories":[1],"tags":[],"aioseo_notices":[],"gutentor_comment":0,"rttpg_featured_image_url":{"full":["https:\/\/arantv.az\/wp-content\/uploads\/2018\/10\/magara.jpg",498,339,false],"landscape":["https:\/\/arantv.az\/wp-content\/uploads\/2018\/10\/magara.jpg",498,339,false],"portraits":["https:\/\/arantv.az\/wp-content\/uploads\/2018\/10\/magara.jpg",498,339,false],"thumbnail":["https:\/\/arantv.az\/wp-content\/uploads\/2018\/10\/magara-150x150.jpg",150,150,true],"medium":["https:\/\/arantv.az\/wp-content\/uploads\/2018\/10\/magara-300x204.jpg",300,204,true],"large":["https:\/\/arantv.az\/wp-content\/uploads\/2018\/10\/magara.jpg",498,339,false],"1536x1536":["https:\/\/arantv.az\/wp-content\/uploads\/2018\/10\/magara.jpg",498,339,false],"2048x2048":["https:\/\/arantv.az\/wp-content\/uploads\/2018\/10\/magara.jpg",498,339,false],"post-thumbnail":["https:\/\/arantv.az\/wp-content\/uploads\/2018\/10\/magara-240x172.jpg",240,172,true],"advps-thumb-one":["https:\/\/arantv.az\/wp-content\/uploads\/2018\/10\/magara.jpg",498,339,false]},"rttpg_author":{"display_name":"V\u00fcsal Rafiqo\u011flu","author_link":"https:\/\/arantv.az\/?author=2"},"rttpg_comment":0,"rttpg_category":"<a href=\"https:\/\/arantv.az\/?cat=1\" rel=\"category\">C\u0259miyy\u0259t<\/a>","rttpg_excerpt":"Q\u0131r\u011f\u0131z\u0131stan\u0131n C\u0259lalabad vilay\u0259tinin 68 ya\u015fl\u0131 sakini Tolon Mam\u0131rasulov 1995-ci ild\u0259n ail\u0259si il\u0259 birg\u0259 vilay\u0259tin ucqar da\u011flar\u0131nda-ma\u011farada ya\u015fay\u0131r. ARANTV.AZ az\u0259rtac-a istinad\u0259n x\u0259b\u0259r verir ki, ixtisasca musiqi\u00e7i olan Tolon v\u0259 h\u0259yat yolda\u015f\u0131 burada be\u015f \u00f6vlad b\u00f6y\u00fcd\u00fcbl\u0259r. Onlar\u0131n d\u00f6rd\u00fc ail\u0259lidir v\u0259 C\u0259lalabadda ya\u015fay\u0131r. Ail\u0259 ba\u015f\u00e7\u0131s\u0131 ona ba\u015f \u00e7\u0259km\u0259y\u0259 g\u0259l\u0259n jurnalistl\u0259r\u0259 deyib: \u201cM\u0259n 23 il \u0259vv\u0259l iflic olmu\u015fdum, yuxuda&hellip;","_links":{"self":[{"href":"https:\/\/arantv.az\/index.php?rest_route=\/wp\/v2\/posts\/21659"}],"collection":[{"href":"https:\/\/arantv.az\/index.php?rest_route=\/wp\/v2\/posts"}],"about":[{"href":"https:\/\/arantv.az\/index.php?rest_route=\/wp\/v2\/types\/post"}],"author":[{"embeddable":true,"href":"https:\/\/arantv.az\/index.php?rest_route=\/wp\/v2\/users\/2"}],"replies":[{"embeddable":true,"href":"https:\/\/arantv.az\/index.php?rest_route=%2Fwp%2Fv2%2Fcomments&post=21659"}],"version-history":[{"count":0,"href":"https:\/\/arantv.az\/index.php?rest_route=\/wp\/v2\/posts\/21659\/revisions"}],"wp:featuredmedia":[{"embeddable":true,"href":"https:\/\/arantv.az\/index.php?rest_route=\/wp\/v2\/media\/21660"}],"wp:attachment":[{"href":"https:\/\/arantv.az\/index.php?rest_route=%2Fwp%2Fv2%2Fmedia&parent=21659"}],"wp:term":[{"taxonomy":"category","embeddable":true,"href":"https:\/\/arantv.az\/index.php?rest_route=%2Fwp%2Fv2%2Fcategories&post=21659"},{"taxonomy":"post_tag","embeddable":true,"href":"https:\/\/arantv.az\/index.php?rest_route=%2Fwp%2Fv2%2Ftags&post=21659"}],"curies":[{"name":"wp","href":"https:\/\/api.w.org\/{rel}","templated":true}]}}