{"id":21693,"date":"2018-10-27T13:38:01","date_gmt":"2018-10-27T10:38:01","guid":{"rendered":"http:\/\/arantv.az\/?p=21693"},"modified":"2018-10-27T13:38:01","modified_gmt":"2018-10-27T10:38:01","slug":"sergey-markov-dunya-v%c9%99-b%c9%99s%c9%99riyy%c9%99t-humanitar-forumun-kecirilm%c9%99sin%c9%99-gor%c9%99-bakiya-minn%c9%99tdar-olmalidir","status":"publish","type":"post","link":"https:\/\/arantv.az\/?p=21693","title":{"rendered":"Sergey Markov: &#8220;D\u00fcnya v\u0259 b\u0259\u015f\u0259riyy\u0259t Humanitar Forumun ke\u00e7irilm\u0259sin\u0259 g\u00f6r\u0259 Bak\u0131ya minn\u0259tdar olmal\u0131d\u0131r&#8221;"},"content":{"rendered":"<p><strong>Bak\u0131 Beyn\u0259lxalq Humanitar Forumu m\u00f6ht\u0259\u015f\u0259m layih\u0259dir, d\u00fcnya v\u0259 b\u0259\u015f\u0259riyy\u0259t bu layih\u0259ni h\u0259yata ke\u00e7irdiyi \u00fc\u00e7\u00fcn Az\u0259rbaycana minn\u0259tdar olmal\u0131d\u0131r.<\/strong><\/p>\n<p><strong>ARANTV.AZ<\/strong> x\u0259b\u0259r verir ki, bu bar\u0259d\u0259 trend-\u0259\u00a0rusiyal\u0131 politoloq, D\u00f6vl\u0259t Dumas\u0131n\u0131n deputat\u0131\u00a0<strong>Sergey Markov<\/strong>\u00a0deyib.<\/p>\n<p>S.Markov qeyd edib ki, bu prosesd\u0259 Rusiya n\u00fcmay\u0259nd\u0259 hey\u0259ti d\u0259 f\u0259al i\u015ftirak edir v\u0259 bu c\u00fcr irimiqyasl\u0131 dialoq platformas\u0131 RF v\u0259 Az\u0259rbaycan prezidentl\u0259rinin t\u0259\u015f\u0259bb\u00fcs\u00fc il\u0259 yaran\u0131b. Bununla bel\u0259, t\u0259dbirin y\u00fcks\u0259k s\u0259viyy\u0259d\u0259 t\u0259\u015fkilind\u0259 v\u0259 ke\u00e7irilm\u0259sind\u0259 \u0259sas rolu Az\u0259rbaycan oynay\u0131r:<\/p>\n<p>&#8220;D\u00fcnyada \u00e7oxlu sayda k\u0259skin v\u0259 k\u0259skinl\u0259\u015fm\u0259kd\u0259 olan humanitar probleml\u0259r m\u00f6vcuddur v\u0259 ortaq \u00e7\u0131x\u0131\u015f yolu tapmaq \u00fc\u00e7\u00fcn bunlar\u0131 m\u00fczakir\u0259 etm\u0259k laz\u0131md\u0131r. Qloballa\u015fma dinamik olaraq ir\u0259lil\u0259yir v\u0259 bu, yax\u015f\u0131 hald\u0131r. Amma b\u0259z\u0259n idar\u0259 olunmur v\u0259 sosial \u0259dal\u0259tsizliyin artmas\u0131na s\u0259b\u0259b olur. Bir s\u00f6zl\u0259, \u0259halinin b\u00f6y\u00fck hiss\u0259si qloballa\u015fmaqdan faydalana bilmir, amma ba\u015fqalar\u0131n\u0131n ondan yararland\u0131\u011f\u0131n\u0131 m\u00fc\u015fahid\u0259 edir&#8221;.<\/p>\n<p>Onun s\u00f6zl\u0259rin\u0259 g\u00f6r\u0259, ba\u015fa d\u00fc\u015fm\u0259k laz\u0131md\u0131r ki, qloballa\u015fmaya qo\u015fulma bir \u00e7ox m\u0259s\u0259l\u0259d\u0259n biridir: &#8220;Dig\u0259r problem onunla ba\u011fl\u0131d\u0131r ki, qloballa\u015fma \u015f\u0259xsiyy\u0259t b\u00f6hran\u0131na g\u0259tirib \u00e7\u0131xar\u0131r. Amma bel\u0259 bir r\u0259y var ki, multikulturalizm b\u00f6hran\u0131 da m\u00f6vcuddur. \u015e\u0259xs\u0259n m\u0259n bu fikirl\u0259 raz\u0131 deyil\u0259m. Fikrimc\u0259, multikulturalizm b\u00f6hran\u0131 yoxdur, \u00e7\u00fcnki multikulturalizm yenic\u0259 inki\u015faf edir&#8221;.<\/p>\n<p>Politoloqun fikrinc\u0259, d\u00fcnyada multikulturalizmin konkret formas\u0131 kimi tolerantl\u0131q b\u00f6hran\u0131 m\u00f6vcuddur v\u0259 bunun m\u0259\u011fzi ondan ibar\u0259tdir ki, tolerantl\u0131q dig\u0259r insan\u0131n f\u0259rdiliyini diqq\u0259t\u0259 almamaq c\u0259hdi kimi n\u0259z\u0259r\u0259 al\u0131n\u0131r.<\/p>\n<p>S.Markov \u0259lav\u0259 edib ki, bu bax\u0131mdan daha bir vacib fenomen t\u0259hsildir: &#8220;M\u00fcasir insan h\u0259r 5-10 ild\u0259n bir pe\u015f\u0259sini d\u0259yi\u015fm\u0259li olur. Bu is\u0259 o dem\u0259kdir ki, o, daim t\u0259hsil almal\u0131d\u0131r&#8221;.<\/p>\n<p>Ekspert yekunda bildirib ki, b\u00fct\u00fcn bu probleml\u0259r beyn\u0259lxalq platformalarda m\u00fczakir\u0259 olunmal\u0131d\u0131r.<\/p>\n","protected":false},"excerpt":{"rendered":"<p>Bak\u0131 Beyn\u0259lxalq Humanitar Forumu m\u00f6ht\u0259\u015f\u0259m layih\u0259dir, d\u00fcnya v\u0259 b\u0259\u015f\u0259riyy\u0259t bu layih\u0259ni h\u0259yata ke\u00e7irdiyi \u00fc\u00e7\u00fcn Az\u0259rbaycana minn\u0259tdar olmal\u0131d\u0131r. ARANTV.AZ x\u0259b\u0259r verir ki, bu bar\u0259d\u0259 trend-\u0259\u00a0rusiyal\u0131 politoloq, D\u00f6vl\u0259t Dumas\u0131n\u0131n deputat\u0131\u00a0Sergey Markov\u00a0deyib. S.Markov qeyd edib ki, bu prosesd\u0259 Rusiya n\u00fcmay\u0259nd\u0259 hey\u0259ti d\u0259 f\u0259al i\u015ftirak edir v\u0259 bu c\u00fcr irimiqyasl\u0131 dialoq platformas\u0131 RF v\u0259 Az\u0259rbaycan prezidentl\u0259rinin t\u0259\u015f\u0259bb\u00fcs\u00fc il\u0259 yaran\u0131b. Bununla bel\u0259, t\u0259dbirin y\u00fcks\u0259k s\u0259viyy\u0259d\u0259 t\u0259\u015fkilind\u0259 v\u0259 ke\u00e7irilm\u0259sind\u0259 \u0259sas rolu Az\u0259rbaycan oynay\u0131r: &#8220;D\u00fcnyada \u00e7oxlu sayda k\u0259skin v\u0259 k\u0259skinl\u0259\u015fm\u0259kd\u0259 olan humanitar probleml\u0259r m\u00f6vcuddur v\u0259 ortaq \u00e7\u0131x\u0131\u015f yolu tapmaq \u00fc\u00e7\u00fcn bunlar\u0131 m\u00fczakir\u0259 etm\u0259k laz\u0131md\u0131r. Qloballa\u015fma dinamik olaraq&hellip;<\/p>\n","protected":false},"author":2,"featured_media":21694,"comment_status":"closed","ping_status":"closed","sticky":false,"template":"","format":"standard","meta":{"om_disable_all_campaigns":false,"_monsterinsights_skip_tracking":false,"_monsterinsights_sitenote_active":false,"_monsterinsights_sitenote_note":"","_monsterinsights_sitenote_category":0},"categories":[4],"tags":[],"aioseo_notices":[],"gutentor_comment":0,"rttpg_featured_image_url":{"full":["https:\/\/arantv.az\/wp-content\/uploads\/2018\/10\/698416.jpg",800,600,false],"landscape":["https:\/\/arantv.az\/wp-content\/uploads\/2018\/10\/698416.jpg",800,600,false],"portraits":["https:\/\/arantv.az\/wp-content\/uploads\/2018\/10\/698416.jpg",800,600,false],"thumbnail":["https:\/\/arantv.az\/wp-content\/uploads\/2018\/10\/698416-150x150.jpg",150,150,true],"medium":["https:\/\/arantv.az\/wp-content\/uploads\/2018\/10\/698416-300x225.jpg",300,225,true],"large":["https:\/\/arantv.az\/wp-content\/uploads\/2018\/10\/698416.jpg",640,480,false],"1536x1536":["https:\/\/arantv.az\/wp-content\/uploads\/2018\/10\/698416.jpg",800,600,false],"2048x2048":["https:\/\/arantv.az\/wp-content\/uploads\/2018\/10\/698416.jpg",800,600,false],"post-thumbnail":["https:\/\/arantv.az\/wp-content\/uploads\/2018\/10\/698416-240x172.jpg",240,172,true],"advps-thumb-one":["https:\/\/arantv.az\/wp-content\/uploads\/2018\/10\/698416.jpg",800,600,false]},"rttpg_author":{"display_name":"V\u00fcsal Rafiqo\u011flu","author_link":"https:\/\/arantv.az\/?author=2"},"rttpg_comment":0,"rttpg_category":"<a href=\"https:\/\/arantv.az\/?cat=4\" rel=\"category\">Siyas\u0259t<\/a>","rttpg_excerpt":"Bak\u0131 Beyn\u0259lxalq Humanitar Forumu m\u00f6ht\u0259\u015f\u0259m layih\u0259dir, d\u00fcnya v\u0259 b\u0259\u015f\u0259riyy\u0259t bu layih\u0259ni h\u0259yata ke\u00e7irdiyi \u00fc\u00e7\u00fcn Az\u0259rbaycana minn\u0259tdar olmal\u0131d\u0131r. ARANTV.AZ x\u0259b\u0259r verir ki, bu bar\u0259d\u0259 trend-\u0259\u00a0rusiyal\u0131 politoloq, D\u00f6vl\u0259t Dumas\u0131n\u0131n deputat\u0131\u00a0Sergey Markov\u00a0deyib. S.Markov qeyd edib ki, bu prosesd\u0259 Rusiya n\u00fcmay\u0259nd\u0259 hey\u0259ti d\u0259 f\u0259al i\u015ftirak edir v\u0259 bu c\u00fcr irimiqyasl\u0131 dialoq platformas\u0131 RF v\u0259 Az\u0259rbaycan prezidentl\u0259rinin t\u0259\u015f\u0259bb\u00fcs\u00fc il\u0259 yaran\u0131b.&hellip;","_links":{"self":[{"href":"https:\/\/arantv.az\/index.php?rest_route=\/wp\/v2\/posts\/21693"}],"collection":[{"href":"https:\/\/arantv.az\/index.php?rest_route=\/wp\/v2\/posts"}],"about":[{"href":"https:\/\/arantv.az\/index.php?rest_route=\/wp\/v2\/types\/post"}],"author":[{"embeddable":true,"href":"https:\/\/arantv.az\/index.php?rest_route=\/wp\/v2\/users\/2"}],"replies":[{"embeddable":true,"href":"https:\/\/arantv.az\/index.php?rest_route=%2Fwp%2Fv2%2Fcomments&post=21693"}],"version-history":[{"count":0,"href":"https:\/\/arantv.az\/index.php?rest_route=\/wp\/v2\/posts\/21693\/revisions"}],"wp:featuredmedia":[{"embeddable":true,"href":"https:\/\/arantv.az\/index.php?rest_route=\/wp\/v2\/media\/21694"}],"wp:attachment":[{"href":"https:\/\/arantv.az\/index.php?rest_route=%2Fwp%2Fv2%2Fmedia&parent=21693"}],"wp:term":[{"taxonomy":"category","embeddable":true,"href":"https:\/\/arantv.az\/index.php?rest_route=%2Fwp%2Fv2%2Fcategories&post=21693"},{"taxonomy":"post_tag","embeddable":true,"href":"https:\/\/arantv.az\/index.php?rest_route=%2Fwp%2Fv2%2Ftags&post=21693"}],"curies":[{"name":"wp","href":"https:\/\/api.w.org\/{rel}","templated":true}]}}