{"id":21696,"date":"2018-10-27T13:39:07","date_gmt":"2018-10-27T10:39:07","guid":{"rendered":"http:\/\/arantv.az\/?p=21696"},"modified":"2018-10-27T13:39:07","modified_gmt":"2018-10-27T10:39:07","slug":"hikm%c9%99t-haciyev-con-boltonun-az%c9%99rbaycana-s%c9%99f%c9%99ri-bir-sira-sah%c9%99l%c9%99rd%c9%99-ikit%c9%99r%c9%99fli-%c9%99m%c9%99kdasliq-ucun-yeni-imkanlar-acir","status":"publish","type":"post","link":"https:\/\/arantv.az\/?p=21696","title":{"rendered":"Hikm\u0259t Hac\u0131yev: &#8220;Con Boltonun Az\u0259rbaycana s\u0259f\u0259ri bir s\u0131ra sah\u0259l\u0259rd\u0259 ikit\u0259r\u0259fli \u0259m\u0259kda\u015fl\u0131q \u00fc\u00e7\u00fcn yeni imkanlar a\u00e7\u0131r&#8221;"},"content":{"rendered":"<p><strong>&#8220;AB\u015e Prezidentinin milli t\u0259hl\u00fck\u0259sizlik m\u0259s\u0259l\u0259l\u0259ri \u00fczr\u0259 m\u00fc\u015faviri Con Boltonun Az\u0259rbaycana s\u0259f\u0259ri bir s\u0131ra sah\u0259l\u0259rd\u0259 ikit\u0259r\u0259fli \u0259m\u0259kda\u015fl\u0131q \u00fc\u00e7\u00fcn yeni imkanlar a\u00e7\u0131r&#8221;.<\/strong><\/p>\n<p><strong>ARANTV.AZ<\/strong> trend-\u0259 istinad\u0259n x\u0259b\u0259r verir ki, bunu Az\u0259rbaycan Prezidenti Administrasiyas\u0131n\u0131n Xarici siyas\u0259t m\u0259s\u0259l\u0259l\u0259ri \u015f\u00f6b\u0259sinin m\u00fcdir m\u00fcavini Hikm\u0259t Hac\u0131yev AB\u015e-\u0131n m\u0259\u015fhur v\u0259 geni\u015f dinl\u0259yici auditoriyas\u0131na malik &#8220;Con Bat\u00e7elor \u015eou&#8221; radioproqram\u0131na m\u00fcsahib\u0259sind\u0259 deyib.<\/p>\n<p>H.Hac\u0131yev m\u00fcsahib\u0259d\u0259 AB\u015e Prezidentinin milli t\u0259hl\u00fck\u0259sizlik m\u0259s\u0259l\u0259l\u0259ri \u00fczr\u0259 m\u00fc\u015faviri C.Boltonun Az\u0259rbaycana s\u0259f\u0259ri, Erm\u0259nistan\u0131n Az\u0259rbaycana qar\u015f\u0131 t\u0259cav\u00fcz\u00fc v\u0259 m\u00fcnaqi\u015f\u0259nin h\u0259lli prosesi, VI Bak\u0131 Beyn\u0259lxalq Humanitar Forumu, 18 oktyabr v\u0259 m\u00fcst\u0259qillik ill\u0259rind\u0259 Az\u0259rbaycan\u0131n \u0259ld\u0259 etdiyi nailiyy\u0259tl\u0259r, \u00f6lk\u0259mizin enerji siyas\u0259ti, regional \u0259m\u0259kda\u015fl\u0131q v\u0259 Az\u0259rbaycan\u0131n qon\u015fu d\u00f6vl\u0259tl\u0259rl\u0259 \u0259laq\u0259l\u0259ri bar\u0259d\u0259 dan\u0131\u015f\u0131b.<\/p>\n<p>&#8220;Con Bat\u00e7elor \u015eou&#8221; g\u00fcnd\u0259lik h\u0259yatda aktual olan beyn\u0259lxalq h\u0259rbi, siyasi v\u0259 iqtisadi m\u00f6vzulara h\u0259sr olunur, AB\u015e-da federal &#8220;ABC Radio&#8221; \u015e\u0259b\u0259k\u0259sin\u0259 daxil olan m\u00fcxt\u0259lif \u015ftat v\u0259 \u015f\u0259h\u0259rl\u0259rd\u0259 \u00e7oxsayl\u0131 radiokanallar t\u0259r\u0259find\u0259n h\u0259m canl\u0131, h\u0259m d\u0259 audio yaz\u0131 formas\u0131nda geni\u015f yay\u0131mlan\u0131r. H\u0259ft\u0259nin h\u0259r g\u00fcn\u00fc yay\u0131mlanan bu proqram AB\u015e-da milyonlarla dinl\u0259yici auditoriyas\u0131na malikdir.<\/p>\n<p>Verili\u015f \u0259snas\u0131nda H.Hac\u0131yev Az\u0259rbaycan\u0131n strateji bax\u0131mdan \u0259h\u0259miyy\u0259tli d\u00f6vl\u0259t oldu\u011funu qeyd ed\u0259r\u0259k C.Boltonun \u00f6lk\u0259miz\u0259 s\u0259f\u0259ri \u00e7\u0259r\u00e7iv\u0259sind\u0259 Az\u0259rbaycan Respublikas\u0131n\u0131n Prezidenti c\u0259nab \u0130lham \u018fliyev il\u0259 s\u0259m\u0259r\u0259li m\u00fczakir\u0259l\u0259r apard\u0131\u011f\u0131n\u0131, bu s\u0259f\u0259rin enerji, t\u0259hl\u00fck\u0259sizlik, terrorizm\u0259 qar\u015f\u0131 m\u00fcbariz\u0259 v\u0259 dig\u0259r sah\u0259l\u0259rd\u0259 ikit\u0259r\u0259fli \u0259m\u0259kda\u015fl\u0131q \u00fc\u00e7\u00fcn yeni imkanlar a\u00e7d\u0131\u011f\u0131n\u0131 diqq\u0259t\u0259 \u00e7atd\u0131r\u0131b.<\/p>\n<p>\u00d6lk\u0259mizin t\u0259\u015f\u0259bb\u00fcs\u00fc il\u0259 h\u0259yata ke\u00e7iril\u0259n regional \u0259m\u0259kda\u015fl\u0131q v\u0259 enerji layih\u0259l\u0259rin\u0259 toxunan PA r\u0259smisi Erm\u0259nistan\u0131n Az\u0259rbaycana qar\u015f\u0131 davam ed\u0259n t\u0259cav\u00fcz\u00fcn\u00fcn regional t\u0259hl\u00fck\u0259sizlik \u00fc\u00e7\u00fcn ba\u015fl\u0131ca t\u0259hdid olaraq qalmaqda davam etdiyini deyib. O, m\u00fcnaqi\u015f\u0259nin h\u0259llind\u0259 ir\u0259lil\u0259yi\u015f\u0259 nail olmaq \u00fc\u00e7\u00fcn Erm\u0259nistan qo\u015funlar\u0131n\u0131n Az\u0259rbaycan\u0131n i\u015f\u011fal olunmu\u015f \u0259razil\u0259rind\u0259n \u00e7\u0131xar\u0131lmal\u0131 oldu\u011funu deyib.<\/p>\n<p>27 illik m\u00fcst\u0259qillik d\u00f6vr\u00fcnd\u0259 Az\u0259rbaycan\u0131n \u0259ld\u0259 etdiyi nailiyy\u0259tl\u0259rind\u0259n dan\u0131\u015fan H.Hac\u0131yev bu g\u00fcnl\u0259rd\u0259 ke\u00e7iril\u0259n VI Bak\u0131 Beyn\u0259lxalq Humanitar Forumuna diqq\u0259t \u00e7\u0259k\u0259r\u0259k bu forumun qlobal xarakter da\u015f\u0131d\u0131\u011f\u0131n\u0131 v\u0259 beyn\u0259lxalq s\u0259viyy\u0259d\u0259 humanitar m\u0259s\u0259l\u0259l\u0259rin m\u00fczakir\u0259si \u00fc\u00e7\u00fcn vacib platforma oldu\u011funu bildirib. O, Az\u0259rbaycan\u0131n bu g\u00fcn dinamik sur\u0259td\u0259 inki\u015faf etdiyini, m\u00fcasir, d\u00fcny\u0259vi d\u00f6vl\u0259t oldu\u011funu v\u0259 \u00f6z m\u00fcltikulturalizm \u0259n\u0259n\u0259l\u0259ri il\u0259 f\u0259xr etdiyini vur\u011fulay\u0131b.<\/p>\n","protected":false},"excerpt":{"rendered":"<p>&#8220;AB\u015e Prezidentinin milli t\u0259hl\u00fck\u0259sizlik m\u0259s\u0259l\u0259l\u0259ri \u00fczr\u0259 m\u00fc\u015faviri Con Boltonun Az\u0259rbaycana s\u0259f\u0259ri bir s\u0131ra sah\u0259l\u0259rd\u0259 ikit\u0259r\u0259fli \u0259m\u0259kda\u015fl\u0131q \u00fc\u00e7\u00fcn yeni imkanlar a\u00e7\u0131r&#8221;. ARANTV.AZ trend-\u0259 istinad\u0259n x\u0259b\u0259r verir ki, bunu Az\u0259rbaycan Prezidenti Administrasiyas\u0131n\u0131n Xarici siyas\u0259t m\u0259s\u0259l\u0259l\u0259ri \u015f\u00f6b\u0259sinin m\u00fcdir m\u00fcavini Hikm\u0259t Hac\u0131yev AB\u015e-\u0131n m\u0259\u015fhur v\u0259 geni\u015f dinl\u0259yici auditoriyas\u0131na malik &#8220;Con Bat\u00e7elor \u015eou&#8221; radioproqram\u0131na m\u00fcsahib\u0259sind\u0259 deyib. H.Hac\u0131yev m\u00fcsahib\u0259d\u0259 AB\u015e Prezidentinin milli t\u0259hl\u00fck\u0259sizlik m\u0259s\u0259l\u0259l\u0259ri \u00fczr\u0259 m\u00fc\u015faviri C.Boltonun Az\u0259rbaycana s\u0259f\u0259ri, Erm\u0259nistan\u0131n Az\u0259rbaycana qar\u015f\u0131 t\u0259cav\u00fcz\u00fc v\u0259 m\u00fcnaqi\u015f\u0259nin h\u0259lli prosesi, VI Bak\u0131 Beyn\u0259lxalq Humanitar Forumu, 18 oktyabr v\u0259 m\u00fcst\u0259qillik ill\u0259rind\u0259 Az\u0259rbaycan\u0131n \u0259ld\u0259 etdiyi nailiyy\u0259tl\u0259r, \u00f6lk\u0259mizin enerji siyas\u0259ti, regional \u0259m\u0259kda\u015fl\u0131q&hellip;<\/p>\n","protected":false},"author":2,"featured_media":21697,"comment_status":"closed","ping_status":"closed","sticky":false,"template":"","format":"standard","meta":{"om_disable_all_campaigns":false,"_monsterinsights_skip_tracking":false,"_monsterinsights_sitenote_active":false,"_monsterinsights_sitenote_note":"","_monsterinsights_sitenote_category":0},"categories":[4],"tags":[],"aioseo_notices":[],"gutentor_comment":0,"rttpg_featured_image_url":{"full":["https:\/\/arantv.az\/wp-content\/uploads\/2018\/10\/698412.jpg",800,600,false],"landscape":["https:\/\/arantv.az\/wp-content\/uploads\/2018\/10\/698412.jpg",800,600,false],"portraits":["https:\/\/arantv.az\/wp-content\/uploads\/2018\/10\/698412.jpg",800,600,false],"thumbnail":["https:\/\/arantv.az\/wp-content\/uploads\/2018\/10\/698412-150x150.jpg",150,150,true],"medium":["https:\/\/arantv.az\/wp-content\/uploads\/2018\/10\/698412-300x225.jpg",300,225,true],"large":["https:\/\/arantv.az\/wp-content\/uploads\/2018\/10\/698412.jpg",640,480,false],"1536x1536":["https:\/\/arantv.az\/wp-content\/uploads\/2018\/10\/698412.jpg",800,600,false],"2048x2048":["https:\/\/arantv.az\/wp-content\/uploads\/2018\/10\/698412.jpg",800,600,false],"post-thumbnail":["https:\/\/arantv.az\/wp-content\/uploads\/2018\/10\/698412-240x172.jpg",240,172,true],"advps-thumb-one":["https:\/\/arantv.az\/wp-content\/uploads\/2018\/10\/698412.jpg",800,600,false]},"rttpg_author":{"display_name":"V\u00fcsal Rafiqo\u011flu","author_link":"https:\/\/arantv.az\/?author=2"},"rttpg_comment":0,"rttpg_category":"<a href=\"https:\/\/arantv.az\/?cat=4\" rel=\"category\">Siyas\u0259t<\/a>","rttpg_excerpt":"&#8220;AB\u015e Prezidentinin milli t\u0259hl\u00fck\u0259sizlik m\u0259s\u0259l\u0259l\u0259ri \u00fczr\u0259 m\u00fc\u015faviri Con Boltonun Az\u0259rbaycana s\u0259f\u0259ri bir s\u0131ra sah\u0259l\u0259rd\u0259 ikit\u0259r\u0259fli \u0259m\u0259kda\u015fl\u0131q \u00fc\u00e7\u00fcn yeni imkanlar a\u00e7\u0131r&#8221;. ARANTV.AZ trend-\u0259 istinad\u0259n x\u0259b\u0259r verir ki, bunu Az\u0259rbaycan Prezidenti Administrasiyas\u0131n\u0131n Xarici siyas\u0259t m\u0259s\u0259l\u0259l\u0259ri \u015f\u00f6b\u0259sinin m\u00fcdir m\u00fcavini Hikm\u0259t Hac\u0131yev AB\u015e-\u0131n m\u0259\u015fhur v\u0259 geni\u015f dinl\u0259yici auditoriyas\u0131na malik &#8220;Con Bat\u00e7elor \u015eou&#8221; radioproqram\u0131na m\u00fcsahib\u0259sind\u0259 deyib. H.Hac\u0131yev m\u00fcsahib\u0259d\u0259 AB\u015e Prezidentinin&hellip;","_links":{"self":[{"href":"https:\/\/arantv.az\/index.php?rest_route=\/wp\/v2\/posts\/21696"}],"collection":[{"href":"https:\/\/arantv.az\/index.php?rest_route=\/wp\/v2\/posts"}],"about":[{"href":"https:\/\/arantv.az\/index.php?rest_route=\/wp\/v2\/types\/post"}],"author":[{"embeddable":true,"href":"https:\/\/arantv.az\/index.php?rest_route=\/wp\/v2\/users\/2"}],"replies":[{"embeddable":true,"href":"https:\/\/arantv.az\/index.php?rest_route=%2Fwp%2Fv2%2Fcomments&post=21696"}],"version-history":[{"count":0,"href":"https:\/\/arantv.az\/index.php?rest_route=\/wp\/v2\/posts\/21696\/revisions"}],"wp:featuredmedia":[{"embeddable":true,"href":"https:\/\/arantv.az\/index.php?rest_route=\/wp\/v2\/media\/21697"}],"wp:attachment":[{"href":"https:\/\/arantv.az\/index.php?rest_route=%2Fwp%2Fv2%2Fmedia&parent=21696"}],"wp:term":[{"taxonomy":"category","embeddable":true,"href":"https:\/\/arantv.az\/index.php?rest_route=%2Fwp%2Fv2%2Fcategories&post=21696"},{"taxonomy":"post_tag","embeddable":true,"href":"https:\/\/arantv.az\/index.php?rest_route=%2Fwp%2Fv2%2Ftags&post=21696"}],"curies":[{"name":"wp","href":"https:\/\/api.w.org\/{rel}","templated":true}]}}