{"id":216997,"date":"2020-09-07T15:21:26","date_gmt":"2020-09-07T12:21:26","guid":{"rendered":"http:\/\/arantv.az\/?p=216997"},"modified":"2020-09-07T15:21:26","modified_gmt":"2020-09-07T12:21:26","slug":"haci-abbas-hamaminda-t%c9%99mizlik-isl%c9%99rin%c9%99-baslanilib-foto","status":"publish","type":"post","link":"https:\/\/arantv.az\/?p=216997","title":{"rendered":"Hac\u0131 Abbas hamam\u0131nda t\u0259mizlik i\u015fl\u0259rin\u0259 ba\u015flan\u0131l\u0131b &#8211; FOTO"},"content":{"rendered":"<p>M\u0259i\u015f\u0259t tullant\u0131lar\u0131na q\u0259rq olan tarixi abid\u0259 n\u0259zar\u0259t\u0259 g\u00f6t\u00fcr\u00fcl\u00fcb.<\/p>\n<p>Bu bar\u0259d\u0259\u00a0Oxu.Az-\u0131n sor\u011fusuna cavab olaraq M\u0259d\u0259niyy\u0259t Nazirliyi yan\u0131nda M\u0259d\u0259ni \u0130rsin Qorunmas\u0131, \u0130nki\u015faf\u0131 v\u0259 B\u0259rpas\u0131 \u00fczr\u0259 D\u00f6vl\u0259t Xidm\u0259tinin m\u0259tbuat katibi Fariz H\u00fcseynli m\u0259lumat verib.<\/p>\n<p>O bildirib ki, M\u0259d\u0259niyy\u0259t Nazirliyi yan\u0131nda M\u0259d\u0259ni \u0130rsin Qorunmas\u0131, \u0130nki\u015faf\u0131 v\u0259 B\u0259rpas\u0131 \u00fczr\u0259 D\u00f6vl\u0259t Xidm\u0259ti v\u0259 Sabun\u00e7u Rayon \u0130cra Hakimiyy\u0259ti il\u0259 birg\u0259 m\u0259i\u015f\u0259t tullant\u0131lar\u0131 il\u0259 zibill\u0259ndirilmi\u015f Hac\u0131 Abbas hamam\u0131nda t\u0259mizlik i\u015fl\u0259rin\u0259 ba\u015flan\u0131l\u0131b:<\/p>\n<div id=\"AdviadNativeVideo0\" class=\"AdviadNativeVideo\"><\/div>\n<p>\u201cAbid\u0259nin i\u00e7\u0259risi v\u0259 \u0259traf\u0131 zibild\u0259n t\u0259mizl\u0259nir. Yerli \u0259h\u0259miyy\u0259tli tarix-memarl\u0131q abid\u0259si kimi d\u00f6vl\u0259t qeydiyyat\u0131na g\u00f6t\u00fcr\u00fcl\u0259n tarixi tikili d\u0259f\u0259l\u0259rl\u0259 zibild\u0259n t\u0259mizl\u0259ns\u0259 d\u0259 eyni hallar yenid\u0259n t\u0259krarlan\u0131b. Buna s\u0259b\u0259b yax\u0131nl\u0131qda zibil qutular\u0131n\u0131n olmamas\u0131d\u0131r.\u00a0H\u0259min \u0259raziy\u0259 yax\u0131n yerd\u0259 zibil qutular\u0131\u00a0qoyulacaq\u201d.<\/p>\n<div class=\"gallery\">\n<div class=\"gallery-i\"><img src=\"https:\/\/cdn.oxu.az\/uploads\/W1siZiIsIjIwMjAvMDkvMDcvMTUvMjgvNTUvZWMyNjdkYzctYmU4Yy00NjhiLThjMmYtZjg5OTg0NTY2MTA3L05hcmRhcmFuICg4KS5qcGciXSxbInAiLCJlbmNvZGUiLCJqcGciLCItcXVhbGl0eSA4MCJdLFsicCIsInRodW1iIiwiNTkweDU5MFx1MDAzZSJdXQ?sha=eba258cd8c221d70\" alt=\"\" \/><\/p>\n<div class=\"gallery-i-caption\"><\/div>\n<\/div>\n<div class=\"gallery-i\"><img src=\"https:\/\/cdn.oxu.az\/uploads\/W1siZiIsIjIwMjAvMDkvMDcvMTUvMjgvNTUvZDg5MGExOGYtODg5Yy00MDgyLWJkYjYtNzNjMTZkNDQ1NzQ5L05hcmRhcmFuICg2KS5qcGciXSxbInAiLCJlbmNvZGUiLCJqcGciLCItcXVhbGl0eSA4MCJdLFsicCIsInRodW1iIiwiNTkweDU5MFx1MDAzZSJdXQ?sha=1b175a4402a3c774\" alt=\"\" \/><\/p>\n<div class=\"gallery-i-caption\"><\/div>\n<\/div>\n<div class=\"gallery-i\"><img src=\"https:\/\/cdn.oxu.az\/uploads\/W1siZiIsIjIwMjAvMDkvMDcvMTUvMjgvNTUvNzg3ZmQ1M2QtNWUwNi00NjBhLTg4MWYtOTk0NzY5MTgzYTFlL05hcmRhcmFuICg3KS5qcGciXSxbInAiLCJlbmNvZGUiLCJqcGciLCItcXVhbGl0eSA4MCJdLFsicCIsInRodW1iIiwiNTkweDU5MFx1MDAzZSJdXQ?sha=a6ba9f1fea5e6f1d\" alt=\"\" \/><\/p>\n<div class=\"gallery-i-caption\"><\/div>\n<\/div>\n<div class=\"gallery-i\"><img src=\"https:\/\/cdn.oxu.az\/uploads\/W1siZiIsIjIwMjAvMDkvMDcvMTUvMjgvNTYvOTY1ZjY1OGQtY2Y1Ny00MTk4LThjYzEtOGE2YmJmZjFiYjI1L05hcmRhcmFuICg1KS5qcGciXSxbInAiLCJlbmNvZGUiLCJqcGciLCItcXVhbGl0eSA4MCJdLFsicCIsInRodW1iIiwiNTkweDU5MFx1MDAzZSJdXQ?sha=26c0d0936ecb51fa\" alt=\"\" \/><\/p>\n<div class=\"gallery-i-caption\"><\/div>\n<\/div>\n<div class=\"gallery-i\"><img src=\"https:\/\/cdn.oxu.az\/uploads\/W1siZiIsIjIwMjAvMDkvMDcvMTUvMjgvNTYvMWU0NDdlOTktODc3Ny00MTBiLWE4MGQtNjUzZjBmYTRlMGZhL05hcmRhcmFuICgxKS5qcGciXSxbInAiLCJlbmNvZGUiLCJqcGciLCItcXVhbGl0eSA4MCJdLFsicCIsInRodW1iIiwiNTkweDU5MFx1MDAzZSJdXQ?sha=4e426da95dec4432\" alt=\"\" \/><\/p>\n<div class=\"gallery-i-caption\"><\/div>\n<\/div>\n<div class=\"gallery-i\"><img src=\"https:\/\/cdn.oxu.az\/uploads\/W1siZiIsIjIwMjAvMDkvMDcvMTUvMjgvNTYvOTdjZWJmZTktMzc2Ni00OTcwLWIzNGQtYjY2OGU4MzBhYzdjL05hcmRhcmFuICgzKS5qcGciXSxbInAiLCJlbmNvZGUiLCJqcGciLCItcXVhbGl0eSA4MCJdLFsicCIsInRodW1iIiwiNTkweDU5MFx1MDAzZSJdXQ?sha=ecc54982e429c9c7\" alt=\"\" \/><\/p>\n<div class=\"gallery-i-caption\"><\/div>\n<\/div>\n<div class=\"gallery-i\"><img src=\"https:\/\/cdn.oxu.az\/uploads\/W1siZiIsIjIwMjAvMDkvMDcvMTUvMjgvNTYvYzhhOTQ3MzUtOTczNS00NWU2LWFjZjQtOGNmYzQxZjBmMzI3L05hcmRhcmFuICgyKS5qcGciXSxbInAiLCJlbmNvZGUiLCJqcGciLCItcXVhbGl0eSA4MCJdLFsicCIsInRodW1iIiwiNTkweDU5MFx1MDAzZSJdXQ?sha=cf9b8a6a8f27ecce\" alt=\"\" \/><\/p>\n<div class=\"gallery-i-caption\"><\/div>\n<\/div>\n<div class=\"gallery-i\"><img src=\"https:\/\/cdn.oxu.az\/uploads\/W1siZiIsIjIwMjAvMDkvMDcvMTUvMjgvNTYvZWNhYTFlNjItZTgxNi00YjQzLWI1MjEtMGZiODkzMDdhOTU1L05hcmRhcmFuICg0KS5qcGciXSxbInAiLCJlbmNvZGUiLCJqcGciLCItcXVhbGl0eSA4MCJdLFsicCIsInRodW1iIiwiNTkweDU5MFx1MDAzZSJdXQ?sha=deb8629d86ba7ed0\" alt=\"\" \/><\/div>\n<\/div>\n","protected":false},"excerpt":{"rendered":"<p>M\u0259i\u015f\u0259t tullant\u0131lar\u0131na q\u0259rq olan tarixi abid\u0259 n\u0259zar\u0259t\u0259 g\u00f6t\u00fcr\u00fcl\u00fcb. Bu bar\u0259d\u0259\u00a0Oxu.Az-\u0131n sor\u011fusuna cavab olaraq M\u0259d\u0259niyy\u0259t Nazirliyi yan\u0131nda M\u0259d\u0259ni \u0130rsin Qorunmas\u0131, \u0130nki\u015faf\u0131 v\u0259 B\u0259rpas\u0131 \u00fczr\u0259 D\u00f6vl\u0259t Xidm\u0259tinin m\u0259tbuat katibi Fariz H\u00fcseynli m\u0259lumat verib. O bildirib ki, M\u0259d\u0259niyy\u0259t Nazirliyi yan\u0131nda M\u0259d\u0259ni \u0130rsin Qorunmas\u0131, \u0130nki\u015faf\u0131 v\u0259 B\u0259rpas\u0131 \u00fczr\u0259 D\u00f6vl\u0259t Xidm\u0259ti v\u0259 Sabun\u00e7u Rayon \u0130cra Hakimiyy\u0259ti il\u0259 birg\u0259 m\u0259i\u015f\u0259t tullant\u0131lar\u0131 il\u0259 zibill\u0259ndirilmi\u015f Hac\u0131 Abbas hamam\u0131nda t\u0259mizlik i\u015fl\u0259rin\u0259 ba\u015flan\u0131l\u0131b: \u201cAbid\u0259nin i\u00e7\u0259risi v\u0259 \u0259traf\u0131 zibild\u0259n t\u0259mizl\u0259nir. Yerli \u0259h\u0259miyy\u0259tli tarix-memarl\u0131q abid\u0259si kimi d\u00f6vl\u0259t qeydiyyat\u0131na g\u00f6t\u00fcr\u00fcl\u0259n tarixi tikili d\u0259f\u0259l\u0259rl\u0259 zibild\u0259n t\u0259mizl\u0259ns\u0259 d\u0259 eyni hallar yenid\u0259n t\u0259krarlan\u0131b. Buna s\u0259b\u0259b yax\u0131nl\u0131qda&hellip;<\/p>\n","protected":false},"author":2,"featured_media":216998,"comment_status":"closed","ping_status":"closed","sticky":false,"template":"","format":"standard","meta":{"om_disable_all_campaigns":false,"_monsterinsights_skip_tracking":false,"_monsterinsights_sitenote_active":false,"_monsterinsights_sitenote_note":"","_monsterinsights_sitenote_category":0},"categories":[26],"tags":[],"aioseo_notices":[],"gutentor_comment":0,"rttpg_featured_image_url":{"full":["https:\/\/arantv.az\/wp-content\/uploads\/2020\/09\/Nardaran-1.jpg",620,465,false],"landscape":["https:\/\/arantv.az\/wp-content\/uploads\/2020\/09\/Nardaran-1.jpg",620,465,false],"portraits":["https:\/\/arantv.az\/wp-content\/uploads\/2020\/09\/Nardaran-1.jpg",620,465,false],"thumbnail":["https:\/\/arantv.az\/wp-content\/uploads\/2020\/09\/Nardaran-1-150x150.jpg",150,150,true],"medium":["https:\/\/arantv.az\/wp-content\/uploads\/2020\/09\/Nardaran-1-300x225.jpg",300,225,true],"large":["https:\/\/arantv.az\/wp-content\/uploads\/2020\/09\/Nardaran-1.jpg",620,465,false],"1536x1536":["https:\/\/arantv.az\/wp-content\/uploads\/2020\/09\/Nardaran-1.jpg",620,465,false],"2048x2048":["https:\/\/arantv.az\/wp-content\/uploads\/2020\/09\/Nardaran-1.jpg",620,465,false],"post-thumbnail":["https:\/\/arantv.az\/wp-content\/uploads\/2020\/09\/Nardaran-1-240x172.jpg",240,172,true],"advps-thumb-one":["https:\/\/arantv.az\/wp-content\/uploads\/2020\/09\/Nardaran-1.jpg",620,465,false]},"rttpg_author":{"display_name":"V\u00fcsal Rafiqo\u011flu","author_link":"https:\/\/arantv.az\/?author=2"},"rttpg_comment":0,"rttpg_category":"<a href=\"https:\/\/arantv.az\/?cat=26\" rel=\"category\">Sosial<\/a>","rttpg_excerpt":"M\u0259i\u015f\u0259t tullant\u0131lar\u0131na q\u0259rq olan tarixi abid\u0259 n\u0259zar\u0259t\u0259 g\u00f6t\u00fcr\u00fcl\u00fcb. Bu bar\u0259d\u0259\u00a0Oxu.Az-\u0131n sor\u011fusuna cavab olaraq M\u0259d\u0259niyy\u0259t Nazirliyi yan\u0131nda M\u0259d\u0259ni \u0130rsin Qorunmas\u0131, \u0130nki\u015faf\u0131 v\u0259 B\u0259rpas\u0131 \u00fczr\u0259 D\u00f6vl\u0259t Xidm\u0259tinin m\u0259tbuat katibi Fariz H\u00fcseynli m\u0259lumat verib. O bildirib ki, M\u0259d\u0259niyy\u0259t Nazirliyi yan\u0131nda M\u0259d\u0259ni \u0130rsin Qorunmas\u0131, \u0130nki\u015faf\u0131 v\u0259 B\u0259rpas\u0131 \u00fczr\u0259 D\u00f6vl\u0259t Xidm\u0259ti v\u0259 Sabun\u00e7u Rayon \u0130cra Hakimiyy\u0259ti il\u0259 birg\u0259 m\u0259i\u015f\u0259t tullant\u0131lar\u0131&hellip;","_links":{"self":[{"href":"https:\/\/arantv.az\/index.php?rest_route=\/wp\/v2\/posts\/216997"}],"collection":[{"href":"https:\/\/arantv.az\/index.php?rest_route=\/wp\/v2\/posts"}],"about":[{"href":"https:\/\/arantv.az\/index.php?rest_route=\/wp\/v2\/types\/post"}],"author":[{"embeddable":true,"href":"https:\/\/arantv.az\/index.php?rest_route=\/wp\/v2\/users\/2"}],"replies":[{"embeddable":true,"href":"https:\/\/arantv.az\/index.php?rest_route=%2Fwp%2Fv2%2Fcomments&post=216997"}],"version-history":[{"count":0,"href":"https:\/\/arantv.az\/index.php?rest_route=\/wp\/v2\/posts\/216997\/revisions"}],"wp:featuredmedia":[{"embeddable":true,"href":"https:\/\/arantv.az\/index.php?rest_route=\/wp\/v2\/media\/216998"}],"wp:attachment":[{"href":"https:\/\/arantv.az\/index.php?rest_route=%2Fwp%2Fv2%2Fmedia&parent=216997"}],"wp:term":[{"taxonomy":"category","embeddable":true,"href":"https:\/\/arantv.az\/index.php?rest_route=%2Fwp%2Fv2%2Fcategories&post=216997"},{"taxonomy":"post_tag","embeddable":true,"href":"https:\/\/arantv.az\/index.php?rest_route=%2Fwp%2Fv2%2Ftags&post=216997"}],"curies":[{"name":"wp","href":"https:\/\/api.w.org\/{rel}","templated":true}]}}