{"id":217001,"date":"2020-09-07T15:22:06","date_gmt":"2020-09-07T12:22:06","guid":{"rendered":"http:\/\/arantv.az\/?p=217001"},"modified":"2020-09-07T15:22:06","modified_gmt":"2020-09-07T12:22:06","slug":"ilham-%c9%99liyev-iranin-az%c9%99rbaycanda-yeni-t%c9%99yin-olunmus-s%c9%99firinin-etimadnam%c9%99sini-q%c9%99bul-edib-foto","status":"publish","type":"post","link":"https:\/\/arantv.az\/?p=217001","title":{"rendered":"\u0130lham \u018fliyev \u0130ran\u0131n Az\u0259rbaycanda yeni t\u0259yin olunmu\u015f s\u0259firinin etimadnam\u0259sini q\u0259bul edib &#8211; FOTO"},"content":{"rendered":"<p>Az\u0259rbaycan Respublikas\u0131n\u0131n Prezidenti \u0130lham \u018fliyev sentyabr\u0131n 7-d\u0259 \u0130ran \u0130slam Respublikas\u0131n\u0131n \u00f6lk\u0259mizd\u0259 yeni t\u0259yin olunmu\u015f f\u00f6vq\u0259lad\u0259 v\u0259 s\u0259lahiyy\u0259tli s\u0259firi Seyid Abbas Mus\u0259vinin etimadnam\u0259sini q\u0259bul edib.<\/p>\n<div id=\"AdviadNativeVideo0\" class=\"AdviadNativeVideo\"><\/div>\n<p>Bu bar\u0259d\u0259\u00a0<a href=\"https:\/\/azertag.az\/xeber\/Prezident_Ilham_Aliyev_Iranin_Azerbaycanda_yeni_teyin_olunmus_sefirinin_etimadnamesini_qebul_edib_YENILANACAK-1578763\" target=\"_blank\" rel=\"noopener\">AZ\u018fRTAC<\/a>\u00a0m\u0259lumat yay\u0131b.<\/p>\n<div class=\"gallery\">\n<div class=\"gallery-i\"><img src=\"https:\/\/cdn.oxu.az\/uploads\/W1siZiIsIjIwMjAvMDkvMDcvMTYvMTUvNTAvNzU1ZDY4OTYtOTlhNS00N2JiLTg1NmYtMGRkZDUzODcyMDRmLzE1OTk0ODA0OTE5MTQ1MjQxMDVfMTAwMHg2NjkuanBnIl0sWyJwIiwiZW5jb2RlIiwianBnIiwiLXF1YWxpdHkgODAiXSxbInAiLCJ0aHVtYiIsIjU5MHg1OTBcdTAwM2UiXV0?sha=5e81128d54c582ae\" alt=\"\" \/><\/div>\n<\/div>\n","protected":false},"excerpt":{"rendered":"<p>Az\u0259rbaycan Respublikas\u0131n\u0131n Prezidenti \u0130lham \u018fliyev sentyabr\u0131n 7-d\u0259 \u0130ran \u0130slam Respublikas\u0131n\u0131n \u00f6lk\u0259mizd\u0259 yeni t\u0259yin olunmu\u015f f\u00f6vq\u0259lad\u0259 v\u0259 s\u0259lahiyy\u0259tli s\u0259firi Seyid Abbas Mus\u0259vinin etimadnam\u0259sini q\u0259bul edib. Bu bar\u0259d\u0259\u00a0AZ\u018fRTAC\u00a0m\u0259lumat yay\u0131b.<\/p>\n","protected":false},"author":2,"featured_media":217002,"comment_status":"closed","ping_status":"closed","sticky":false,"template":"","format":"standard","meta":{"om_disable_all_campaigns":false,"_monsterinsights_skip_tracking":false,"_monsterinsights_sitenote_active":false,"_monsterinsights_sitenote_note":"","_monsterinsights_sitenote_category":0},"categories":[8],"tags":[],"aioseo_notices":[],"gutentor_comment":0,"rttpg_featured_image_url":{"full":["https:\/\/arantv.az\/wp-content\/uploads\/2020\/09\/1599480490133482998_1000x669.jpg",620,412,false],"landscape":["https:\/\/arantv.az\/wp-content\/uploads\/2020\/09\/1599480490133482998_1000x669.jpg",620,412,false],"portraits":["https:\/\/arantv.az\/wp-content\/uploads\/2020\/09\/1599480490133482998_1000x669.jpg",620,412,false],"thumbnail":["https:\/\/arantv.az\/wp-content\/uploads\/2020\/09\/1599480490133482998_1000x669-150x150.jpg",150,150,true],"medium":["https:\/\/arantv.az\/wp-content\/uploads\/2020\/09\/1599480490133482998_1000x669-300x199.jpg",300,199,true],"large":["https:\/\/arantv.az\/wp-content\/uploads\/2020\/09\/1599480490133482998_1000x669.jpg",620,412,false],"1536x1536":["https:\/\/arantv.az\/wp-content\/uploads\/2020\/09\/1599480490133482998_1000x669.jpg",620,412,false],"2048x2048":["https:\/\/arantv.az\/wp-content\/uploads\/2020\/09\/1599480490133482998_1000x669.jpg",620,412,false],"post-thumbnail":["https:\/\/arantv.az\/wp-content\/uploads\/2020\/09\/1599480490133482998_1000x669-240x172.jpg",240,172,true],"advps-thumb-one":["https:\/\/arantv.az\/wp-content\/uploads\/2020\/09\/1599480490133482998_1000x669.jpg",620,412,false]},"rttpg_author":{"display_name":"V\u00fcsal Rafiqo\u011flu","author_link":"https:\/\/arantv.az\/?author=2"},"rttpg_comment":0,"rttpg_category":"<a href=\"https:\/\/arantv.az\/?cat=8\" rel=\"category\">\u018fsas s\u0259hif\u0259<\/a>","rttpg_excerpt":"Az\u0259rbaycan Respublikas\u0131n\u0131n Prezidenti \u0130lham \u018fliyev sentyabr\u0131n 7-d\u0259 \u0130ran \u0130slam Respublikas\u0131n\u0131n \u00f6lk\u0259mizd\u0259 yeni t\u0259yin olunmu\u015f f\u00f6vq\u0259lad\u0259 v\u0259 s\u0259lahiyy\u0259tli s\u0259firi Seyid Abbas Mus\u0259vinin etimadnam\u0259sini q\u0259bul edib. Bu bar\u0259d\u0259\u00a0AZ\u018fRTAC\u00a0m\u0259lumat yay\u0131b.","_links":{"self":[{"href":"https:\/\/arantv.az\/index.php?rest_route=\/wp\/v2\/posts\/217001"}],"collection":[{"href":"https:\/\/arantv.az\/index.php?rest_route=\/wp\/v2\/posts"}],"about":[{"href":"https:\/\/arantv.az\/index.php?rest_route=\/wp\/v2\/types\/post"}],"author":[{"embeddable":true,"href":"https:\/\/arantv.az\/index.php?rest_route=\/wp\/v2\/users\/2"}],"replies":[{"embeddable":true,"href":"https:\/\/arantv.az\/index.php?rest_route=%2Fwp%2Fv2%2Fcomments&post=217001"}],"version-history":[{"count":0,"href":"https:\/\/arantv.az\/index.php?rest_route=\/wp\/v2\/posts\/217001\/revisions"}],"wp:featuredmedia":[{"embeddable":true,"href":"https:\/\/arantv.az\/index.php?rest_route=\/wp\/v2\/media\/217002"}],"wp:attachment":[{"href":"https:\/\/arantv.az\/index.php?rest_route=%2Fwp%2Fv2%2Fmedia&parent=217001"}],"wp:term":[{"taxonomy":"category","embeddable":true,"href":"https:\/\/arantv.az\/index.php?rest_route=%2Fwp%2Fv2%2Fcategories&post=217001"},{"taxonomy":"post_tag","embeddable":true,"href":"https:\/\/arantv.az\/index.php?rest_route=%2Fwp%2Fv2%2Ftags&post=217001"}],"curies":[{"name":"wp","href":"https:\/\/api.w.org\/{rel}","templated":true}]}}