{"id":217005,"date":"2020-09-07T15:23:00","date_gmt":"2020-09-07T12:23:00","guid":{"rendered":"http:\/\/arantv.az\/?p=217005"},"modified":"2020-09-07T15:23:00","modified_gmt":"2020-09-07T12:23:00","slug":"s%c9%99mkird%c9%99-avtoxuliqanliq-ed%c9%99n-s%c9%99xsl%c9%99r-saxlanilib-foto","status":"publish","type":"post","link":"https:\/\/arantv.az\/?p=217005","title":{"rendered":"\u015e\u0259mkird\u0259 avtoxuliqanl\u0131q ed\u0259n \u015f\u0259xsl\u0259r saxlan\u0131l\u0131b &#8211; FOTO"},"content":{"rendered":"<p>\u015e\u0259mkir Rayon Polis \u015e\u00f6b\u0259sinin D\u00f6vl\u0259t Yol Polisi B\u00f6lm\u0259sinin ( RP\u015e DYPB) \u0259m\u0259kda\u015flar\u0131 rayon \u0259razisind\u0259 avtoxuliqanl\u0131q ed\u0259r\u0259k ictimai-asayi\u015fi n\u00fcmayi\u015fk\u0259ran\u0259 \u015f\u0259kild\u0259 pozan v\u0259 bununla da v\u0259t\u0259nda\u015flar\u0131n haql\u0131 naraz\u0131l\u0131\u011f\u0131na s\u0259b\u0259b olan s\u00fcr\u00fcc\u00fcl\u0259ri saxlay\u0131b.<\/p>\n<p>Bu bar\u0259d\u0259 Daxili \u0130\u015fl\u0259r Nazirliyinin m\u0259tbuat xidm\u0259tinin G\u0259nc\u0259 \u015f\u0259h\u0259rind\u0259ki regional qrupu x\u0259b\u0259r yay\u0131b.<\/p>\n<div id=\"AdviadNativeVideo0\" class=\"AdviadNativeVideo\"><\/div>\n<p>Bildirilib ki, rayon sakinl\u0259ri,\u00a0 Tural R\u00fcst\u0259mli, \u0130lkin \u018fhm\u0259dzad\u0259, H\u00fcseyn Ta\u011f\u0131yev, Az\u0259r B\u0259hlulzad\u0259 v\u0259 Fikr\u0259t Ba\u011f\u0131rov \u0259vv\u0259lc\u0259d\u0259n planla\u015fd\u0131raraq, qrup \u015f\u0259klind\u0259 \u00fcmumilikd\u0259 be\u015f\u00a0\u0259d\u0259d \u201cVAZ 2107\u201d markal\u0131 avtomobil karvan\u0131 il\u0259 yollarda intizams\u0131zl\u0131q ed\u0259r\u0259k, yol h\u0259r\u0259k\u0259ti qaydalar\u0131n\u0131 kobud \u015f\u0259kild\u0259 pozaraq avtoxuliqanl\u0131q etdikl\u0259ri v\u0259 bu\u00a0 h\u0259r\u0259k\u0259tl\u0259ri video g\u00f6r\u00fcnt\u00fcy\u0259 al\u0131b m\u00fcxt\u0259lif sosial \u015f\u0259b\u0259k\u0259l\u0259rd\u0259 yerl\u0259\u015fdirdikl\u0259ri m\u0259lum olub.<\/p>\n<p>Saxlan\u0131lan \u015f\u0259xsl\u0259r bar\u0259sind\u0259 \u015e\u0259mkir RP\u015e-nin DYPB-nin \u0259m\u0259kda\u015flar\u0131 t\u0259r\u0259find\u0259n inzibati qaydada protokollar t\u0259rtib olunaraq bax\u0131lmas\u0131 \u00fc\u00e7\u00fcn m\u0259hk\u0259m\u0259y\u0259 g\u00f6nd\u0259rilib.<\/p>\n<div class=\"gallery\">\n<div class=\"gallery-i\"><img src=\"https:\/\/cdn.oxu.az\/uploads\/W1siZiIsIjIwMjAvMDkvMDcvMTUvNDQvNDUvNjU3ZGY1OTktZTA3Ny00YzdlLTg2MWUtYWRlNWUyYzgyOGRhLzBkZDljNzY1LTljNzYtNDliZS1iNTQ4LTYzNjdhNmRkODg3Ni5qcGciXSxbInAiLCJlbmNvZGUiLCJqcGciLCItcXVhbGl0eSA4MCJdLFsicCIsInRodW1iIiwiNTkweDU5MFx1MDAzZSJdXQ?sha=8c2e5097440c98b6\" alt=\"\" \/><\/p>\n<div class=\"gallery-i-caption\"><\/div>\n<\/div>\n<div class=\"gallery-i\"><img src=\"https:\/\/cdn.oxu.az\/uploads\/W1siZiIsIjIwMjAvMDkvMDcvMTUvNDQvNDUvZmI0OGVlN2EtN2FhMC00YjNjLWI5ZWItY2ZkMDljMjQyMTJiL2UzYTNhODFjLTc3YjgtNDQ3MS04YWRjLTEzYTM1YTNhYThkYS5qcGciXSxbInAiLCJlbmNvZGUiLCJqcGciLCItcXVhbGl0eSA4MCJdLFsicCIsInRodW1iIiwiNTkweDU5MFx1MDAzZSJdXQ?sha=7776fe7f8ca6c230\" alt=\"\" \/><\/p>\n<div class=\"gallery-i-caption\"><\/div>\n<\/div>\n<div class=\"gallery-i\"><img src=\"https:\/\/cdn.oxu.az\/uploads\/W1siZiIsIjIwMjAvMDkvMDcvMTUvNDQvNDYvZDkwNjM3MjAtNzEyMi00NmQwLWI5N2EtYzI4MWIwOWJiM2NmL2FhY2I3ZjhmLTk3NTQtNDJhMC05ZWYwLWQxNGM4YjdjZTJlOS5qcGciXSxbInAiLCJlbmNvZGUiLCJqcGciLCItcXVhbGl0eSA4MCJdLFsicCIsInRodW1iIiwiNTkweDU5MFx1MDAzZSJdXQ?sha=308fd96286bc3599\" alt=\"\" \/><\/p>\n<div class=\"gallery-i-caption\"><\/div>\n<\/div>\n<div class=\"gallery-i\"><img src=\"https:\/\/cdn.oxu.az\/uploads\/W1siZiIsIjIwMjAvMDkvMDcvMTUvNDQvNDYvZDU3YzU1MjMtNDdlNi00YzBjLTk5ZjMtMzM4MjM5M2IyYTI2L2UyNzZlNjBhLWNjMmUtNDNjNC1iZGU1LWQ3NTU3NTZiNTc3Zi5qcGciXSxbInAiLCJlbmNvZGUiLCJqcGciLCItcXVhbGl0eSA4MCJdLFsicCIsInRodW1iIiwiNTkweDU5MFx1MDAzZSJdXQ?sha=91e0e21e769592fc\" alt=\"\" \/><\/p>\n<div class=\"gallery-i-caption\"><\/div>\n<\/div>\n<div class=\"gallery-i\"><img src=\"https:\/\/cdn.oxu.az\/uploads\/W1siZiIsIjIwMjAvMDkvMDcvMTUvNDQvNDYvOGJkOTUwMWUtOTI2Yi00MGRkLWEwYTctNmQwNjBhYmQ0MWQ2LzZjYjcwNDRiLTllMDMtNDIwMS05M2RkLWIzNGNkNGVhYmE0My5qcGciXSxbInAiLCJlbmNvZGUiLCJqcGciLCItcXVhbGl0eSA4MCJdLFsicCIsInRodW1iIiwiNTkweDU5MFx1MDAzZSJdXQ?sha=6f58cf388566a244\" alt=\"\" \/><\/div>\n<\/div>\n","protected":false},"excerpt":{"rendered":"<p>\u015e\u0259mkir Rayon Polis \u015e\u00f6b\u0259sinin D\u00f6vl\u0259t Yol Polisi B\u00f6lm\u0259sinin ( RP\u015e DYPB) \u0259m\u0259kda\u015flar\u0131 rayon \u0259razisind\u0259 avtoxuliqanl\u0131q ed\u0259r\u0259k ictimai-asayi\u015fi n\u00fcmayi\u015fk\u0259ran\u0259 \u015f\u0259kild\u0259 pozan v\u0259 bununla da v\u0259t\u0259nda\u015flar\u0131n haql\u0131 naraz\u0131l\u0131\u011f\u0131na s\u0259b\u0259b olan s\u00fcr\u00fcc\u00fcl\u0259ri saxlay\u0131b. Bu bar\u0259d\u0259 Daxili \u0130\u015fl\u0259r Nazirliyinin m\u0259tbuat xidm\u0259tinin G\u0259nc\u0259 \u015f\u0259h\u0259rind\u0259ki regional qrupu x\u0259b\u0259r yay\u0131b. Bildirilib ki, rayon sakinl\u0259ri,\u00a0 Tural R\u00fcst\u0259mli, \u0130lkin \u018fhm\u0259dzad\u0259, H\u00fcseyn Ta\u011f\u0131yev, Az\u0259r B\u0259hlulzad\u0259 v\u0259 Fikr\u0259t Ba\u011f\u0131rov \u0259vv\u0259lc\u0259d\u0259n planla\u015fd\u0131raraq, qrup \u015f\u0259klind\u0259 \u00fcmumilikd\u0259 be\u015f\u00a0\u0259d\u0259d \u201cVAZ 2107\u201d markal\u0131 avtomobil karvan\u0131 il\u0259 yollarda intizams\u0131zl\u0131q ed\u0259r\u0259k, yol h\u0259r\u0259k\u0259ti qaydalar\u0131n\u0131 kobud \u015f\u0259kild\u0259 pozaraq avtoxuliqanl\u0131q etdikl\u0259ri v\u0259 bu\u00a0 h\u0259r\u0259k\u0259tl\u0259ri video g\u00f6r\u00fcnt\u00fcy\u0259 al\u0131b m\u00fcxt\u0259lif sosial \u015f\u0259b\u0259k\u0259l\u0259rd\u0259&hellip;<\/p>\n","protected":false},"author":2,"featured_media":217006,"comment_status":"closed","ping_status":"closed","sticky":false,"template":"","format":"standard","meta":{"om_disable_all_campaigns":false,"_monsterinsights_skip_tracking":false,"_monsterinsights_sitenote_active":false,"_monsterinsights_sitenote_note":"","_monsterinsights_sitenote_category":0},"categories":[5],"tags":[],"aioseo_notices":[],"gutentor_comment":0,"rttpg_featured_image_url":{"full":["https:\/\/arantv.az\/wp-content\/uploads\/2020\/09\/6cb7044b-9e03-4201-93dd-b34cd4eaba43.jpg",620,465,false],"landscape":["https:\/\/arantv.az\/wp-content\/uploads\/2020\/09\/6cb7044b-9e03-4201-93dd-b34cd4eaba43.jpg",620,465,false],"portraits":["https:\/\/arantv.az\/wp-content\/uploads\/2020\/09\/6cb7044b-9e03-4201-93dd-b34cd4eaba43.jpg",620,465,false],"thumbnail":["https:\/\/arantv.az\/wp-content\/uploads\/2020\/09\/6cb7044b-9e03-4201-93dd-b34cd4eaba43-150x150.jpg",150,150,true],"medium":["https:\/\/arantv.az\/wp-content\/uploads\/2020\/09\/6cb7044b-9e03-4201-93dd-b34cd4eaba43-300x225.jpg",300,225,true],"large":["https:\/\/arantv.az\/wp-content\/uploads\/2020\/09\/6cb7044b-9e03-4201-93dd-b34cd4eaba43.jpg",620,465,false],"1536x1536":["https:\/\/arantv.az\/wp-content\/uploads\/2020\/09\/6cb7044b-9e03-4201-93dd-b34cd4eaba43.jpg",620,465,false],"2048x2048":["https:\/\/arantv.az\/wp-content\/uploads\/2020\/09\/6cb7044b-9e03-4201-93dd-b34cd4eaba43.jpg",620,465,false],"post-thumbnail":["https:\/\/arantv.az\/wp-content\/uploads\/2020\/09\/6cb7044b-9e03-4201-93dd-b34cd4eaba43-240x172.jpg",240,172,true],"advps-thumb-one":["https:\/\/arantv.az\/wp-content\/uploads\/2020\/09\/6cb7044b-9e03-4201-93dd-b34cd4eaba43.jpg",620,465,false]},"rttpg_author":{"display_name":"V\u00fcsal Rafiqo\u011flu","author_link":"https:\/\/arantv.az\/?author=2"},"rttpg_comment":0,"rttpg_category":"<a href=\"https:\/\/arantv.az\/?cat=5\" rel=\"category\">Hadis\u0259<\/a>","rttpg_excerpt":"\u015e\u0259mkir Rayon Polis \u015e\u00f6b\u0259sinin D\u00f6vl\u0259t Yol Polisi B\u00f6lm\u0259sinin ( RP\u015e DYPB) \u0259m\u0259kda\u015flar\u0131 rayon \u0259razisind\u0259 avtoxuliqanl\u0131q ed\u0259r\u0259k ictimai-asayi\u015fi n\u00fcmayi\u015fk\u0259ran\u0259 \u015f\u0259kild\u0259 pozan v\u0259 bununla da v\u0259t\u0259nda\u015flar\u0131n haql\u0131 naraz\u0131l\u0131\u011f\u0131na s\u0259b\u0259b olan s\u00fcr\u00fcc\u00fcl\u0259ri saxlay\u0131b. Bu bar\u0259d\u0259 Daxili \u0130\u015fl\u0259r Nazirliyinin m\u0259tbuat xidm\u0259tinin G\u0259nc\u0259 \u015f\u0259h\u0259rind\u0259ki regional qrupu x\u0259b\u0259r yay\u0131b. Bildirilib ki, rayon sakinl\u0259ri,\u00a0 Tural R\u00fcst\u0259mli, \u0130lkin \u018fhm\u0259dzad\u0259, H\u00fcseyn Ta\u011f\u0131yev, Az\u0259r B\u0259hlulzad\u0259&hellip;","_links":{"self":[{"href":"https:\/\/arantv.az\/index.php?rest_route=\/wp\/v2\/posts\/217005"}],"collection":[{"href":"https:\/\/arantv.az\/index.php?rest_route=\/wp\/v2\/posts"}],"about":[{"href":"https:\/\/arantv.az\/index.php?rest_route=\/wp\/v2\/types\/post"}],"author":[{"embeddable":true,"href":"https:\/\/arantv.az\/index.php?rest_route=\/wp\/v2\/users\/2"}],"replies":[{"embeddable":true,"href":"https:\/\/arantv.az\/index.php?rest_route=%2Fwp%2Fv2%2Fcomments&post=217005"}],"version-history":[{"count":0,"href":"https:\/\/arantv.az\/index.php?rest_route=\/wp\/v2\/posts\/217005\/revisions"}],"wp:featuredmedia":[{"embeddable":true,"href":"https:\/\/arantv.az\/index.php?rest_route=\/wp\/v2\/media\/217006"}],"wp:attachment":[{"href":"https:\/\/arantv.az\/index.php?rest_route=%2Fwp%2Fv2%2Fmedia&parent=217005"}],"wp:term":[{"taxonomy":"category","embeddable":true,"href":"https:\/\/arantv.az\/index.php?rest_route=%2Fwp%2Fv2%2Fcategories&post=217005"},{"taxonomy":"post_tag","embeddable":true,"href":"https:\/\/arantv.az\/index.php?rest_route=%2Fwp%2Fv2%2Ftags&post=217005"}],"curies":[{"name":"wp","href":"https:\/\/api.w.org\/{rel}","templated":true}]}}