{"id":217009,"date":"2020-09-07T15:24:20","date_gmt":"2020-09-07T12:24:20","guid":{"rendered":"http:\/\/arantv.az\/?p=217009"},"modified":"2020-09-07T15:24:20","modified_gmt":"2020-09-07T12:24:20","slug":"masinla-toqqusan-motosiklet-surucusu-oldu","status":"publish","type":"post","link":"https:\/\/arantv.az\/?p=217009","title":{"rendered":"Ma\u015f\u0131nla toqqu\u015fan motosiklet s\u00fcr\u00fcc\u00fcs\u00fc \u00f6ld\u00fc"},"content":{"rendered":"<p><strong>Saatl\u0131 rayonunun Musal\u0131 k\u0259ndi \u0259razisind\u0259 yol-n\u0259qliyyat hadis\u0259si ba\u015f verib.\u00a0<\/strong><\/p>\n<p><strong>ARANTV.AZ<\/strong> qafqazinfo-ya istinad\u0259n bildirir ki,\u00a0q\u0259za sentyabr\u0131n 5-d\u0259 saat 23 rad\u0259l\u0259rind\u0259 qeyd\u0259 al\u0131n\u0131b.<\/p>\n<p>K\u0259nd sakini \u0130.\u0130brahimovun idar\u0259 etdiyi &#8220;VAZ-2107&#8221; markal\u0131 avtomobill\u0259 \u015f\u0259h\u0259r sakini \u0130lham Salmanovun idar\u0259 etdiyi motosiklet toqqu\u015fub. N\u0259tic\u0259d\u0259 x\u0259st\u0259xanaya yerl\u0259\u015fdirilmi\u015f \u0130.Salmanov sentyabr\u0131n 6-da orada \u00f6l\u00fcb.<\/p>\n<p>Saatl\u0131 RP\u015e t\u0259r\u0259find\u0259n ara\u015fd\u0131rma apar\u0131l\u0131r.<\/p>\n","protected":false},"excerpt":{"rendered":"<p>Saatl\u0131 rayonunun Musal\u0131 k\u0259ndi \u0259razisind\u0259 yol-n\u0259qliyyat hadis\u0259si ba\u015f verib.\u00a0 ARANTV.AZ qafqazinfo-ya istinad\u0259n bildirir ki,\u00a0q\u0259za sentyabr\u0131n 5-d\u0259 saat 23 rad\u0259l\u0259rind\u0259 qeyd\u0259 al\u0131n\u0131b. K\u0259nd sakini \u0130.\u0130brahimovun idar\u0259 etdiyi &#8220;VAZ-2107&#8221; markal\u0131 avtomobill\u0259 \u015f\u0259h\u0259r sakini \u0130lham Salmanovun idar\u0259 etdiyi motosiklet toqqu\u015fub. N\u0259tic\u0259d\u0259 x\u0259st\u0259xanaya yerl\u0259\u015fdirilmi\u015f \u0130.Salmanov sentyabr\u0131n 6-da orada \u00f6l\u00fcb. Saatl\u0131 RP\u015e t\u0259r\u0259find\u0259n ara\u015fd\u0131rma apar\u0131l\u0131r.<\/p>\n","protected":false},"author":2,"featured_media":217010,"comment_status":"closed","ping_status":"closed","sticky":false,"template":"","format":"standard","meta":{"om_disable_all_campaigns":false,"_monsterinsights_skip_tracking":false,"_monsterinsights_sitenote_active":false,"_monsterinsights_sitenote_note":"","_monsterinsights_sitenote_category":0},"categories":[5],"tags":[],"aioseo_notices":[],"gutentor_comment":0,"rttpg_featured_image_url":{"full":["https:\/\/arantv.az\/wp-content\/uploads\/2020\/09\/879128.jpg",800,600,false],"landscape":["https:\/\/arantv.az\/wp-content\/uploads\/2020\/09\/879128.jpg",800,600,false],"portraits":["https:\/\/arantv.az\/wp-content\/uploads\/2020\/09\/879128.jpg",800,600,false],"thumbnail":["https:\/\/arantv.az\/wp-content\/uploads\/2020\/09\/879128-150x150.jpg",150,150,true],"medium":["https:\/\/arantv.az\/wp-content\/uploads\/2020\/09\/879128-300x225.jpg",300,225,true],"large":["https:\/\/arantv.az\/wp-content\/uploads\/2020\/09\/879128.jpg",640,480,false],"1536x1536":["https:\/\/arantv.az\/wp-content\/uploads\/2020\/09\/879128.jpg",800,600,false],"2048x2048":["https:\/\/arantv.az\/wp-content\/uploads\/2020\/09\/879128.jpg",800,600,false],"post-thumbnail":["https:\/\/arantv.az\/wp-content\/uploads\/2020\/09\/879128-240x172.jpg",240,172,true],"advps-thumb-one":["https:\/\/arantv.az\/wp-content\/uploads\/2020\/09\/879128.jpg",800,600,false]},"rttpg_author":{"display_name":"V\u00fcsal Rafiqo\u011flu","author_link":"https:\/\/arantv.az\/?author=2"},"rttpg_comment":0,"rttpg_category":"<a href=\"https:\/\/arantv.az\/?cat=5\" rel=\"category\">Hadis\u0259<\/a>","rttpg_excerpt":"Saatl\u0131 rayonunun Musal\u0131 k\u0259ndi \u0259razisind\u0259 yol-n\u0259qliyyat hadis\u0259si ba\u015f verib.\u00a0 ARANTV.AZ qafqazinfo-ya istinad\u0259n bildirir ki,\u00a0q\u0259za sentyabr\u0131n 5-d\u0259 saat 23 rad\u0259l\u0259rind\u0259 qeyd\u0259 al\u0131n\u0131b. K\u0259nd sakini \u0130.\u0130brahimovun idar\u0259 etdiyi &#8220;VAZ-2107&#8221; markal\u0131 avtomobill\u0259 \u015f\u0259h\u0259r sakini \u0130lham Salmanovun idar\u0259 etdiyi motosiklet toqqu\u015fub. N\u0259tic\u0259d\u0259 x\u0259st\u0259xanaya yerl\u0259\u015fdirilmi\u015f \u0130.Salmanov sentyabr\u0131n 6-da orada \u00f6l\u00fcb. Saatl\u0131 RP\u015e t\u0259r\u0259find\u0259n ara\u015fd\u0131rma apar\u0131l\u0131r.","_links":{"self":[{"href":"https:\/\/arantv.az\/index.php?rest_route=\/wp\/v2\/posts\/217009"}],"collection":[{"href":"https:\/\/arantv.az\/index.php?rest_route=\/wp\/v2\/posts"}],"about":[{"href":"https:\/\/arantv.az\/index.php?rest_route=\/wp\/v2\/types\/post"}],"author":[{"embeddable":true,"href":"https:\/\/arantv.az\/index.php?rest_route=\/wp\/v2\/users\/2"}],"replies":[{"embeddable":true,"href":"https:\/\/arantv.az\/index.php?rest_route=%2Fwp%2Fv2%2Fcomments&post=217009"}],"version-history":[{"count":0,"href":"https:\/\/arantv.az\/index.php?rest_route=\/wp\/v2\/posts\/217009\/revisions"}],"wp:featuredmedia":[{"embeddable":true,"href":"https:\/\/arantv.az\/index.php?rest_route=\/wp\/v2\/media\/217010"}],"wp:attachment":[{"href":"https:\/\/arantv.az\/index.php?rest_route=%2Fwp%2Fv2%2Fmedia&parent=217009"}],"wp:term":[{"taxonomy":"category","embeddable":true,"href":"https:\/\/arantv.az\/index.php?rest_route=%2Fwp%2Fv2%2Fcategories&post=217009"},{"taxonomy":"post_tag","embeddable":true,"href":"https:\/\/arantv.az\/index.php?rest_route=%2Fwp%2Fv2%2Ftags&post=217009"}],"curies":[{"name":"wp","href":"https:\/\/api.w.org\/{rel}","templated":true}]}}