{"id":217013,"date":"2020-09-07T15:25:38","date_gmt":"2020-09-07T12:25:38","guid":{"rendered":"http:\/\/arantv.az\/?p=217013"},"modified":"2020-09-07T15:25:38","modified_gmt":"2020-09-07T12:25:38","slug":"saakasvilinin-gurcustanin-bas-naziri-v%c9%99zif%c9%99sin%c9%99-namiz%c9%99dliyi-ir%c9%99li-suruldu","status":"publish","type":"post","link":"https:\/\/arantv.az\/?p=217013","title":{"rendered":"Saaka\u015fvilinin G\u00fcrc\u00fcstan\u0131n ba\u015f naziri v\u0259zif\u0259sin\u0259 namiz\u0259dliyi ir\u0259li s\u00fcr\u00fcld\u00fc"},"content":{"rendered":"<p><strong>G\u00fcrc\u00fcstanda &#8220;G\u00fcc birlikd\u0259dir&#8221; m\u00fcxalif birliyi sabiq prezident Mixail Saaka\u015fvilinin g\u0259l\u0259n ay ke\u00e7iril\u0259c\u0259k parlament se\u00e7kil\u0259rind\u0259 ba\u015f nazir v\u0259zif\u0259sin\u0259 namiz\u0259dliyini ir\u0259li s\u00fcr\u00fcb.<\/strong><\/p>\n<p><strong>ARANTV.AZ<\/strong>\u00a0\u00a0<a href=\"http:\/\/az.trend.az\/\" target=\"_blank\" rel=\"noopener\">Trend<\/a>-\u0259 istinad\u0259n bildirir ki, bu bar\u0259d\u0259 &#8220;Vahid Milli H\u0259r\u0259kat&#8221; partiyas\u0131n\u0131n lideri Qriqol Va\u015fadze brifinq zaman\u0131 deyib.<\/p>\n<p>Bununla \u0259laq\u0259dar olaraq M.Saaka\u015fvilinin bu g\u00fcn ax\u015fam saatlar\u0131nda a\u00e7\u0131qlama verm\u0259si g\u00f6zl\u0259nilir.<\/p>\n<p>Qeyd ed\u0259k ki, G\u00fcrc\u00fcstanda parlament se\u00e7kil\u0259ri oktyabr\u0131n 31-d\u0259 ke\u00e7iril\u0259c\u0259k.<\/p>\n","protected":false},"excerpt":{"rendered":"<p>G\u00fcrc\u00fcstanda &#8220;G\u00fcc birlikd\u0259dir&#8221; m\u00fcxalif birliyi sabiq prezident Mixail Saaka\u015fvilinin g\u0259l\u0259n ay ke\u00e7iril\u0259c\u0259k parlament se\u00e7kil\u0259rind\u0259 ba\u015f nazir v\u0259zif\u0259sin\u0259 namiz\u0259dliyini ir\u0259li s\u00fcr\u00fcb. ARANTV.AZ\u00a0\u00a0Trend-\u0259 istinad\u0259n bildirir ki, bu bar\u0259d\u0259 &#8220;Vahid Milli H\u0259r\u0259kat&#8221; partiyas\u0131n\u0131n lideri Qriqol Va\u015fadze brifinq zaman\u0131 deyib. Bununla \u0259laq\u0259dar olaraq M.Saaka\u015fvilinin bu g\u00fcn ax\u015fam saatlar\u0131nda a\u00e7\u0131qlama verm\u0259si g\u00f6zl\u0259nilir. Qeyd ed\u0259k ki, G\u00fcrc\u00fcstanda parlament se\u00e7kil\u0259ri oktyabr\u0131n 31-d\u0259 ke\u00e7iril\u0259c\u0259k.<\/p>\n","protected":false},"author":2,"featured_media":217014,"comment_status":"closed","ping_status":"closed","sticky":false,"template":"","format":"standard","meta":{"om_disable_all_campaigns":false,"_monsterinsights_skip_tracking":false,"_monsterinsights_sitenote_active":false,"_monsterinsights_sitenote_note":"","_monsterinsights_sitenote_category":0},"categories":[7],"tags":[],"aioseo_notices":[],"gutentor_comment":0,"rttpg_featured_image_url":{"full":["https:\/\/arantv.az\/wp-content\/uploads\/2020\/09\/879044.jpg",800,600,false],"landscape":["https:\/\/arantv.az\/wp-content\/uploads\/2020\/09\/879044.jpg",800,600,false],"portraits":["https:\/\/arantv.az\/wp-content\/uploads\/2020\/09\/879044.jpg",800,600,false],"thumbnail":["https:\/\/arantv.az\/wp-content\/uploads\/2020\/09\/879044-150x150.jpg",150,150,true],"medium":["https:\/\/arantv.az\/wp-content\/uploads\/2020\/09\/879044-300x225.jpg",300,225,true],"large":["https:\/\/arantv.az\/wp-content\/uploads\/2020\/09\/879044.jpg",640,480,false],"1536x1536":["https:\/\/arantv.az\/wp-content\/uploads\/2020\/09\/879044.jpg",800,600,false],"2048x2048":["https:\/\/arantv.az\/wp-content\/uploads\/2020\/09\/879044.jpg",800,600,false],"post-thumbnail":["https:\/\/arantv.az\/wp-content\/uploads\/2020\/09\/879044-240x172.jpg",240,172,true],"advps-thumb-one":["https:\/\/arantv.az\/wp-content\/uploads\/2020\/09\/879044.jpg",800,600,false]},"rttpg_author":{"display_name":"V\u00fcsal Rafiqo\u011flu","author_link":"https:\/\/arantv.az\/?author=2"},"rttpg_comment":0,"rttpg_category":"<a href=\"https:\/\/arantv.az\/?cat=7\" rel=\"category\">D\u00fcnya<\/a>","rttpg_excerpt":"G\u00fcrc\u00fcstanda &#8220;G\u00fcc birlikd\u0259dir&#8221; m\u00fcxalif birliyi sabiq prezident Mixail Saaka\u015fvilinin g\u0259l\u0259n ay ke\u00e7iril\u0259c\u0259k parlament se\u00e7kil\u0259rind\u0259 ba\u015f nazir v\u0259zif\u0259sin\u0259 namiz\u0259dliyini ir\u0259li s\u00fcr\u00fcb. ARANTV.AZ\u00a0\u00a0Trend-\u0259 istinad\u0259n bildirir ki, bu bar\u0259d\u0259 &#8220;Vahid Milli H\u0259r\u0259kat&#8221; partiyas\u0131n\u0131n lideri Qriqol Va\u015fadze brifinq zaman\u0131 deyib. Bununla \u0259laq\u0259dar olaraq M.Saaka\u015fvilinin bu g\u00fcn ax\u015fam saatlar\u0131nda a\u00e7\u0131qlama verm\u0259si g\u00f6zl\u0259nilir. Qeyd ed\u0259k ki, G\u00fcrc\u00fcstanda parlament se\u00e7kil\u0259ri oktyabr\u0131n 31-d\u0259&hellip;","_links":{"self":[{"href":"https:\/\/arantv.az\/index.php?rest_route=\/wp\/v2\/posts\/217013"}],"collection":[{"href":"https:\/\/arantv.az\/index.php?rest_route=\/wp\/v2\/posts"}],"about":[{"href":"https:\/\/arantv.az\/index.php?rest_route=\/wp\/v2\/types\/post"}],"author":[{"embeddable":true,"href":"https:\/\/arantv.az\/index.php?rest_route=\/wp\/v2\/users\/2"}],"replies":[{"embeddable":true,"href":"https:\/\/arantv.az\/index.php?rest_route=%2Fwp%2Fv2%2Fcomments&post=217013"}],"version-history":[{"count":0,"href":"https:\/\/arantv.az\/index.php?rest_route=\/wp\/v2\/posts\/217013\/revisions"}],"wp:featuredmedia":[{"embeddable":true,"href":"https:\/\/arantv.az\/index.php?rest_route=\/wp\/v2\/media\/217014"}],"wp:attachment":[{"href":"https:\/\/arantv.az\/index.php?rest_route=%2Fwp%2Fv2%2Fmedia&parent=217013"}],"wp:term":[{"taxonomy":"category","embeddable":true,"href":"https:\/\/arantv.az\/index.php?rest_route=%2Fwp%2Fv2%2Fcategories&post=217013"},{"taxonomy":"post_tag","embeddable":true,"href":"https:\/\/arantv.az\/index.php?rest_route=%2Fwp%2Fv2%2Ftags&post=217013"}],"curies":[{"name":"wp","href":"https:\/\/api.w.org\/{rel}","templated":true}]}}