{"id":217021,"date":"2020-09-07T15:32:11","date_gmt":"2020-09-07T12:32:11","guid":{"rendered":"http:\/\/arantv.az\/?p=217021"},"modified":"2020-09-07T15:32:11","modified_gmt":"2020-09-07T12:32:11","slug":"ilham-%c9%99liyev-simali-makedoniyanin-dovl%c9%99t-bascisini-t%c9%99brik-edib","status":"publish","type":"post","link":"https:\/\/arantv.az\/?p=217021","title":{"rendered":"\u0130lham \u018fliyev \u015eimali Makedoniyan\u0131n d\u00f6vl\u0259t ba\u015f\u00e7\u0131s\u0131n\u0131 t\u0259brik edib"},"content":{"rendered":"<p>Prezident \u0130lham \u018fliyev \u015eimali Makedoniya Respublikas\u0131n\u0131n Prezidenti Stevo Pendarovskiy\u0259 t\u0259brik m\u0259ktubu g\u00f6nd\u0259rib.<\/p>\n<p>T\u0259brikd\u0259 deyilir:<\/p>\n<p>&#8220;H\u00f6rm\u0259tli c\u0259nab Prezident,<\/p>\n<p>\u00d6lk\u0259nizin milli bayram\u0131 \u2013 M\u00fcst\u0259qillik G\u00fcn\u00fc m\u00fcnasib\u0259til\u0259 Sizi v\u0259 xalq\u0131n\u0131z\u0131 \u00f6z ad\u0131mdan v\u0259 Az\u0259rbaycan xalq\u0131 ad\u0131ndan \u00fcr\u0259kd\u0259n t\u0259brik edir\u0259m.<\/p>\n<p>\u0130nan\u0131ram ki, Az\u0259rbaycan il\u0259 \u015eimali Makedoniya aras\u0131ndak\u0131 dostluq v\u0259 \u0259m\u0259kda\u015fl\u0131q m\u00fcnasib\u0259tl\u0259rinin inki\u015faf\u0131 bundan sonra da xalqlar\u0131m\u0131z\u0131n m\u0259nafel\u0259rin\u0259 xidm\u0259t ed\u0259c\u0259kdir.<\/p>\n<p>Bu bayram g\u00fcn\u00fcnd\u0259 Siz\u0259 \u0259n xo\u015f arzular\u0131m\u0131 yetirir, dost xalq\u0131n\u0131za daim rifah dil\u0259yir\u0259m&#8221;.<\/p>\n","protected":false},"excerpt":{"rendered":"<p>Prezident \u0130lham \u018fliyev \u015eimali Makedoniya Respublikas\u0131n\u0131n Prezidenti Stevo Pendarovskiy\u0259 t\u0259brik m\u0259ktubu g\u00f6nd\u0259rib. T\u0259brikd\u0259 deyilir: &#8220;H\u00f6rm\u0259tli c\u0259nab Prezident, \u00d6lk\u0259nizin milli bayram\u0131 \u2013 M\u00fcst\u0259qillik G\u00fcn\u00fc m\u00fcnasib\u0259til\u0259 Sizi v\u0259 xalq\u0131n\u0131z\u0131 \u00f6z ad\u0131mdan v\u0259 Az\u0259rbaycan xalq\u0131 ad\u0131ndan \u00fcr\u0259kd\u0259n t\u0259brik edir\u0259m. \u0130nan\u0131ram ki, Az\u0259rbaycan il\u0259 \u015eimali Makedoniya aras\u0131ndak\u0131 dostluq v\u0259 \u0259m\u0259kda\u015fl\u0131q m\u00fcnasib\u0259tl\u0259rinin inki\u015faf\u0131 bundan sonra da xalqlar\u0131m\u0131z\u0131n m\u0259nafel\u0259rin\u0259 xidm\u0259t ed\u0259c\u0259kdir. Bu bayram g\u00fcn\u00fcnd\u0259 Siz\u0259 \u0259n xo\u015f arzular\u0131m\u0131 yetirir, dost xalq\u0131n\u0131za daim rifah dil\u0259yir\u0259m&#8221;.<\/p>\n","protected":false},"author":2,"featured_media":217022,"comment_status":"closed","ping_status":"closed","sticky":false,"template":"","format":"standard","meta":{"om_disable_all_campaigns":false,"_monsterinsights_skip_tracking":false,"_monsterinsights_sitenote_active":false,"_monsterinsights_sitenote_note":"","_monsterinsights_sitenote_category":0},"categories":[4],"tags":[],"aioseo_notices":[],"gutentor_comment":0,"rttpg_featured_image_url":{"full":["https:\/\/arantv.az\/wp-content\/uploads\/2020\/09\/3a09a524159540046392726615910737700.jpg",975,540,false],"landscape":["https:\/\/arantv.az\/wp-content\/uploads\/2020\/09\/3a09a524159540046392726615910737700.jpg",975,540,false],"portraits":["https:\/\/arantv.az\/wp-content\/uploads\/2020\/09\/3a09a524159540046392726615910737700.jpg",975,540,false],"thumbnail":["https:\/\/arantv.az\/wp-content\/uploads\/2020\/09\/3a09a524159540046392726615910737700-150x150.jpg",150,150,true],"medium":["https:\/\/arantv.az\/wp-content\/uploads\/2020\/09\/3a09a524159540046392726615910737700-300x166.jpg",300,166,true],"large":["https:\/\/arantv.az\/wp-content\/uploads\/2020\/09\/3a09a524159540046392726615910737700.jpg",640,354,false],"1536x1536":["https:\/\/arantv.az\/wp-content\/uploads\/2020\/09\/3a09a524159540046392726615910737700.jpg",975,540,false],"2048x2048":["https:\/\/arantv.az\/wp-content\/uploads\/2020\/09\/3a09a524159540046392726615910737700.jpg",975,540,false],"post-thumbnail":["https:\/\/arantv.az\/wp-content\/uploads\/2020\/09\/3a09a524159540046392726615910737700-240x172.jpg",240,172,true],"advps-thumb-one":["https:\/\/arantv.az\/wp-content\/uploads\/2020\/09\/3a09a524159540046392726615910737700.jpg",975,540,false]},"rttpg_author":{"display_name":"V\u00fcsal Rafiqo\u011flu","author_link":"https:\/\/arantv.az\/?author=2"},"rttpg_comment":0,"rttpg_category":"<a href=\"https:\/\/arantv.az\/?cat=4\" rel=\"category\">Siyas\u0259t<\/a>","rttpg_excerpt":"Prezident \u0130lham \u018fliyev \u015eimali Makedoniya Respublikas\u0131n\u0131n Prezidenti Stevo Pendarovskiy\u0259 t\u0259brik m\u0259ktubu g\u00f6nd\u0259rib. T\u0259brikd\u0259 deyilir: &#8220;H\u00f6rm\u0259tli c\u0259nab Prezident, \u00d6lk\u0259nizin milli bayram\u0131 \u2013 M\u00fcst\u0259qillik G\u00fcn\u00fc m\u00fcnasib\u0259til\u0259 Sizi v\u0259 xalq\u0131n\u0131z\u0131 \u00f6z ad\u0131mdan v\u0259 Az\u0259rbaycan xalq\u0131 ad\u0131ndan \u00fcr\u0259kd\u0259n t\u0259brik edir\u0259m. \u0130nan\u0131ram ki, Az\u0259rbaycan il\u0259 \u015eimali Makedoniya aras\u0131ndak\u0131 dostluq v\u0259 \u0259m\u0259kda\u015fl\u0131q m\u00fcnasib\u0259tl\u0259rinin inki\u015faf\u0131 bundan sonra da xalqlar\u0131m\u0131z\u0131n m\u0259nafel\u0259rin\u0259 xidm\u0259t ed\u0259c\u0259kdir.&hellip;","_links":{"self":[{"href":"https:\/\/arantv.az\/index.php?rest_route=\/wp\/v2\/posts\/217021"}],"collection":[{"href":"https:\/\/arantv.az\/index.php?rest_route=\/wp\/v2\/posts"}],"about":[{"href":"https:\/\/arantv.az\/index.php?rest_route=\/wp\/v2\/types\/post"}],"author":[{"embeddable":true,"href":"https:\/\/arantv.az\/index.php?rest_route=\/wp\/v2\/users\/2"}],"replies":[{"embeddable":true,"href":"https:\/\/arantv.az\/index.php?rest_route=%2Fwp%2Fv2%2Fcomments&post=217021"}],"version-history":[{"count":0,"href":"https:\/\/arantv.az\/index.php?rest_route=\/wp\/v2\/posts\/217021\/revisions"}],"wp:featuredmedia":[{"embeddable":true,"href":"https:\/\/arantv.az\/index.php?rest_route=\/wp\/v2\/media\/217022"}],"wp:attachment":[{"href":"https:\/\/arantv.az\/index.php?rest_route=%2Fwp%2Fv2%2Fmedia&parent=217021"}],"wp:term":[{"taxonomy":"category","embeddable":true,"href":"https:\/\/arantv.az\/index.php?rest_route=%2Fwp%2Fv2%2Fcategories&post=217021"},{"taxonomy":"post_tag","embeddable":true,"href":"https:\/\/arantv.az\/index.php?rest_route=%2Fwp%2Fv2%2Ftags&post=217021"}],"curies":[{"name":"wp","href":"https:\/\/api.w.org\/{rel}","templated":true}]}}