{"id":217029,"date":"2020-09-07T15:33:27","date_gmt":"2020-09-07T12:33:27","guid":{"rendered":"http:\/\/arantv.az\/?p=217029"},"modified":"2020-09-07T15:33:27","modified_gmt":"2020-09-07T12:33:27","slug":"az%c9%99rbaycanli-g%c9%99ncl%c9%99r-m%c9%99d%c9%99niyy%c9%99tl%c9%99r-bagi-2020-festivalinin-mukafatina-layiq-gorulub","status":"publish","type":"post","link":"https:\/\/arantv.az\/?p=217029","title":{"rendered":"Az\u0259rbaycanl\u0131 g\u0259ncl\u0259r \u201cM\u0259d\u0259niyy\u0259tl\u0259r ba\u011f\u0131\u20132020\u201d festival\u0131n\u0131n m\u00fckafat\u0131na layiq g\u00f6r\u00fcl\u00fcb"},"content":{"rendered":"<p>Litvan\u0131n Kaunas \u015f\u0259h\u0259rind\u0259 ke\u00e7iril\u0259n \u201cM\u0259d\u0259niyy\u0259tl\u0259r ba\u011f\u0131\u20132020\u201d beyn\u0259lxalq festival\u0131nda az\u0259rbaycanl\u0131 g\u0259ncl\u0259r f\u0259al i\u015ftirak edibl\u0259r. T\u0259dbird\u0259 \u00f6lk\u0259mizi Litva Az\u0259rbaycanl\u0131 G\u0259ncl\u0259r T\u0259\u015fkilat\u0131 (AYOL) t\u0259msil edib.<\/p>\n<p>Bu bar\u0259d\u0259 Diasporla \u0130\u015f \u00fczr\u0259 D\u00f6vl\u0259t Komit\u0259si m\u0259lumat verib.<\/p>\n<p>Bildirilib ki, bu \u00f6lk\u0259d\u0259 ya\u015fayan m\u00fcxt\u0259lif xalqlar\u0131n m\u0259d\u0259niyy\u0259tl\u0259rinin n\u00fcmayi\u015f etdirildiyi t\u0259dbird\u0259 Az\u0259rbaycan m\u0259d\u0259niyy\u0259ti v\u0259 musiqisinin t\u0259qdimat\u0131 t\u0259\u015fkilat\u00e7\u0131lar v\u0259 t\u0259dbir i\u015ftirak\u00e7\u0131lar\u0131 t\u0259r\u0259find\u0259n b\u00f6y\u00fck maraqla qar\u015f\u0131lan\u0131b.<\/p>\n<div id=\"AdviadNativeVideo0\" class=\"AdviadNativeVideo\"><\/div>\n<p>G\u0259ncl\u0259rimiz Az\u0259rbaycan m\u0259d\u0259niyy\u0259ti bar\u0259d\u0259 \u0259trafl\u0131 m\u0259lumat verib, b\u00fct\u00fcn d\u00fcnyada m\u0259\u015fhur olan \u201cSar\u0131 G\u0259lin\u201d, \u201cNaz el\u0259m\u0259\u201d v\u0259 sair kimi milli musiqi v\u0259 r\u0259qsl\u0259rimizi t\u0259qdim edibl\u0259r. Dostluq v\u0259 birlik r\u0259mzi olan \u201cYall\u0131\u201d r\u0259qsinin ifas\u0131 festivala x\u00fcsusi ovqat b\u0259x\u015f edib. G\u0259ncl\u0259rimiz dig\u0259r xalqlar\u0131n n\u00fcmay\u0259nd\u0259l\u0259rini d\u0259 birg\u0259 r\u0259qs\u0259 d\u0259v\u0259t ed\u0259r\u0259k, Az\u0259rbaycan\u0131n xalqlararas\u0131 dostluq v\u0259 h\u0259mr\u0259ylik \u0259n\u0259n\u0259l\u0259rin\u0259, m\u0259d\u0259niyy\u0259tl\u0259raras\u0131 dialoqa b\u00f6y\u00fck \u00f6n\u0259m verdiyini g\u00f6st\u0259ribl\u0259r.<\/p>\n<p>AYOL-un s\u0259dri X\u0131d\u0131r Kaz\u0131mov bildirib ki, t\u0259dbird\u0259 g\u0259ncl\u0259rimizin i\u015ftirak\u0131n\u0131n t\u0259min olunmas\u0131nda Baltikyan\u0131 Az\u0259rbaycanl\u0131lar\u0131n Koordinasiya \u015euras\u0131n\u0131n Litva \u00fczr\u0259 \u0259laq\u0259l\u0259ndiricisi N\u0259rmin \u018fliyevan\u0131n x\u00fcsusi \u0259m\u0259yi olub. Milli r\u0259qsl\u0259rin haz\u0131rlanmas\u0131nda v\u0259 t\u0259\u015fkilati m\u0259s\u0259l\u0259l\u0259rin h\u0259llind\u0259 onunla birlikd\u0259 bu \u00f6lk\u0259d\u0259 ya\u015fayan t\u0259l\u0259b\u0259 v\u0259 g\u0259ncl\u0259rimiz yax\u0131ndan i\u015ftirak edibl\u0259r.<\/p>\n<p>Festival\u0131n yekununda AYOL Az\u0259rbaycan m\u0259d\u0259niyy\u0259tinin Litvada t\u0259bli\u011find\u0259 f\u0259al i\u015ftirak\u0131na g\u00f6r\u0259 m\u00fckafata layiq g\u00f6r\u00fcl\u00fcb.<\/p>\n","protected":false},"excerpt":{"rendered":"<p>Litvan\u0131n Kaunas \u015f\u0259h\u0259rind\u0259 ke\u00e7iril\u0259n \u201cM\u0259d\u0259niyy\u0259tl\u0259r ba\u011f\u0131\u20132020\u201d beyn\u0259lxalq festival\u0131nda az\u0259rbaycanl\u0131 g\u0259ncl\u0259r f\u0259al i\u015ftirak edibl\u0259r. T\u0259dbird\u0259 \u00f6lk\u0259mizi Litva Az\u0259rbaycanl\u0131 G\u0259ncl\u0259r T\u0259\u015fkilat\u0131 (AYOL) t\u0259msil edib. Bu bar\u0259d\u0259 Diasporla \u0130\u015f \u00fczr\u0259 D\u00f6vl\u0259t Komit\u0259si m\u0259lumat verib. Bildirilib ki, bu \u00f6lk\u0259d\u0259 ya\u015fayan m\u00fcxt\u0259lif xalqlar\u0131n m\u0259d\u0259niyy\u0259tl\u0259rinin n\u00fcmayi\u015f etdirildiyi t\u0259dbird\u0259 Az\u0259rbaycan m\u0259d\u0259niyy\u0259ti v\u0259 musiqisinin t\u0259qdimat\u0131 t\u0259\u015fkilat\u00e7\u0131lar v\u0259 t\u0259dbir i\u015ftirak\u00e7\u0131lar\u0131 t\u0259r\u0259find\u0259n b\u00f6y\u00fck maraqla qar\u015f\u0131lan\u0131b. G\u0259ncl\u0259rimiz Az\u0259rbaycan m\u0259d\u0259niyy\u0259ti bar\u0259d\u0259 \u0259trafl\u0131 m\u0259lumat verib, b\u00fct\u00fcn d\u00fcnyada m\u0259\u015fhur olan \u201cSar\u0131 G\u0259lin\u201d, \u201cNaz el\u0259m\u0259\u201d v\u0259 sair kimi milli musiqi v\u0259 r\u0259qsl\u0259rimizi t\u0259qdim edibl\u0259r. Dostluq v\u0259 birlik r\u0259mzi olan \u201cYall\u0131\u201d r\u0259qsinin ifas\u0131 festivala x\u00fcsusi ovqat&hellip;<\/p>\n","protected":false},"author":2,"featured_media":217030,"comment_status":"closed","ping_status":"closed","sticky":false,"template":"","format":"standard","meta":{"om_disable_all_campaigns":false,"_monsterinsights_skip_tracking":false,"_monsterinsights_sitenote_active":false,"_monsterinsights_sitenote_note":"","_monsterinsights_sitenote_category":0},"categories":[26],"tags":[],"aioseo_notices":[],"gutentor_comment":0,"rttpg_featured_image_url":{"full":["https:\/\/arantv.az\/wp-content\/uploads\/2020\/09\/diaspora_070920.jpg",620,293,false],"landscape":["https:\/\/arantv.az\/wp-content\/uploads\/2020\/09\/diaspora_070920.jpg",620,293,false],"portraits":["https:\/\/arantv.az\/wp-content\/uploads\/2020\/09\/diaspora_070920.jpg",620,293,false],"thumbnail":["https:\/\/arantv.az\/wp-content\/uploads\/2020\/09\/diaspora_070920-150x150.jpg",150,150,true],"medium":["https:\/\/arantv.az\/wp-content\/uploads\/2020\/09\/diaspora_070920-300x142.jpg",300,142,true],"large":["https:\/\/arantv.az\/wp-content\/uploads\/2020\/09\/diaspora_070920.jpg",620,293,false],"1536x1536":["https:\/\/arantv.az\/wp-content\/uploads\/2020\/09\/diaspora_070920.jpg",620,293,false],"2048x2048":["https:\/\/arantv.az\/wp-content\/uploads\/2020\/09\/diaspora_070920.jpg",620,293,false],"post-thumbnail":["https:\/\/arantv.az\/wp-content\/uploads\/2020\/09\/diaspora_070920-240x172.jpg",240,172,true],"advps-thumb-one":["https:\/\/arantv.az\/wp-content\/uploads\/2020\/09\/diaspora_070920.jpg",620,293,false]},"rttpg_author":{"display_name":"V\u00fcsal Rafiqo\u011flu","author_link":"https:\/\/arantv.az\/?author=2"},"rttpg_comment":0,"rttpg_category":"<a href=\"https:\/\/arantv.az\/?cat=26\" rel=\"category\">Sosial<\/a>","rttpg_excerpt":"Litvan\u0131n Kaunas \u015f\u0259h\u0259rind\u0259 ke\u00e7iril\u0259n \u201cM\u0259d\u0259niyy\u0259tl\u0259r ba\u011f\u0131\u20132020\u201d beyn\u0259lxalq festival\u0131nda az\u0259rbaycanl\u0131 g\u0259ncl\u0259r f\u0259al i\u015ftirak edibl\u0259r. T\u0259dbird\u0259 \u00f6lk\u0259mizi Litva Az\u0259rbaycanl\u0131 G\u0259ncl\u0259r T\u0259\u015fkilat\u0131 (AYOL) t\u0259msil edib. Bu bar\u0259d\u0259 Diasporla \u0130\u015f \u00fczr\u0259 D\u00f6vl\u0259t Komit\u0259si m\u0259lumat verib. Bildirilib ki, bu \u00f6lk\u0259d\u0259 ya\u015fayan m\u00fcxt\u0259lif xalqlar\u0131n m\u0259d\u0259niyy\u0259tl\u0259rinin n\u00fcmayi\u015f etdirildiyi t\u0259dbird\u0259 Az\u0259rbaycan m\u0259d\u0259niyy\u0259ti v\u0259 musiqisinin t\u0259qdimat\u0131 t\u0259\u015fkilat\u00e7\u0131lar v\u0259 t\u0259dbir i\u015ftirak\u00e7\u0131lar\u0131 t\u0259r\u0259find\u0259n b\u00f6y\u00fck maraqla qar\u015f\u0131lan\u0131b.&hellip;","_links":{"self":[{"href":"https:\/\/arantv.az\/index.php?rest_route=\/wp\/v2\/posts\/217029"}],"collection":[{"href":"https:\/\/arantv.az\/index.php?rest_route=\/wp\/v2\/posts"}],"about":[{"href":"https:\/\/arantv.az\/index.php?rest_route=\/wp\/v2\/types\/post"}],"author":[{"embeddable":true,"href":"https:\/\/arantv.az\/index.php?rest_route=\/wp\/v2\/users\/2"}],"replies":[{"embeddable":true,"href":"https:\/\/arantv.az\/index.php?rest_route=%2Fwp%2Fv2%2Fcomments&post=217029"}],"version-history":[{"count":0,"href":"https:\/\/arantv.az\/index.php?rest_route=\/wp\/v2\/posts\/217029\/revisions"}],"wp:featuredmedia":[{"embeddable":true,"href":"https:\/\/arantv.az\/index.php?rest_route=\/wp\/v2\/media\/217030"}],"wp:attachment":[{"href":"https:\/\/arantv.az\/index.php?rest_route=%2Fwp%2Fv2%2Fmedia&parent=217029"}],"wp:term":[{"taxonomy":"category","embeddable":true,"href":"https:\/\/arantv.az\/index.php?rest_route=%2Fwp%2Fv2%2Fcategories&post=217029"},{"taxonomy":"post_tag","embeddable":true,"href":"https:\/\/arantv.az\/index.php?rest_route=%2Fwp%2Fv2%2Ftags&post=217029"}],"curies":[{"name":"wp","href":"https:\/\/api.w.org\/{rel}","templated":true}]}}