{"id":217045,"date":"2020-09-07T15:45:28","date_gmt":"2020-09-07T12:45:28","guid":{"rendered":"http:\/\/arantv.az\/?p=217045"},"modified":"2020-09-07T15:45:28","modified_gmt":"2020-09-07T12:45:28","slug":"sumqayitda-iki-%c9%99l-qumbarasi-tapildi-foto","status":"publish","type":"post","link":"https:\/\/arantv.az\/?p=217045","title":{"rendered":"Sumqay\u0131tda iki \u0259l qumbaras\u0131 tap\u0131ld\u0131 &#8211; FOTO"},"content":{"rendered":"<p>2020-ci il sentyabr\u0131n 7-d\u0259 Sumqay\u0131t \u015f\u0259h\u0259ri, H.Z.Ta\u011f\u0131yev q\u0259s\u0259b\u0259si \u0259razisind\u0259 2 \u0259d\u0259d \u0259l qumbaras\u0131n\u0131n tap\u0131lmas\u0131 bar\u0259d\u0259 m\u0259lumat daxil olub.<\/p>\n<p>Bu bar\u0259d\u0259\u00a0\u018frazil\u0259rin Minadan T\u0259mizl\u0259nm\u0259si \u00fczr\u0259 Milli Agentliy\u0259 (ANAMA) m\u0259lumat yay\u0131b.<\/p>\n<p>Bildirilib ki, Agentliyin x\u00fcsusi mobil \u00e7evik \u0259m\u0259liyyat v\u0259 partlad\u0131c\u0131 axtaran x\u00fcsusi t\u0259lim ke\u00e7mi\u015f itl\u0259rd\u0259n ibar\u0259t kinoloji qruplar\u0131, Daxili \u0130\u015fl\u0259r Nazirliyinin Sumqay\u0131t \u015f\u0259h\u0259r Ba\u015f Polis \u0130dar\u0259sinin 2-ci Polis B\u00f6lm\u0259sinin v\u0259 S\u0259hiyy\u0259 Nazirliyinin Sumqay\u0131t T\u0259cili Tibbi Yard\u0131m Stansiyas\u0131n\u0131n (STTYS) \u0259m\u0259kda\u015flar\u0131 d\u0259rhal h\u0259min \u0259raziy\u0259 g\u00f6nd\u0259rilib.<\/p>\n<div id=\"AdviadNativeVideo0\" class=\"AdviadNativeVideo\"><\/div>\n<p>T\u0259hl\u00fck\u0259sizliyi t\u0259min etm\u0259k m\u0259qs\u0259dil\u0259 \u0259razi polisl\u0259r t\u0259r\u0259find\u0259n m\u00fchasir\u0259y\u0259 al\u0131n\u0131b. Agentliyin m\u00fct\u0259x\u0259ssisl\u0259ri t\u0259r\u0259find\u0259n apar\u0131lan t\u0259cili t\u0259xir\u0259sal\u0131nmaz \u0259m\u0259liyyat-axtar\u0131\u015f t\u0259dbirl\u0259ri n\u0259tic\u0259sind\u0259 iki\u00a0\u0259d\u0259d F-1 \u0259l qumbaras\u0131 a\u015fkar olunub, z\u0259r\u0259rsizl\u0259\u015fdirilm\u0259si \u00fc\u00e7\u00fcn g\u00f6t\u00fcr\u00fcl\u0259r\u0259k Agentliyin m\u0259rk\u0259zi m\u0259hvetm\u0259 \u0259razisin\u0259 da\u015f\u0131n\u0131b.<\/p>\n<p>\u018fl qumbaralar\u0131n\u0131n \u0259traf\u0131nda 400 kvadrat metr \u0259raziy\u0259 yer\u00fcst\u00fc, 100 kvadrat metr \u0259raziy\u0259 is\u0259 yeralt\u0131 bax\u0131\u015f ke\u00e7irilib, \u0259lav\u0259 t\u0259hl\u00fck\u0259li \u0259\u015fya v\u0259 qur\u011fu a\u015fkarlanmay\u0131b.<\/p>\n<div class=\"gallery\">\n<div class=\"gallery-i\"><img src=\"https:\/\/cdn.oxu.az\/uploads\/W1siZiIsIjIwMjAvMDkvMDcvMTYvMzMvNTEvNTM2NTA1NWYtMzZmNi00OGE4LWIzNmMtZDEzYjdhMDUwMDI5L3EyLmpwZWciXSxbInAiLCJlbmNvZGUiLCJqcGciLCItcXVhbGl0eSA4MCJdLFsicCIsInRodW1iIiwiNTkweDU5MFx1MDAzZSJdXQ?sha=234c058200164621\" \/><\/p>\n<div class=\"gallery-i-caption\"><\/div>\n<\/div>\n<div class=\"gallery-i\"><img src=\"https:\/\/cdn.oxu.az\/uploads\/W1siZiIsIjIwMjAvMDkvMDcvMTYvMzMvNTEvMzEwYWEzN2UtMzEzNy00Yzc4LThmMzQtM2NhNjQ5NWExOWJkL3ExLmpwZWciXSxbInAiLCJlbmNvZGUiLCJqcGciLCItcXVhbGl0eSA4MCJdLFsicCIsInRodW1iIiwiNTkweDU5MFx1MDAzZSJdXQ?sha=c85877f6ec05cd26\" \/><\/div>\n<\/div>\n","protected":false},"excerpt":{"rendered":"<p>2020-ci il sentyabr\u0131n 7-d\u0259 Sumqay\u0131t \u015f\u0259h\u0259ri, H.Z.Ta\u011f\u0131yev q\u0259s\u0259b\u0259si \u0259razisind\u0259 2 \u0259d\u0259d \u0259l qumbaras\u0131n\u0131n tap\u0131lmas\u0131 bar\u0259d\u0259 m\u0259lumat daxil olub. Bu bar\u0259d\u0259\u00a0\u018frazil\u0259rin Minadan T\u0259mizl\u0259nm\u0259si \u00fczr\u0259 Milli Agentliy\u0259 (ANAMA) m\u0259lumat yay\u0131b. Bildirilib ki, Agentliyin x\u00fcsusi mobil \u00e7evik \u0259m\u0259liyyat v\u0259 partlad\u0131c\u0131 axtaran x\u00fcsusi t\u0259lim ke\u00e7mi\u015f itl\u0259rd\u0259n ibar\u0259t kinoloji qruplar\u0131, Daxili \u0130\u015fl\u0259r Nazirliyinin Sumqay\u0131t \u015f\u0259h\u0259r Ba\u015f Polis \u0130dar\u0259sinin 2-ci Polis B\u00f6lm\u0259sinin v\u0259 S\u0259hiyy\u0259 Nazirliyinin Sumqay\u0131t T\u0259cili Tibbi Yard\u0131m Stansiyas\u0131n\u0131n (STTYS) \u0259m\u0259kda\u015flar\u0131 d\u0259rhal h\u0259min \u0259raziy\u0259 g\u00f6nd\u0259rilib. T\u0259hl\u00fck\u0259sizliyi t\u0259min etm\u0259k m\u0259qs\u0259dil\u0259 \u0259razi polisl\u0259r t\u0259r\u0259find\u0259n m\u00fchasir\u0259y\u0259 al\u0131n\u0131b. Agentliyin m\u00fct\u0259x\u0259ssisl\u0259ri t\u0259r\u0259find\u0259n apar\u0131lan t\u0259cili t\u0259xir\u0259sal\u0131nmaz \u0259m\u0259liyyat-axtar\u0131\u015f t\u0259dbirl\u0259ri n\u0259tic\u0259sind\u0259 iki\u00a0\u0259d\u0259d F-1&hellip;<\/p>\n","protected":false},"author":2,"featured_media":217046,"comment_status":"closed","ping_status":"closed","sticky":false,"template":"","format":"standard","meta":{"om_disable_all_campaigns":false,"_monsterinsights_skip_tracking":false,"_monsterinsights_sitenote_active":false,"_monsterinsights_sitenote_note":"","_monsterinsights_sitenote_category":0},"categories":[26],"tags":[],"aioseo_notices":[],"gutentor_comment":0,"rttpg_featured_image_url":{"full":["https:\/\/arantv.az\/wp-content\/uploads\/2020\/09\/q1.jpg",620,349,false],"landscape":["https:\/\/arantv.az\/wp-content\/uploads\/2020\/09\/q1.jpg",620,349,false],"portraits":["https:\/\/arantv.az\/wp-content\/uploads\/2020\/09\/q1.jpg",620,349,false],"thumbnail":["https:\/\/arantv.az\/wp-content\/uploads\/2020\/09\/q1-150x150.jpg",150,150,true],"medium":["https:\/\/arantv.az\/wp-content\/uploads\/2020\/09\/q1-300x169.jpg",300,169,true],"large":["https:\/\/arantv.az\/wp-content\/uploads\/2020\/09\/q1.jpg",620,349,false],"1536x1536":["https:\/\/arantv.az\/wp-content\/uploads\/2020\/09\/q1.jpg",620,349,false],"2048x2048":["https:\/\/arantv.az\/wp-content\/uploads\/2020\/09\/q1.jpg",620,349,false],"post-thumbnail":["https:\/\/arantv.az\/wp-content\/uploads\/2020\/09\/q1-240x172.jpg",240,172,true],"advps-thumb-one":["https:\/\/arantv.az\/wp-content\/uploads\/2020\/09\/q1.jpg",620,349,false]},"rttpg_author":{"display_name":"V\u00fcsal Rafiqo\u011flu","author_link":"https:\/\/arantv.az\/?author=2"},"rttpg_comment":0,"rttpg_category":"<a href=\"https:\/\/arantv.az\/?cat=26\" rel=\"category\">Sosial<\/a>","rttpg_excerpt":"2020-ci il sentyabr\u0131n 7-d\u0259 Sumqay\u0131t \u015f\u0259h\u0259ri, H.Z.Ta\u011f\u0131yev q\u0259s\u0259b\u0259si \u0259razisind\u0259 2 \u0259d\u0259d \u0259l qumbaras\u0131n\u0131n tap\u0131lmas\u0131 bar\u0259d\u0259 m\u0259lumat daxil olub. Bu bar\u0259d\u0259\u00a0\u018frazil\u0259rin Minadan T\u0259mizl\u0259nm\u0259si \u00fczr\u0259 Milli Agentliy\u0259 (ANAMA) m\u0259lumat yay\u0131b. Bildirilib ki, Agentliyin x\u00fcsusi mobil \u00e7evik \u0259m\u0259liyyat v\u0259 partlad\u0131c\u0131 axtaran x\u00fcsusi t\u0259lim ke\u00e7mi\u015f itl\u0259rd\u0259n ibar\u0259t kinoloji qruplar\u0131, Daxili \u0130\u015fl\u0259r Nazirliyinin Sumqay\u0131t \u015f\u0259h\u0259r Ba\u015f Polis \u0130dar\u0259sinin 2-ci Polis&hellip;","_links":{"self":[{"href":"https:\/\/arantv.az\/index.php?rest_route=\/wp\/v2\/posts\/217045"}],"collection":[{"href":"https:\/\/arantv.az\/index.php?rest_route=\/wp\/v2\/posts"}],"about":[{"href":"https:\/\/arantv.az\/index.php?rest_route=\/wp\/v2\/types\/post"}],"author":[{"embeddable":true,"href":"https:\/\/arantv.az\/index.php?rest_route=\/wp\/v2\/users\/2"}],"replies":[{"embeddable":true,"href":"https:\/\/arantv.az\/index.php?rest_route=%2Fwp%2Fv2%2Fcomments&post=217045"}],"version-history":[{"count":0,"href":"https:\/\/arantv.az\/index.php?rest_route=\/wp\/v2\/posts\/217045\/revisions"}],"wp:featuredmedia":[{"embeddable":true,"href":"https:\/\/arantv.az\/index.php?rest_route=\/wp\/v2\/media\/217046"}],"wp:attachment":[{"href":"https:\/\/arantv.az\/index.php?rest_route=%2Fwp%2Fv2%2Fmedia&parent=217045"}],"wp:term":[{"taxonomy":"category","embeddable":true,"href":"https:\/\/arantv.az\/index.php?rest_route=%2Fwp%2Fv2%2Fcategories&post=217045"},{"taxonomy":"post_tag","embeddable":true,"href":"https:\/\/arantv.az\/index.php?rest_route=%2Fwp%2Fv2%2Ftags&post=217045"}],"curies":[{"name":"wp","href":"https:\/\/api.w.org\/{rel}","templated":true}]}}