{"id":21705,"date":"2018-10-27T13:48:20","date_gmt":"2018-10-27T10:48:20","guid":{"rendered":"http:\/\/arantv.az\/?p=21705"},"modified":"2018-10-27T13:49:54","modified_gmt":"2018-10-27T10:49:54","slug":"ess%c9%99k-%c9%99tinin-xeyri-haqqinda-yegan%c9%99-kitabi-erm%c9%99ni-mu%c9%99llif-yazib","status":"publish","type":"post","link":"https:\/\/arantv.az\/?p=21705","title":{"rendered":"E\u015f\u015f\u0259k \u0259tinin \u201cxeyri\u201d haqq\u0131nda yegan\u0259 kitab\u0131 erm\u0259ni m\u00fc\u0259llif yaz\u0131b"},"content":{"rendered":"<blockquote><p>\u018fg\u0259r K\u0130V bundan sonra da Az\u0259rbaycanda e\u015f\u015f\u0259k fermas\u0131n\u0131 reklam etm\u0259y\u0259 davam ets\u0259, yax\u0131n g\u0259l\u0259c\u0259kd\u0259 \u00f6lk\u0259d\u0259 &#8220;e\u015f\u015f\u0259k \u0259tind\u0259n d\u00f6n\u0259r&#8221; satan obyektl\u0259r d\u0259 olacaq.<\/p><\/blockquote>\n<p><strong>ARANTV.AZ<\/strong> bildirir ki, bunu oxu.az-a a\u00e7\u0131qlamas\u0131nda Azad \u0130stehlak\u00e7\u0131lar Birliyinin s\u0259dri\u00a0<strong>Eyyub H\u00fcseynov<\/strong>\u00a0deyib.<\/p>\n<p>Onun s\u00f6zl\u0259rin\u0259 g\u00f6r\u0259, fermerl\u0259rin e\u015f\u015f\u0259k s\u00fcd\u00fcn\u00fcn sat\u0131\u015f\u0131 il\u0259 ba\u011fl\u0131 s\u00f6zl\u0259ri c\u0259f\u0259ngiyatd\u0131r.<\/p>\n<p>&#8220;Bu, sad\u0259c\u0259, g\u0259lir g\u0259tirmir. \u018fslind\u0259, onlar e\u015f\u015f\u0259k \u0259tinin sat\u0131\u015f\u0131ndan g\u00f6t\u00fcr\u0259c\u0259kl\u0259ri g\u0259liri hesablay\u0131rlar&#8221;, &#8211; H\u00fcseynov qeyd edib.<\/p>\n<div id=\"AdributorNativeVideo0\" class=\"AdributorNativeVideo\"><\/div>\n<p>Ekspert bildirib ki, \u0259hali aras\u0131nda e\u015f\u015f\u0259k s\u00fcd\u00fcn\u00fcn faydas\u0131 il\u0259 ba\u011fl\u0131 t\u0259bli\u011fat apar\u0131l\u0131r, lakin bu m\u0259lumatlar he\u00e7 bir elmi faktlarla \u0259sasland\u0131r\u0131lmay\u0131b.<\/p>\n<p><em>&#8220;E\u015f\u015f\u0259k s\u00fcd\u00fcn\u00fcn v\u0259 \u0259tinin xeyri bar\u0259d\u0259 he\u00e7 bir t\u0259sdiql\u0259nmi\u015f elmi s\u00fcbut yoxdur. Yaln\u0131z 1963-c\u00fc ild\u0259 yaz\u0131lan bir kitab var. Kitab\u0131n m\u00fc\u0259llifi guya e\u015f\u015f\u0259k \u0259tinin v\u0259 s\u00fcd\u00fcn\u00fcn q\u0259bul edilm\u0259sinin vacibliyind\u0259n yaz\u0131r.<\/em><\/p>\n<p><em>\u018fn maraql\u0131s\u0131 is\u0259 odur ki, kitab\u0131n m\u00fc\u0259llifi erm\u0259nidir v\u0259 o, yaz\u0131s\u0131nda guya co\u011frafi x\u00fcsusiyy\u0259tl\u0259rin\u0259 g\u00f6r\u0259 Erm\u0259nistan \u0259halisin\u0259 e\u015f\u015f\u0259k \u0259ti v\u0259 s\u00fcd\u00fcn\u00fc m\u0259sl\u0259h\u0259t g\u00f6rm\u00fcr&#8221;<\/em>, &#8211; E.H\u00fcseynov \u0259lav\u0259 edib.<\/p>\n","protected":false},"excerpt":{"rendered":"<p>\u018fg\u0259r K\u0130V bundan sonra da Az\u0259rbaycanda e\u015f\u015f\u0259k fermas\u0131n\u0131 reklam etm\u0259y\u0259 davam ets\u0259, yax\u0131n g\u0259l\u0259c\u0259kd\u0259 \u00f6lk\u0259d\u0259 &#8220;e\u015f\u015f\u0259k \u0259tind\u0259n d\u00f6n\u0259r&#8221; satan obyektl\u0259r d\u0259 olacaq. ARANTV.AZ bildirir ki, bunu oxu.az-a a\u00e7\u0131qlamas\u0131nda Azad \u0130stehlak\u00e7\u0131lar Birliyinin s\u0259dri\u00a0Eyyub H\u00fcseynov\u00a0deyib. Onun s\u00f6zl\u0259rin\u0259 g\u00f6r\u0259, fermerl\u0259rin e\u015f\u015f\u0259k s\u00fcd\u00fcn\u00fcn sat\u0131\u015f\u0131 il\u0259 ba\u011fl\u0131 s\u00f6zl\u0259ri c\u0259f\u0259ngiyatd\u0131r. &#8220;Bu, sad\u0259c\u0259, g\u0259lir g\u0259tirmir. \u018fslind\u0259, onlar e\u015f\u015f\u0259k \u0259tinin sat\u0131\u015f\u0131ndan g\u00f6t\u00fcr\u0259c\u0259kl\u0259ri g\u0259liri hesablay\u0131rlar&#8221;, &#8211; H\u00fcseynov qeyd edib. Ekspert bildirib ki, \u0259hali aras\u0131nda e\u015f\u015f\u0259k s\u00fcd\u00fcn\u00fcn faydas\u0131 il\u0259 ba\u011fl\u0131 t\u0259bli\u011fat apar\u0131l\u0131r, lakin bu m\u0259lumatlar he\u00e7 bir elmi faktlarla \u0259sasland\u0131r\u0131lmay\u0131b. &#8220;E\u015f\u015f\u0259k s\u00fcd\u00fcn\u00fcn v\u0259 \u0259tinin xeyri bar\u0259d\u0259 he\u00e7 bir t\u0259sdiql\u0259nmi\u015f elmi&hellip;<\/p>\n","protected":false},"author":2,"featured_media":21707,"comment_status":"closed","ping_status":"closed","sticky":false,"template":"","format":"standard","meta":{"om_disable_all_campaigns":false,"_monsterinsights_skip_tracking":false,"_monsterinsights_sitenote_active":false,"_monsterinsights_sitenote_note":"","_monsterinsights_sitenote_category":0},"categories":[1],"tags":[],"aioseo_notices":[],"gutentor_comment":0,"rttpg_featured_image_url":{"full":["https:\/\/arantv.az\/wp-content\/uploads\/2018\/10\/essek_234563522.jpg",600,450,false],"landscape":["https:\/\/arantv.az\/wp-content\/uploads\/2018\/10\/essek_234563522.jpg",600,450,false],"portraits":["https:\/\/arantv.az\/wp-content\/uploads\/2018\/10\/essek_234563522.jpg",600,450,false],"thumbnail":["https:\/\/arantv.az\/wp-content\/uploads\/2018\/10\/essek_234563522-150x150.jpg",150,150,true],"medium":["https:\/\/arantv.az\/wp-content\/uploads\/2018\/10\/essek_234563522-300x225.jpg",300,225,true],"large":["https:\/\/arantv.az\/wp-content\/uploads\/2018\/10\/essek_234563522.jpg",600,450,false],"1536x1536":["https:\/\/arantv.az\/wp-content\/uploads\/2018\/10\/essek_234563522.jpg",600,450,false],"2048x2048":["https:\/\/arantv.az\/wp-content\/uploads\/2018\/10\/essek_234563522.jpg",600,450,false],"post-thumbnail":["https:\/\/arantv.az\/wp-content\/uploads\/2018\/10\/essek_234563522-240x172.jpg",240,172,true],"advps-thumb-one":["https:\/\/arantv.az\/wp-content\/uploads\/2018\/10\/essek_234563522.jpg",600,450,false]},"rttpg_author":{"display_name":"V\u00fcsal Rafiqo\u011flu","author_link":"https:\/\/arantv.az\/?author=2"},"rttpg_comment":0,"rttpg_category":"<a href=\"https:\/\/arantv.az\/?cat=1\" rel=\"category\">C\u0259miyy\u0259t<\/a>","rttpg_excerpt":"\u018fg\u0259r K\u0130V bundan sonra da Az\u0259rbaycanda e\u015f\u015f\u0259k fermas\u0131n\u0131 reklam etm\u0259y\u0259 davam ets\u0259, yax\u0131n g\u0259l\u0259c\u0259kd\u0259 \u00f6lk\u0259d\u0259 &#8220;e\u015f\u015f\u0259k \u0259tind\u0259n d\u00f6n\u0259r&#8221; satan obyektl\u0259r d\u0259 olacaq. ARANTV.AZ bildirir ki, bunu oxu.az-a a\u00e7\u0131qlamas\u0131nda Azad \u0130stehlak\u00e7\u0131lar Birliyinin s\u0259dri\u00a0Eyyub H\u00fcseynov\u00a0deyib. Onun s\u00f6zl\u0259rin\u0259 g\u00f6r\u0259, fermerl\u0259rin e\u015f\u015f\u0259k s\u00fcd\u00fcn\u00fcn sat\u0131\u015f\u0131 il\u0259 ba\u011fl\u0131 s\u00f6zl\u0259ri c\u0259f\u0259ngiyatd\u0131r. &#8220;Bu, sad\u0259c\u0259, g\u0259lir g\u0259tirmir. \u018fslind\u0259, onlar e\u015f\u015f\u0259k \u0259tinin sat\u0131\u015f\u0131ndan g\u00f6t\u00fcr\u0259c\u0259kl\u0259ri g\u0259liri&hellip;","_links":{"self":[{"href":"https:\/\/arantv.az\/index.php?rest_route=\/wp\/v2\/posts\/21705"}],"collection":[{"href":"https:\/\/arantv.az\/index.php?rest_route=\/wp\/v2\/posts"}],"about":[{"href":"https:\/\/arantv.az\/index.php?rest_route=\/wp\/v2\/types\/post"}],"author":[{"embeddable":true,"href":"https:\/\/arantv.az\/index.php?rest_route=\/wp\/v2\/users\/2"}],"replies":[{"embeddable":true,"href":"https:\/\/arantv.az\/index.php?rest_route=%2Fwp%2Fv2%2Fcomments&post=21705"}],"version-history":[{"count":0,"href":"https:\/\/arantv.az\/index.php?rest_route=\/wp\/v2\/posts\/21705\/revisions"}],"wp:featuredmedia":[{"embeddable":true,"href":"https:\/\/arantv.az\/index.php?rest_route=\/wp\/v2\/media\/21707"}],"wp:attachment":[{"href":"https:\/\/arantv.az\/index.php?rest_route=%2Fwp%2Fv2%2Fmedia&parent=21705"}],"wp:term":[{"taxonomy":"category","embeddable":true,"href":"https:\/\/arantv.az\/index.php?rest_route=%2Fwp%2Fv2%2Fcategories&post=21705"},{"taxonomy":"post_tag","embeddable":true,"href":"https:\/\/arantv.az\/index.php?rest_route=%2Fwp%2Fv2%2Ftags&post=21705"}],"curies":[{"name":"wp","href":"https:\/\/api.w.org\/{rel}","templated":true}]}}