{"id":217057,"date":"2020-09-07T15:54:27","date_gmt":"2020-09-07T12:54:27","guid":{"rendered":"http:\/\/arantv.az\/?p=217057"},"modified":"2020-09-07T15:54:27","modified_gmt":"2020-09-07T12:54:27","slug":"bizim-tarixi-dini-abid%c9%99l%c9%99rimiz-erm%c9%99nistan-t%c9%99r%c9%99find%c9%99n-dagidilib","status":"publish","type":"post","link":"https:\/\/arantv.az\/?p=217057","title":{"rendered":"Bizim tarixi-dini abid\u0259l\u0259rimiz Erm\u0259nistan t\u0259r\u0259find\u0259n da\u011f\u0131d\u0131l\u0131b"},"content":{"rendered":"<p><em><strong>Prezident \u0130lham \u018fliyev: Tarixi-dini abid\u0259l\u0259rimizin Erm\u0259nistan t\u0259r\u0259find\u0259n da\u011f\u0131d\u0131lmas\u0131 b\u00fct\u00fcn m\u00fcs\u0259lman d\u00fcnyas\u0131na qar\u015f\u0131 edil\u0259n cinay\u0259tdir<\/strong><\/em><\/p>\n<p>X\u0259b\u0259r verdiyimiz kimi, Az\u0259rbaycan Respublikas\u0131n\u0131n Prezidenti \u0130lham \u018fliyev sentyabr\u0131n 7-d\u0259 \u0130ran \u0130slam Respublikas\u0131n\u0131n \u00f6lk\u0259mizd\u0259 yeni t\u0259yin olunmu\u015f f\u00f6vq\u0259lad\u0259 v\u0259 s\u0259lahiyy\u0259tli s\u0259firi Seyid Abbas Mus\u0259vinin etimadnam\u0259sini q\u0259bul edib.<\/p>\n<p>AZ\u018fRTAC\u00a0Prezident \u0130lham \u018fliyevin g\u00f6r\u00fc\u015fd\u0259ki \u00e7\u0131x\u0131\u015f\u0131ndan \u0259sas m\u0259qamlar\u0131 t\u0259qdim edir.<\/p>\n<p>\u201cSon bir ne\u00e7\u0259 il \u0259rzind\u0259 Prezident Ruhani il\u0259 bizim 10-dan \u00e7ox g\u00f6r\u00fc\u015f\u00fcm\u00fcz olubdur. Bu g\u00f6r\u00fc\u015fl\u0259r \u0259snas\u0131nda m\u00fczakir\u0259 olunan bir \u00e7ox m\u0259s\u0259l\u0259l\u0259r v\u0259 q\u0259bul edilmi\u015f q\u0259rarlar \u00f6lk\u0259l\u0259rimizi bir-birin\u0259 daha da yax\u0131nla\u015fd\u0131rm\u0131\u015fd\u0131r. Bir \u00e7ox s\u0259n\u0259dl\u0259r imzaland\u0131, bu s\u0259n\u0259dl\u0259r dem\u0259k olar ki, b\u00fct\u00fcn sah\u0259l\u0259ri \u0259hat\u0259 edir\u201d.<\/p>\n<p>\u201cBiz h\u0259mi\u015f\u0259 beyn\u0259lxalq t\u0259\u015fklilatlar \u00e7\u0259r\u00e7iv\u0259sind\u0259 bir-birimizin m\u00f6vqeyini d\u0259st\u0259kl\u0259yirik. Biz BMT, Qo\u015fulmama H\u0259r\u0259kat\u0131, \u0130slam \u018fm\u0259kda\u015fl\u0131q T\u0259\u015fkilat\u0131, \u0130qtisadi \u018fm\u0259kda\u015fl\u0131q T\u0259\u015fkilat\u0131 (ECO) \u2013 bu t\u0259\u015fkilatlar \u00e7\u0259r\u00e7iv\u0259sind\u0259 h\u0259mi\u015f\u0259 h\u0259mr\u0259ylik g\u00f6st\u0259ririk. T\u0259xmin\u0259n iki ay bundan \u0259vv\u0259l Erm\u0259nistan\u0131n Az\u0259rbaycana qar\u015f\u0131 t\u00f6r\u0259tdiyi n\u00f6vb\u0259ti h\u0259rbi t\u0259cav\u00fcz\u00fc il\u0259 \u0259laq\u0259dar Qo\u015fulmama H\u0259r\u0259kat\u0131 v\u0259 \u0130slam \u018fm\u0259kda\u015fl\u0131q T\u0259\u015fkilat\u0131 Az\u0259rbaycan\u0131n m\u00f6vqeyini v\u0259 haqq i\u015fini d\u0259st\u0259kl\u0259y\u0259n, Em\u0259nistan\u0131n add\u0131mlar\u0131n\u0131 pisl\u0259y\u0259n q\u0259tnam\u0259l\u0259r q\u0259bul etmi\u015fdir v\u0259 a\u00e7\u0131qlamalar vermi\u015fdir. \u0130ran \u0130slam Respublikas\u0131 bu iki t\u0259\u015fkilat\u0131n f\u0259al \u00fczv\u00fc kimi bu m\u00f6vqey\u0259 qo\u015fularaq n\u00f6vb\u0259ti d\u0259f\u0259 Az\u0259rbaycana \u00f6z d\u0259st\u0259yini g\u00f6st\u0259rmi\u015fdir\u201d.<\/p>\n<p>\u201cErm\u0259nistan\u0131n Az\u0259rbaycana qar\u015f\u0131 t\u0259cav\u00fcz\u00fc davam edir. Bu t\u0259cav\u00fcz n\u0259tic\u0259sind\u0259 torpaqlar\u0131m\u0131z\u0131n t\u0259xmin\u0259n 20 faizi i\u015f\u011fal alt\u0131na d\u00fc\u015f\u00fcb. Az\u0259rbaycan v\u0259t\u0259nda\u015flar\u0131n\u0131n qa\u00e7q\u0131n-k\u00f6\u00e7k\u00fcn v\u0259ziyy\u0259tin\u0259 d\u00fc\u015fm\u0259si m\u0259hz bu i\u015f\u011fal\u0131n n\u0259tic\u0259sidir. Biz\u0259 &#8211; az\u0259rbaycanl\u0131lara qar\u015f\u0131 etnik t\u0259mizl\u0259m\u0259 siyas\u0259ti apar\u0131l\u0131b, Xocal\u0131 soyq\u0131r\u0131m\u0131 t\u00f6r\u0259dilib\u201d.<\/p>\n<p>\u201cBizim tarixi-dini abid\u0259l\u0259rimiz Erm\u0259nistan t\u0259r\u0259find\u0259n da\u011f\u0131d\u0131l\u0131b. Dini abid\u0259l\u0259rimiz t\u0259hqir edilib. \u0130\u015f\u011fal edilmi\u015f \u0259razil\u0259rd\u0259 m\u0259scidl\u0259rimiz erm\u0259nil\u0259r t\u0259r\u0259find\u0259n da\u011f\u0131d\u0131l\u0131b v\u0259 b\u0259zi m\u0259scidl\u0259rd\u0259 h\u0259tta onlar heyvan saxlay\u0131rlar. Bu \u00e7irkin \u0259m\u0259ll\u0259ri \u0259ks etdir\u0259n bir \u00e7ox video v\u0259 foto s\u0259n\u0259dl\u0259r, s\u00fcbutlar vard\u0131r. Onlar\u0131 internetd\u0259 tapmaq olar. Bu, t\u0259kc\u0259 biz\u0259 qar\u015f\u0131 yox, b\u00fct\u00fcn m\u00fcs\u0259lman d\u00fcnyas\u0131na qar\u015f\u0131 edil\u0259n cinay\u0259tdir\u201d.<\/p>\n","protected":false},"excerpt":{"rendered":"<p>Prezident \u0130lham \u018fliyev: Tarixi-dini abid\u0259l\u0259rimizin Erm\u0259nistan t\u0259r\u0259find\u0259n da\u011f\u0131d\u0131lmas\u0131 b\u00fct\u00fcn m\u00fcs\u0259lman d\u00fcnyas\u0131na qar\u015f\u0131 edil\u0259n cinay\u0259tdir X\u0259b\u0259r verdiyimiz kimi, Az\u0259rbaycan Respublikas\u0131n\u0131n Prezidenti \u0130lham \u018fliyev sentyabr\u0131n 7-d\u0259 \u0130ran \u0130slam Respublikas\u0131n\u0131n \u00f6lk\u0259mizd\u0259 yeni t\u0259yin olunmu\u015f f\u00f6vq\u0259lad\u0259 v\u0259 s\u0259lahiyy\u0259tli s\u0259firi Seyid Abbas Mus\u0259vinin etimadnam\u0259sini q\u0259bul edib. AZ\u018fRTAC\u00a0Prezident \u0130lham \u018fliyevin g\u00f6r\u00fc\u015fd\u0259ki \u00e7\u0131x\u0131\u015f\u0131ndan \u0259sas m\u0259qamlar\u0131 t\u0259qdim edir. \u201cSon bir ne\u00e7\u0259 il \u0259rzind\u0259 Prezident Ruhani il\u0259 bizim 10-dan \u00e7ox g\u00f6r\u00fc\u015f\u00fcm\u00fcz olubdur. Bu g\u00f6r\u00fc\u015fl\u0259r \u0259snas\u0131nda m\u00fczakir\u0259 olunan bir \u00e7ox m\u0259s\u0259l\u0259l\u0259r v\u0259 q\u0259bul edilmi\u015f q\u0259rarlar \u00f6lk\u0259l\u0259rimizi bir-birin\u0259 daha da yax\u0131nla\u015fd\u0131rm\u0131\u015fd\u0131r. Bir \u00e7ox s\u0259n\u0259dl\u0259r imzaland\u0131, bu s\u0259n\u0259dl\u0259r dem\u0259k olar ki, b\u00fct\u00fcn&hellip;<\/p>\n","protected":false},"author":2,"featured_media":217058,"comment_status":"closed","ping_status":"closed","sticky":false,"template":"","format":"standard","meta":{"om_disable_all_campaigns":false,"_monsterinsights_skip_tracking":false,"_monsterinsights_sitenote_active":false,"_monsterinsights_sitenote_note":"","_monsterinsights_sitenote_category":0},"categories":[4],"tags":[],"aioseo_notices":[],"gutentor_comment":0,"rttpg_featured_image_url":{"full":["https:\/\/arantv.az\/wp-content\/uploads\/2020\/09\/6e88ec1415994831046798521881072575.jpg",975,540,false],"landscape":["https:\/\/arantv.az\/wp-content\/uploads\/2020\/09\/6e88ec1415994831046798521881072575.jpg",975,540,false],"portraits":["https:\/\/arantv.az\/wp-content\/uploads\/2020\/09\/6e88ec1415994831046798521881072575.jpg",975,540,false],"thumbnail":["https:\/\/arantv.az\/wp-content\/uploads\/2020\/09\/6e88ec1415994831046798521881072575-150x150.jpg",150,150,true],"medium":["https:\/\/arantv.az\/wp-content\/uploads\/2020\/09\/6e88ec1415994831046798521881072575-300x166.jpg",300,166,true],"large":["https:\/\/arantv.az\/wp-content\/uploads\/2020\/09\/6e88ec1415994831046798521881072575.jpg",640,354,false],"1536x1536":["https:\/\/arantv.az\/wp-content\/uploads\/2020\/09\/6e88ec1415994831046798521881072575.jpg",975,540,false],"2048x2048":["https:\/\/arantv.az\/wp-content\/uploads\/2020\/09\/6e88ec1415994831046798521881072575.jpg",975,540,false],"post-thumbnail":["https:\/\/arantv.az\/wp-content\/uploads\/2020\/09\/6e88ec1415994831046798521881072575-240x172.jpg",240,172,true],"advps-thumb-one":["https:\/\/arantv.az\/wp-content\/uploads\/2020\/09\/6e88ec1415994831046798521881072575.jpg",975,540,false]},"rttpg_author":{"display_name":"V\u00fcsal Rafiqo\u011flu","author_link":"https:\/\/arantv.az\/?author=2"},"rttpg_comment":0,"rttpg_category":"<a href=\"https:\/\/arantv.az\/?cat=4\" rel=\"category\">Siyas\u0259t<\/a>","rttpg_excerpt":"Prezident \u0130lham \u018fliyev: Tarixi-dini abid\u0259l\u0259rimizin Erm\u0259nistan t\u0259r\u0259find\u0259n da\u011f\u0131d\u0131lmas\u0131 b\u00fct\u00fcn m\u00fcs\u0259lman d\u00fcnyas\u0131na qar\u015f\u0131 edil\u0259n cinay\u0259tdir X\u0259b\u0259r verdiyimiz kimi, Az\u0259rbaycan Respublikas\u0131n\u0131n Prezidenti \u0130lham \u018fliyev sentyabr\u0131n 7-d\u0259 \u0130ran \u0130slam Respublikas\u0131n\u0131n \u00f6lk\u0259mizd\u0259 yeni t\u0259yin olunmu\u015f f\u00f6vq\u0259lad\u0259 v\u0259 s\u0259lahiyy\u0259tli s\u0259firi Seyid Abbas Mus\u0259vinin etimadnam\u0259sini q\u0259bul edib. AZ\u018fRTAC\u00a0Prezident \u0130lham \u018fliyevin g\u00f6r\u00fc\u015fd\u0259ki \u00e7\u0131x\u0131\u015f\u0131ndan \u0259sas m\u0259qamlar\u0131 t\u0259qdim edir. \u201cSon bir ne\u00e7\u0259 il \u0259rzind\u0259&hellip;","_links":{"self":[{"href":"https:\/\/arantv.az\/index.php?rest_route=\/wp\/v2\/posts\/217057"}],"collection":[{"href":"https:\/\/arantv.az\/index.php?rest_route=\/wp\/v2\/posts"}],"about":[{"href":"https:\/\/arantv.az\/index.php?rest_route=\/wp\/v2\/types\/post"}],"author":[{"embeddable":true,"href":"https:\/\/arantv.az\/index.php?rest_route=\/wp\/v2\/users\/2"}],"replies":[{"embeddable":true,"href":"https:\/\/arantv.az\/index.php?rest_route=%2Fwp%2Fv2%2Fcomments&post=217057"}],"version-history":[{"count":0,"href":"https:\/\/arantv.az\/index.php?rest_route=\/wp\/v2\/posts\/217057\/revisions"}],"wp:featuredmedia":[{"embeddable":true,"href":"https:\/\/arantv.az\/index.php?rest_route=\/wp\/v2\/media\/217058"}],"wp:attachment":[{"href":"https:\/\/arantv.az\/index.php?rest_route=%2Fwp%2Fv2%2Fmedia&parent=217057"}],"wp:term":[{"taxonomy":"category","embeddable":true,"href":"https:\/\/arantv.az\/index.php?rest_route=%2Fwp%2Fv2%2Fcategories&post=217057"},{"taxonomy":"post_tag","embeddable":true,"href":"https:\/\/arantv.az\/index.php?rest_route=%2Fwp%2Fv2%2Ftags&post=217057"}],"curies":[{"name":"wp","href":"https:\/\/api.w.org\/{rel}","templated":true}]}}