{"id":217061,"date":"2020-09-07T15:58:06","date_gmt":"2020-09-07T12:58:06","guid":{"rendered":"http:\/\/arantv.az\/?p=217061"},"modified":"2020-09-07T15:58:06","modified_gmt":"2020-09-07T12:58:06","slug":"s%c9%99hid-qardasi-h%c9%99r-bir-g%c9%99nc-s%c9%99hidl%c9%99rimizin-qanini-almaq-amali-il%c9%99-yasamalidir","status":"publish","type":"post","link":"https:\/\/arantv.az\/?p=217061","title":{"rendered":"\u015e\u0259hid qarda\u015f\u0131: H\u0259r bir g\u0259nc \u015f\u0259hidl\u0259rimizin qan\u0131n\u0131 almaq amal\u0131 il\u0259 ya\u015famal\u0131d\u0131r"},"content":{"rendered":"<p>H\u0259r bir Az\u0259rbaycan g\u0259nci \u015f\u0259hidl\u0259rimizin qan\u0131n\u0131 almaq amal\u0131 il\u0259 ya\u015famal\u0131d\u0131r.<\/p>\n<p><strong>ARANTV.AZ<\/strong>\u00a0 bildirir ki, bunu\u00a0<a href=\"http:\/\/az.trend.az\/\" target=\"_blank\" rel=\"noopener\">Trend<\/a>-\u0259 a\u00e7\u0131qlamas\u0131nda erm\u0259ni silahl\u0131 q\u00fcvv\u0259l\u0259rinin Az\u0259rbaycan-Erm\u0259nistan d\u00f6vl\u0259t s\u0259rh\u0259dind\u0259 t\u00f6r\u0259tdiyi t\u0259xribat\u0131n qar\u015f\u0131s\u0131n\u0131 alark\u0259n q\u0259hr\u0259mancas\u0131na \u015f\u0259hid olan gizir \u0130lqar Zeynall\u0131n\u0131n qarda\u015f\u0131 S\u0259nan Zeynall\u0131 deyib.<\/p>\n<p>\u015e\u0259hid qarda\u015f\u0131 bildirib ki, h\u0259r birimiz d\u00fc\u015fm\u0259nd\u0259n \u015f\u0259hidl\u0259rimizin qisas\u0131n\u0131 bir\u0259-be\u015f almal\u0131y\u0131q: &#8220;Allah b\u00fct\u00fcn \u015f\u0259hidl\u0259rimiz\u0259 r\u0259hm\u0259t el\u0259sin. M\u0259nim qarda\u015f\u0131m da v\u0259t\u0259n \u00fc\u00e7\u00fcn can\u0131ndan ke\u00e7\u0259r\u0259k \u015f\u0259hidlik zirv\u0259sin\u0259 ucald\u0131. Qarda\u015f\u0131m \u0130lqar m\u0259nd\u0259n 1 ya\u015f ki\u00e7ik idi. Bu g\u00fcn m\u0259nim yaln\u0131z bir amal\u0131m var, qarda\u015f\u0131m\u0131n v\u0259 b\u00fct\u00fcn \u015f\u0259hidl\u0259rimizin qisas\u0131n\u0131 almaq. Biz \u00f6lm\u0259k \u00fc\u00e7\u00fcn yox, \u00f6ld\u00fcrm\u0259k \u00fc\u00e7\u00fcn ya\u015famal\u0131y\u0131q. Az\u0259rbaycan tarix\u0259n q\u0259hr\u0259manlar yeti\u015fdirib v\u0259 bu g\u00fcn d\u0259 yeti\u015fm\u0259kd\u0259dir. Bu g\u00fcn bizim g\u0259ncl\u0259rimiz h\u0259r an qisas \u00fc\u00e7\u00fcn ya\u015famal\u0131d\u0131r. G\u0259nc n\u0259sil daha v\u0259t\u0259np\u0259rv\u0259r, daha g\u00fccl\u00fc b\u00f6y\u00fcm\u0259lidir. V\u0259t\u0259n h\u0259r birimizindir, torpaq h\u0259r birimiz \u00fc\u00e7\u00fcn m\u00fcq\u0259dd\u0259sdir. \u0130st\u0259nil\u0259n an biz d\u00f6y\u00fc\u015f\u0259 haz\u0131r\u0131q v\u0259 Ali Ba\u015f Komandandan d\u00f6y\u00fc\u015f \u0259mri g\u00f6zl\u0259yirik. G\u0259ncl\u0259r \u00f6z v\u0259t\u0259np\u0259rv\u0259rliyini n\u00fcmayi\u015f etdirm\u0259li, \u00f6z\u00fcnd\u0259n ki\u00e7ikl\u0259r\u0259 \u00f6rn\u0259k olmal\u0131d\u0131r. Az\u0259rbaycan g\u0259ncin\u0259 inam\u0131m b\u00f6y\u00fckd\u00fcr. \u0130nan\u0131ram ki, qarda\u015f\u0131mla b\u0259rab\u0259r, Az\u0259rbaycan\u0131n \u0259razi b\u00fct\u00f6vl\u00fcy\u00fc u\u011frunda \u015f\u0259hid olan h\u0259r bir \u015f\u0259hidin qan\u0131 yerd\u0259 qalmayacaq&#8221;.<\/p>\n<p>S.Zeynall\u0131 deyir ki, qarda\u015f\u0131 \u015f\u0259hid olan g\u00fcnd\u0259n bu vaxta q\u0259d\u0259r evl\u0259ri ziyar\u0259t yerin\u0259 \u00e7evrilib: &#8220;Bu g\u00fcn d\u0259 ham\u0131 bizim evi \u015f\u0259hid oca\u011f\u0131 kimi ziyar\u0259t edir, qarda\u015f\u0131m\u0131n q\u0259hr\u0259manl\u0131qlar\u0131n\u0131 \u00f6yr\u0259nirl\u0259r. M\u0259kt\u0259blil\u0259r, t\u0259l\u0259b\u0259l\u0259r, k\u0259nd sakinl\u0259ri dem\u0259k olar ki, h\u0259r g\u00fcn bizim ail\u0259 il\u0259 \u0259laq\u0259 saxlay\u0131r. Rayon r\u0259hb\u0259rliyi, mill\u0259t v\u0259kill\u0259rimiz m\u00fct\u0259madi olaraq biziml\u0259, probleml\u0259rimizl\u0259 maraqlan\u0131rlar. Bu, bizi h\u0259qiq\u0259t\u0259n f\u0259r\u0259hl\u0259ndirir. Ona g\u00f6r\u0259 f\u0259xr edirik ki, d\u00f6vl\u0259timiz, xalq\u0131m\u0131z, ziyal\u0131lar\u0131m\u0131z bizi yaddan \u00e7\u0131xarm\u0131r, bizim probleml\u0259rimizi diqq\u0259td\u0259 saxlay\u0131rlar&#8221;.<\/p>\n","protected":false},"excerpt":{"rendered":"<p>H\u0259r bir Az\u0259rbaycan g\u0259nci \u015f\u0259hidl\u0259rimizin qan\u0131n\u0131 almaq amal\u0131 il\u0259 ya\u015famal\u0131d\u0131r. ARANTV.AZ\u00a0 bildirir ki, bunu\u00a0Trend-\u0259 a\u00e7\u0131qlamas\u0131nda erm\u0259ni silahl\u0131 q\u00fcvv\u0259l\u0259rinin Az\u0259rbaycan-Erm\u0259nistan d\u00f6vl\u0259t s\u0259rh\u0259dind\u0259 t\u00f6r\u0259tdiyi t\u0259xribat\u0131n qar\u015f\u0131s\u0131n\u0131 alark\u0259n q\u0259hr\u0259mancas\u0131na \u015f\u0259hid olan gizir \u0130lqar Zeynall\u0131n\u0131n qarda\u015f\u0131 S\u0259nan Zeynall\u0131 deyib. \u015e\u0259hid qarda\u015f\u0131 bildirib ki, h\u0259r birimiz d\u00fc\u015fm\u0259nd\u0259n \u015f\u0259hidl\u0259rimizin qisas\u0131n\u0131 bir\u0259-be\u015f almal\u0131y\u0131q: &#8220;Allah b\u00fct\u00fcn \u015f\u0259hidl\u0259rimiz\u0259 r\u0259hm\u0259t el\u0259sin. M\u0259nim qarda\u015f\u0131m da v\u0259t\u0259n \u00fc\u00e7\u00fcn can\u0131ndan ke\u00e7\u0259r\u0259k \u015f\u0259hidlik zirv\u0259sin\u0259 ucald\u0131. Qarda\u015f\u0131m \u0130lqar m\u0259nd\u0259n 1 ya\u015f ki\u00e7ik idi. Bu g\u00fcn m\u0259nim yaln\u0131z bir amal\u0131m var, qarda\u015f\u0131m\u0131n v\u0259 b\u00fct\u00fcn \u015f\u0259hidl\u0259rimizin qisas\u0131n\u0131 almaq. Biz \u00f6lm\u0259k \u00fc\u00e7\u00fcn yox, \u00f6ld\u00fcrm\u0259k \u00fc\u00e7\u00fcn ya\u015famal\u0131y\u0131q. Az\u0259rbaycan tarix\u0259n&hellip;<\/p>\n","protected":false},"author":2,"featured_media":217062,"comment_status":"closed","ping_status":"closed","sticky":false,"template":"","format":"standard","meta":{"om_disable_all_campaigns":false,"_monsterinsights_skip_tracking":false,"_monsterinsights_sitenote_active":false,"_monsterinsights_sitenote_note":"","_monsterinsights_sitenote_category":0},"categories":[26],"tags":[],"aioseo_notices":[],"gutentor_comment":0,"rttpg_featured_image_url":{"full":["https:\/\/arantv.az\/wp-content\/uploads\/2020\/09\/azerbaycan_ordusu_0588.jpg",800,600,false],"landscape":["https:\/\/arantv.az\/wp-content\/uploads\/2020\/09\/azerbaycan_ordusu_0588.jpg",800,600,false],"portraits":["https:\/\/arantv.az\/wp-content\/uploads\/2020\/09\/azerbaycan_ordusu_0588.jpg",800,600,false],"thumbnail":["https:\/\/arantv.az\/wp-content\/uploads\/2020\/09\/azerbaycan_ordusu_0588-150x150.jpg",150,150,true],"medium":["https:\/\/arantv.az\/wp-content\/uploads\/2020\/09\/azerbaycan_ordusu_0588-300x225.jpg",300,225,true],"large":["https:\/\/arantv.az\/wp-content\/uploads\/2020\/09\/azerbaycan_ordusu_0588.jpg",640,480,false],"1536x1536":["https:\/\/arantv.az\/wp-content\/uploads\/2020\/09\/azerbaycan_ordusu_0588.jpg",800,600,false],"2048x2048":["https:\/\/arantv.az\/wp-content\/uploads\/2020\/09\/azerbaycan_ordusu_0588.jpg",800,600,false],"post-thumbnail":["https:\/\/arantv.az\/wp-content\/uploads\/2020\/09\/azerbaycan_ordusu_0588-240x172.jpg",240,172,true],"advps-thumb-one":["https:\/\/arantv.az\/wp-content\/uploads\/2020\/09\/azerbaycan_ordusu_0588.jpg",800,600,false]},"rttpg_author":{"display_name":"V\u00fcsal Rafiqo\u011flu","author_link":"https:\/\/arantv.az\/?author=2"},"rttpg_comment":0,"rttpg_category":"<a href=\"https:\/\/arantv.az\/?cat=26\" rel=\"category\">Sosial<\/a>","rttpg_excerpt":"H\u0259r bir Az\u0259rbaycan g\u0259nci \u015f\u0259hidl\u0259rimizin qan\u0131n\u0131 almaq amal\u0131 il\u0259 ya\u015famal\u0131d\u0131r. ARANTV.AZ\u00a0 bildirir ki, bunu\u00a0Trend-\u0259 a\u00e7\u0131qlamas\u0131nda erm\u0259ni silahl\u0131 q\u00fcvv\u0259l\u0259rinin Az\u0259rbaycan-Erm\u0259nistan d\u00f6vl\u0259t s\u0259rh\u0259dind\u0259 t\u00f6r\u0259tdiyi t\u0259xribat\u0131n qar\u015f\u0131s\u0131n\u0131 alark\u0259n q\u0259hr\u0259mancas\u0131na \u015f\u0259hid olan gizir \u0130lqar Zeynall\u0131n\u0131n qarda\u015f\u0131 S\u0259nan Zeynall\u0131 deyib. \u015e\u0259hid qarda\u015f\u0131 bildirib ki, h\u0259r birimiz d\u00fc\u015fm\u0259nd\u0259n \u015f\u0259hidl\u0259rimizin qisas\u0131n\u0131 bir\u0259-be\u015f almal\u0131y\u0131q: &#8220;Allah b\u00fct\u00fcn \u015f\u0259hidl\u0259rimiz\u0259 r\u0259hm\u0259t el\u0259sin. M\u0259nim qarda\u015f\u0131m da v\u0259t\u0259n&hellip;","_links":{"self":[{"href":"https:\/\/arantv.az\/index.php?rest_route=\/wp\/v2\/posts\/217061"}],"collection":[{"href":"https:\/\/arantv.az\/index.php?rest_route=\/wp\/v2\/posts"}],"about":[{"href":"https:\/\/arantv.az\/index.php?rest_route=\/wp\/v2\/types\/post"}],"author":[{"embeddable":true,"href":"https:\/\/arantv.az\/index.php?rest_route=\/wp\/v2\/users\/2"}],"replies":[{"embeddable":true,"href":"https:\/\/arantv.az\/index.php?rest_route=%2Fwp%2Fv2%2Fcomments&post=217061"}],"version-history":[{"count":0,"href":"https:\/\/arantv.az\/index.php?rest_route=\/wp\/v2\/posts\/217061\/revisions"}],"wp:featuredmedia":[{"embeddable":true,"href":"https:\/\/arantv.az\/index.php?rest_route=\/wp\/v2\/media\/217062"}],"wp:attachment":[{"href":"https:\/\/arantv.az\/index.php?rest_route=%2Fwp%2Fv2%2Fmedia&parent=217061"}],"wp:term":[{"taxonomy":"category","embeddable":true,"href":"https:\/\/arantv.az\/index.php?rest_route=%2Fwp%2Fv2%2Fcategories&post=217061"},{"taxonomy":"post_tag","embeddable":true,"href":"https:\/\/arantv.az\/index.php?rest_route=%2Fwp%2Fv2%2Ftags&post=217061"}],"curies":[{"name":"wp","href":"https:\/\/api.w.org\/{rel}","templated":true}]}}