{"id":217078,"date":"2020-09-07T16:07:23","date_gmt":"2020-09-07T13:07:23","guid":{"rendered":"http:\/\/arantv.az\/?p=217078"},"modified":"2020-09-07T16:07:23","modified_gmt":"2020-09-07T13:07:23","slug":"ilham-%c9%99liyev-az%c9%99rbaycan-islam-h%c9%99mr%c9%99liyinin-mohk%c9%99ml%c9%99ndirilm%c9%99si-isin%c9%99-oz-tohf%c9%99sini-verir","status":"publish","type":"post","link":"https:\/\/arantv.az\/?p=217078","title":{"rendered":"\u0130lham \u018fliyev: \u201cAz\u0259rbaycan \u0130slam h\u0259mr\u0259liyinin m\u00f6hk\u0259ml\u0259ndirilm\u0259si i\u015fin\u0259 \u00f6z t\u00f6hf\u0259sini verir\u201d"},"content":{"rendered":"<p>X\u0259b\u0259r verdiyimiz kimi, Az\u0259rbaycan Respublikas\u0131n\u0131n Prezidenti \u0130lham \u018fliyev sentyabr\u0131n 7-d\u0259 \u0130ran \u0130slam Respublikas\u0131n\u0131n \u00f6lk\u0259mizd\u0259 yeni t\u0259yin olunmu\u015f f\u00f6vq\u0259lad\u0259 v\u0259 s\u0259lahiyy\u0259tli s\u0259firi Seyid Abbas Mus\u0259vinin etimadnam\u0259sini q\u0259bul edib.<\/p>\n<p>AZ\u018fRTAC Prezident \u0130lham \u018fliyevin g\u00f6r\u00fc\u015fd\u0259ki \u00e7\u0131x\u0131\u015f\u0131ndan \u0259sas m\u0259qamlar\u0131 t\u0259qdim edir.<\/p>\n<p>\u201cAz\u0259rbaycan \u0130slam h\u0259mr\u0259liyinin m\u00f6hk\u0259ml\u0259ndirilm\u0259si i\u015fin\u0259 \u00f6z t\u00f6hf\u0259sini verir v\u0259 b\u00f6y\u00fck s\u0259yl\u0259r g\u00f6st\u0259rir. Az\u0259rbaycan \u0130slam al\u0259minin birl\u0259\u015fm\u0259si v\u0259 b\u0259zi \u00f6lk\u0259l\u0259r aras\u0131nda m\u00f6vcud olan probleml\u0259rin h\u0259lli istiqam\u0259tind\u0259 h\u0259r zaman \u00f6z \u0259lav\u0259 s\u0259yl\u0259rini g\u00f6st\u0259rm\u0259y\u0259 haz\u0131rd\u0131r\u201d.<\/p>\n<p>\u201cBizim \u00f6lk\u0259l\u0259rimiz, eyni zamanda, xarici siyas\u0259t istiqam\u0259tind\u0259 \u00fc\u00e7t\u0259r\u0259fli \u0259m\u0259kda\u015fl\u0131q formatlar\u0131nda da f\u0259al i\u015ftirak edir. Art\u0131q ne\u00e7\u0259 ildir ki, Az\u0259rbaycan-\u0130ran-T\u00fcrkiy\u0259 v\u0259 Az\u0259rbaycan-\u0130ran-Rusiya \u00fc\u00e7t\u0259r\u0259fli \u0259m\u0259kda\u015fl\u0131q format\u0131 m\u00f6vcuddur v\u0259 bu format \u00e7ox s\u0259m\u0259r\u0259lidir\u201d.<\/p>\n<p>\u201cQon\u015fu \u00f6lk\u0259l\u0259r aras\u0131ndak\u0131 \u0259laq\u0259l\u0259r v\u0259 bu \u0259laq\u0259l\u0259rin inki\u015faf\u0131 b\u00f6lg\u0259d\u0259 sabitliyin, s\u00fclh\u00fcn t\u0259minat\u00e7\u0131s\u0131d\u0131r. X\u0259z\u0259r d\u0259nizinin h\u00fcquqi statusunun, n\u0259hay\u0259t, \u00f6z h\u0259llini tapmas\u0131 b\u00fct\u00fcn X\u0259z\u0259ryan\u0131 \u00f6lk\u0259l\u0259rin niyy\u0259tini g\u00f6st\u0259rir, bizim siyas\u0259timizi g\u00f6st\u0259rir v\u0259 bu \u00f6lk\u0259l\u0259r aras\u0131ndak\u0131 dostlu\u011fu g\u00f6st\u0259rir\u201d.<\/p>\n","protected":false},"excerpt":{"rendered":"<p>X\u0259b\u0259r verdiyimiz kimi, Az\u0259rbaycan Respublikas\u0131n\u0131n Prezidenti \u0130lham \u018fliyev sentyabr\u0131n 7-d\u0259 \u0130ran \u0130slam Respublikas\u0131n\u0131n \u00f6lk\u0259mizd\u0259 yeni t\u0259yin olunmu\u015f f\u00f6vq\u0259lad\u0259 v\u0259 s\u0259lahiyy\u0259tli s\u0259firi Seyid Abbas Mus\u0259vinin etimadnam\u0259sini q\u0259bul edib. AZ\u018fRTAC Prezident \u0130lham \u018fliyevin g\u00f6r\u00fc\u015fd\u0259ki \u00e7\u0131x\u0131\u015f\u0131ndan \u0259sas m\u0259qamlar\u0131 t\u0259qdim edir. \u201cAz\u0259rbaycan \u0130slam h\u0259mr\u0259liyinin m\u00f6hk\u0259ml\u0259ndirilm\u0259si i\u015fin\u0259 \u00f6z t\u00f6hf\u0259sini verir v\u0259 b\u00f6y\u00fck s\u0259yl\u0259r g\u00f6st\u0259rir. Az\u0259rbaycan \u0130slam al\u0259minin birl\u0259\u015fm\u0259si v\u0259 b\u0259zi \u00f6lk\u0259l\u0259r aras\u0131nda m\u00f6vcud olan probleml\u0259rin h\u0259lli istiqam\u0259tind\u0259 h\u0259r zaman \u00f6z \u0259lav\u0259 s\u0259yl\u0259rini g\u00f6st\u0259rm\u0259y\u0259 haz\u0131rd\u0131r\u201d. \u201cBizim \u00f6lk\u0259l\u0259rimiz, eyni zamanda, xarici siyas\u0259t istiqam\u0259tind\u0259 \u00fc\u00e7t\u0259r\u0259fli \u0259m\u0259kda\u015fl\u0131q formatlar\u0131nda da f\u0259al i\u015ftirak edir. Art\u0131q ne\u00e7\u0259 ildir ki, Az\u0259rbaycan-\u0130ran-T\u00fcrkiy\u0259 v\u0259 Az\u0259rbaycan-\u0130ran-Rusiya&hellip;<\/p>\n","protected":false},"author":2,"featured_media":217079,"comment_status":"closed","ping_status":"closed","sticky":false,"template":"","format":"standard","meta":{"om_disable_all_campaigns":false,"_monsterinsights_skip_tracking":false,"_monsterinsights_sitenote_active":false,"_monsterinsights_sitenote_note":"","_monsterinsights_sitenote_category":0},"categories":[4],"tags":[],"aioseo_notices":[],"gutentor_comment":0,"rttpg_featured_image_url":{"full":["https:\/\/arantv.az\/wp-content\/uploads\/2020\/09\/15994836913674935945_1000x669.jpg",620,412,false],"landscape":["https:\/\/arantv.az\/wp-content\/uploads\/2020\/09\/15994836913674935945_1000x669.jpg",620,412,false],"portraits":["https:\/\/arantv.az\/wp-content\/uploads\/2020\/09\/15994836913674935945_1000x669.jpg",620,412,false],"thumbnail":["https:\/\/arantv.az\/wp-content\/uploads\/2020\/09\/15994836913674935945_1000x669-150x150.jpg",150,150,true],"medium":["https:\/\/arantv.az\/wp-content\/uploads\/2020\/09\/15994836913674935945_1000x669-300x199.jpg",300,199,true],"large":["https:\/\/arantv.az\/wp-content\/uploads\/2020\/09\/15994836913674935945_1000x669.jpg",620,412,false],"1536x1536":["https:\/\/arantv.az\/wp-content\/uploads\/2020\/09\/15994836913674935945_1000x669.jpg",620,412,false],"2048x2048":["https:\/\/arantv.az\/wp-content\/uploads\/2020\/09\/15994836913674935945_1000x669.jpg",620,412,false],"post-thumbnail":["https:\/\/arantv.az\/wp-content\/uploads\/2020\/09\/15994836913674935945_1000x669-240x172.jpg",240,172,true],"advps-thumb-one":["https:\/\/arantv.az\/wp-content\/uploads\/2020\/09\/15994836913674935945_1000x669.jpg",620,412,false]},"rttpg_author":{"display_name":"V\u00fcsal Rafiqo\u011flu","author_link":"https:\/\/arantv.az\/?author=2"},"rttpg_comment":0,"rttpg_category":"<a href=\"https:\/\/arantv.az\/?cat=4\" rel=\"category\">Siyas\u0259t<\/a>","rttpg_excerpt":"X\u0259b\u0259r verdiyimiz kimi, Az\u0259rbaycan Respublikas\u0131n\u0131n Prezidenti \u0130lham \u018fliyev sentyabr\u0131n 7-d\u0259 \u0130ran \u0130slam Respublikas\u0131n\u0131n \u00f6lk\u0259mizd\u0259 yeni t\u0259yin olunmu\u015f f\u00f6vq\u0259lad\u0259 v\u0259 s\u0259lahiyy\u0259tli s\u0259firi Seyid Abbas Mus\u0259vinin etimadnam\u0259sini q\u0259bul edib. AZ\u018fRTAC Prezident \u0130lham \u018fliyevin g\u00f6r\u00fc\u015fd\u0259ki \u00e7\u0131x\u0131\u015f\u0131ndan \u0259sas m\u0259qamlar\u0131 t\u0259qdim edir. \u201cAz\u0259rbaycan \u0130slam h\u0259mr\u0259liyinin m\u00f6hk\u0259ml\u0259ndirilm\u0259si i\u015fin\u0259 \u00f6z t\u00f6hf\u0259sini verir v\u0259 b\u00f6y\u00fck s\u0259yl\u0259r g\u00f6st\u0259rir. Az\u0259rbaycan \u0130slam al\u0259minin birl\u0259\u015fm\u0259si v\u0259 b\u0259zi&hellip;","_links":{"self":[{"href":"https:\/\/arantv.az\/index.php?rest_route=\/wp\/v2\/posts\/217078"}],"collection":[{"href":"https:\/\/arantv.az\/index.php?rest_route=\/wp\/v2\/posts"}],"about":[{"href":"https:\/\/arantv.az\/index.php?rest_route=\/wp\/v2\/types\/post"}],"author":[{"embeddable":true,"href":"https:\/\/arantv.az\/index.php?rest_route=\/wp\/v2\/users\/2"}],"replies":[{"embeddable":true,"href":"https:\/\/arantv.az\/index.php?rest_route=%2Fwp%2Fv2%2Fcomments&post=217078"}],"version-history":[{"count":0,"href":"https:\/\/arantv.az\/index.php?rest_route=\/wp\/v2\/posts\/217078\/revisions"}],"wp:featuredmedia":[{"embeddable":true,"href":"https:\/\/arantv.az\/index.php?rest_route=\/wp\/v2\/media\/217079"}],"wp:attachment":[{"href":"https:\/\/arantv.az\/index.php?rest_route=%2Fwp%2Fv2%2Fmedia&parent=217078"}],"wp:term":[{"taxonomy":"category","embeddable":true,"href":"https:\/\/arantv.az\/index.php?rest_route=%2Fwp%2Fv2%2Fcategories&post=217078"},{"taxonomy":"post_tag","embeddable":true,"href":"https:\/\/arantv.az\/index.php?rest_route=%2Fwp%2Fv2%2Ftags&post=217078"}],"curies":[{"name":"wp","href":"https:\/\/api.w.org\/{rel}","templated":true}]}}