{"id":217100,"date":"2020-09-07T16:17:40","date_gmt":"2020-09-07T13:17:40","guid":{"rendered":"http:\/\/arantv.az\/?p=217100"},"modified":"2020-09-07T16:17:40","modified_gmt":"2020-09-07T13:17:40","slug":"vuqar-r%c9%99himzad%c9%99-v%c9%99t%c9%99ndaslarin-rahatliginin-m%c9%99mnunlugunun-t%c9%99min-edilm%c9%99si-islahatlar-kursunun-%c9%99sas-m%c9%99qs%c9%99didir","status":"publish","type":"post","link":"https:\/\/arantv.az\/?p=217100","title":{"rendered":"V\u00fcqar R\u0259himzad\u0259: V\u0259t\u0259nda\u015flar\u0131n rahatl\u0131\u011f\u0131n\u0131n, m\u0259mnunlu\u011funun t\u0259min edilm\u0259si islahatlar kursunun \u0259sas m\u0259qs\u0259didir"},"content":{"rendered":"<p>\u00ab\u00d6lk\u0259mizd\u0259 d\u00f6vl\u0259t idar\u0259\u00e7iliyinin \u015f\u0259ffafla\u015fd\u0131r\u0131lmas\u0131,\u00a0 operativliyinin v\u0259 s\u0259m\u0259r\u0259liliyinin y\u00fcks\u0259ldilm\u0259si, v\u0259t\u0259nda\u015f m\u0259mnunlu\u011funun art\u0131r\u0131lmas\u0131 m\u00f6ht\u0259r\u0259m Prezidentimiz \u0130lham \u018fliyevin \u00a0h\u0259yata ke\u00e7irdiyi islahatlar kursunun \u0259sas mahiyy\u0259tini t\u0259\u015fkil edir. \u00a0Bu g\u00fcn Az\u0259rbaycan d\u00f6vl\u0259t xidm\u0259tl\u0259rinin g\u00f6st\u0259rilm\u0259si \u00fczr\u0259 qabaqc\u0131l modell\u0259ri d\u00fcnyaya t\u0259qdim edir.\u00bb<\/p>\n<p><strong>Bu fikirl\u0259ri Yeni Az\u0259rbaycan Partiyas\u0131 Siyasi \u015euras\u0131n\u0131n \u00fczv\u00fc, \u00ab\u0130ki sahil\u00bb q\u0259zetinin ba\u015f redaktoru, siyasi elml\u0259r doktoru V\u00fcqar R\u0259himzad\u0259 K\u0130V-\u0259 a\u00e7\u0131qlamas\u0131nda bildirib.<\/strong><\/p>\n<p>V.R\u0259himzad\u0259 qeyd edib ki, Az\u0259rbaycan innovativ idar\u0259etm\u0259 vasit\u0259sil\u0259 inkl\u00fcziv, s\u0259m\u0259r\u0259li v\u0259\u00a0 \u0130KT \u0259sasl\u0131 d\u00f6vl\u0259t xidm\u0259ti sistemi yarad\u0131b. Bu\u00a0 xidm\u0259tl\u0259rin g\u00f6st\u0259rilm\u0259sin\u0259 say\u0259sind\u0259 \u00a0d\u00f6vl\u0259t qulluq\u00e7ular\u0131 il\u0259 v\u0259t\u0259nda\u015flar aras\u0131ndak\u0131 m\u0259saf\u0259 q\u0131sald\u0131l\u0131b,\u00a0 \u00fcnsiyy\u0259t \u015f\u0259ffafla\u015fd\u0131r\u0131l\u0131b. Az\u0259rbaycan brendi kimi d\u00fcnyaya s\u0259s salan \u00abASAN xidm\u0259t\u00bb, ABAD, DOST kimi layih\u0259l\u0259r idar\u0259etm\u0259 sistemind\u0259 t\u0259kmill\u0259\u015fm\u0259nin, \u015f\u0259ffafl\u0131\u011f\u0131n qorunmas\u0131n\u0131n ayd\u0131n m\u0259nz\u0259r\u0259sini yarad\u0131r. Bu s\u0131raya d\u00f6vl\u0259timizin ba\u015f\u00e7\u0131s\u0131 \u0130lham \u018fliyevin F\u0259rman\u0131 \u0259sas\u0131nda Az\u0259rbaycan \u0130nvestisiya Holdinqinin \u00a0yarad\u0131lmas\u0131 da daxildir.<\/p>\n<p>Ba\u015f redaktor bildirib ki, \u00f6lk\u0259mizin \u00f6t\u0259n il BMT-nin D\u00f6vl\u0259t Xidm\u0259tl\u0259ri Forumuna ev sahibliyi etm\u0259si bu sah\u0259d\u0259 yenilikl\u0259ri il\u0259 d\u00fcnyan\u0131n diqq\u0259tind\u0259 olmas\u0131n\u0131n t\u0259sdiqi kimi d\u0259y\u0259rl\u0259ndirildi. \u00c7\u00fcnki bel\u0259 bir t\u0259dbirin ke\u00e7irilm\u0259sind\u0259 m\u0259qs\u0259d d\u00f6vl\u0259t idar\u0259\u00e7iliyi, d\u00f6vl\u0259t xidm\u0259tl\u0259rinin g\u00f6st\u0259rilm\u0259sinin qabaqc\u0131l modell\u0259ri, innovasiyalar v\u0259 bu sah\u0259d\u0259 aktual\u00a0 m\u0259s\u0259l\u0259l\u0259r \u00fczr\u0259 m\u00fczakir\u0259l\u0259rin apar\u0131lmas\u0131, d\u00f6vl\u0259tl\u0259rin bu istiqam\u0259tl\u0259rd\u0259\u00a0 qabaqc\u0131l t\u0259cr\u00fcb\u0259l\u0259rinin m\u00fcbadil\u0259si idi. Forumda \u00a0Az\u0259rbaycan\u00a0 t\u0259cr\u00fcb\u0259si b\u00fct\u00fcn d\u00fcnyaya \u00a0n\u00fcmun\u0259 kimi g\u00f6st\u0259rildi. \u00a0Bu fikir x\u00fcsusi qeyd olundu ki, Az\u0259rbaycan\u0131n inki\u015faf modelinin \u00f6yr\u0259nilm\u0259si v\u0259 t\u0259tbiqi vacibdir. N\u0259z\u0259r\u0259 alsaq ki, bu g\u00fcn \u00a0d\u00fcnya, o c\u00fcml\u0259d\u0259n Az\u0259rbaycan COVID-19-la \u00a0m\u00fcbariz\u0259 t\u0259dbirl\u0259rini g\u00fccl\u0259ndirir, bel\u0259\u00a0 bir zamanda \u00a0\u00a0m\u00f6vcud, h\u0259m\u00e7inin \u00a0postpandemiya d\u00f6vr\u00fc\u00a0 \u00fc\u00e7\u00fcn yaranacaq \u00e7\u0259tinlikl\u0259ri aradan qald\u0131rmaq m\u0259qs\u0259dil\u0259 \u00a0iqtisadiyyat\u0131n yeni inki\u015faf strategiyas\u0131 \u00fcz\u0259rind\u0259 i\u015fl\u0259r apar\u0131lmas\u0131na,\u00a0 tan\u0131nm\u0131\u015f beyn\u0259lxalq m\u00fct\u0259x\u0259ssisl\u0259rl\u0259, aliml\u0259rl\u0259 fikir m\u00fcbadil\u0259sin\u0259, d\u00fcnyan\u0131n qabaqc\u0131l \u00f6lk\u0259l\u0259rinin t\u0259cr\u00fcb\u0259sin\u0259 istinad\u0131n aktuall\u0131\u011f\u0131 \u00f6z\u00fcn\u00fc qabar\u0131q \u015f\u0259kild\u0259 b\u00fcruz\u0259 verir.<\/p>\n<p>V.R\u0259himzad\u0259 qeyd edib ki,\u00a0 g\u0259l\u0259c\u0259y\u0259 nikbinlikl\u0259 baxma\u011fa \u0259sas ver\u0259n \u0259sas amil bug\u00fcnk\u00fc u\u011furlar\u0131m\u0131zd\u0131r: \u00abPandemiya d\u00f6vr\u00fcn\u00fcn \u00e7\u0259tinlikl\u0259rin\u0259 baxmayaraq Az\u0259rbaycan sosial d\u0259st\u0259k v\u0259 m\u0259\u015f\u011fulluq\u00a0 t\u0259dbirl\u0259rinin miqyas\u0131n\u0131 geni\u015fl\u0259ndirir. \u00d6lk\u0259mizd\u0259 iqtisadi islahatlar d\u0259rinl\u0259\u015fdirilir, idar\u0259etm\u0259 sistemind\u0259 t\u0259kmill\u0259\u015fm\u0259 \u00f6z aktuall\u0131\u011f\u0131n\u0131 qoruyur v\u0259 bu islahatlar\u00a0 \u00fcmumilikd\u0259 hakimiyytin h\u0259r \u00fc\u00e7 qolunu \u2013 icra, qanunverici v\u0259 m\u0259hk\u0259m\u0259-h\u00fcquq sistemini \u0259hat\u0259 edir. \u00a0Az\u0259rbaycan\u0131n bu u\u011furlar\u0131 beyn\u0259lxalq maliyy\u0259 qurumlar\u0131n\u0131n hesabatlar\u0131nda da y\u00fcks\u0259k d\u0259y\u0259rl\u0259ndirilir. Bel\u0259 ki,\u00a0 D\u00fcnya Bank\u0131, Avropa Yenid\u0259nqurma v\u0259 \u0130nki\u015faf Bank\u0131, Asiya \u0130nki\u015faf Bank\u0131, Avropa \u0130nvestisiya Bank\u0131 v\u0259 dig\u0259r m\u00f6t\u0259b\u0259r maliyy\u0259 qurumlar\u0131 \u00f6lk\u0259mizin\u00a0 inki\u015faf modelini t\u0259qdir edir, Az\u0259rbaycan\u00a0 \u00a0\u0259n islahat\u00e7\u0131 \u00f6lk\u0259 kimi m\u00f6vqeyini m\u00f6hk\u0259ml\u0259ndirir.\u00bb<\/p>\n<p>V.R\u0259himzad\u0259 qeyd edib ki,\u00a0 \u015f\u0259ffafl\u0131q y\u00fcks\u0259k s\u0259viyy\u0259d\u0259 qorunur, korrupsiyaya v\u0259 r\u00fc\u015fv\u0259txorlu\u011fa qar\u015f\u0131 m\u00fcbariz\u0259 t\u0259dbirl\u0259ri g\u00fccl\u0259ndirilir: \u00abM\u00fcxt\u0259lif vaxtlarda yerli v\u0259 m\u0259rk\u0259zi icra orqanlar\u0131n\u0131n strukturunun, f\u0259aliyy\u0259t istiqam\u0259tl\u0259rinin, prinsipl\u0259rinin, v\u0259zif\u0259 v\u0259 \u00f6hd\u0259likl\u0259rinin d\u0259qiql\u0259\u015fdirilm\u0259si, paralelliyin aradan qald\u0131r\u0131lmas\u0131, q\u0259rarlar\u0131n \u00e7evik q\u0259bul olunmas\u0131 v\u0259 v\u0259zif\u0259l\u0259rin m\u00fcmk\u00fcn q\u0259d\u0259r s\u0259m\u0259r\u0259li icras\u0131 il\u0259 ba\u011fl\u0131 qanunvericilik t\u0259\u015f\u0259bb\u00fcsl\u0259ri ir\u0259li s\u00fcr\u00fcl\u00fcb. \u00a0Milli M\u0259clis, Prezident Administrasiyas\u0131, Nazirl\u0259r Kabinetind\u0259 h\u0259yata ke\u00e7iril\u0259n struktur d\u0259yi\u015fiklikl\u0259ri \u00f6z m\u00fcsb\u0259t n\u0259tic\u0259l\u0259rini verir. Bu g\u00fcn d\u00f6vl\u0259t orqanlar\u0131n\u0131n f\u0259aliyy\u0259tind\u0259 m\u00fc\u015fahid\u0259 olunan operativlik, ictimai r\u0259y\u0259, v\u0259t\u0259nda\u015flar\u0131n probleml\u0259rin\u0259 h\u0259ssas yana\u015fma, b\u00fcrokratik \u0259ng\u0259ll\u0259rin, korrupsiya, r\u00fc\u015fv\u0259txorluq v\u0259 dig\u0259r neqativ hallara qar\u015f\u0131 k\u0259skin m\u00fcbariz\u0259 \u0259hali t\u0259r\u0259find\u0259n t\u0259qdir olunur.\u00bb<\/p>\n<p>Ba\u015f redaktor G\u0259nc\u0259 \u015f\u0259h\u0259ri Nizami v\u0259 K\u0259p\u0259z rayonlar\u0131 inzibati \u0259razi b\u00f6lg\u00fcs\u00fcn\u00fcn l\u0259\u011fv edilm\u0259si il\u0259 ba\u011fl\u0131 ir\u0259li s\u00fcr\u00fcl\u0259n t\u0259\u015f\u0259bb\u00fcs\u00fc d\u0259 idar\u0259\u00e7ilik sistemind\u0259 t\u0259kmill\u0259\u015fm\u0259nin \u00a0t\u0259rkib hiss\u0259si kimi qeyd ed\u0259r\u0259k bildirib ki, bu m\u00fch\u00fcm add\u0131m \u00a0\u00f6lk\u0259nin ikinci b\u00f6y\u00fck \u015f\u0259h\u0259rind\u0259 idar\u0259etm\u0259nin keyfiyy\u0259tinin y\u00fcks\u0259ldilm\u0259si v\u0259 v\u0259t\u0259nda\u015flar\u0131n rahatl\u0131\u011f\u0131n\u0131n,\u00a0 m\u0259mnunlu\u011funun t\u0259min edilm\u0259si m\u0259qs\u0259di da\u015f\u0131y\u0131r. N\u0259tic\u0259 etibaril\u0259 idar\u0259etm\u0259 sistemind\u0259 \u00e7oxpill\u0259lilik, paralellik, t\u0259krar\u00e7\u0131l\u0131q, b\u00fcrokratiya, s\u00fcr\u00fcnd\u00fcrm\u0259\u00e7ilik v\u0259 dig\u0259r bu kimi neqativ hallar aradan qald\u0131r\u0131lacaq. Yen\u0259 d\u0259 \u00a0bu v\u0259 dig\u0259r struktur islahatlar\u0131n\u0131n h\u0259yata ke\u00e7irilm\u0259sind\u0259 \u0259sas m\u0259qs\u0259d \u00a0v\u0259t\u0259nda\u015f m\u0259mnunlu\u011funun art\u0131r\u0131lmas\u0131d\u0131r.<\/p>\n","protected":false},"excerpt":{"rendered":"<p>\u00ab\u00d6lk\u0259mizd\u0259 d\u00f6vl\u0259t idar\u0259\u00e7iliyinin \u015f\u0259ffafla\u015fd\u0131r\u0131lmas\u0131,\u00a0 operativliyinin v\u0259 s\u0259m\u0259r\u0259liliyinin y\u00fcks\u0259ldilm\u0259si, v\u0259t\u0259nda\u015f m\u0259mnunlu\u011funun art\u0131r\u0131lmas\u0131 m\u00f6ht\u0259r\u0259m Prezidentimiz \u0130lham \u018fliyevin \u00a0h\u0259yata ke\u00e7irdiyi islahatlar kursunun \u0259sas mahiyy\u0259tini t\u0259\u015fkil edir. \u00a0Bu g\u00fcn Az\u0259rbaycan d\u00f6vl\u0259t xidm\u0259tl\u0259rinin g\u00f6st\u0259rilm\u0259si \u00fczr\u0259 qabaqc\u0131l modell\u0259ri d\u00fcnyaya t\u0259qdim edir.\u00bb Bu fikirl\u0259ri Yeni Az\u0259rbaycan Partiyas\u0131 Siyasi \u015euras\u0131n\u0131n \u00fczv\u00fc, \u00ab\u0130ki sahil\u00bb q\u0259zetinin ba\u015f redaktoru, siyasi elml\u0259r doktoru V\u00fcqar R\u0259himzad\u0259 K\u0130V-\u0259 a\u00e7\u0131qlamas\u0131nda bildirib. V.R\u0259himzad\u0259 qeyd edib ki, Az\u0259rbaycan innovativ idar\u0259etm\u0259 vasit\u0259sil\u0259 inkl\u00fcziv, s\u0259m\u0259r\u0259li v\u0259\u00a0 \u0130KT \u0259sasl\u0131 d\u00f6vl\u0259t xidm\u0259ti sistemi yarad\u0131b. Bu\u00a0 xidm\u0259tl\u0259rin g\u00f6st\u0259rilm\u0259sin\u0259 say\u0259sind\u0259 \u00a0d\u00f6vl\u0259t qulluq\u00e7ular\u0131 il\u0259 v\u0259t\u0259nda\u015flar aras\u0131ndak\u0131 m\u0259saf\u0259 q\u0131sald\u0131l\u0131b,\u00a0 \u00fcnsiyy\u0259t \u015f\u0259ffafla\u015fd\u0131r\u0131l\u0131b. Az\u0259rbaycan brendi kimi d\u00fcnyaya&hellip;<\/p>\n","protected":false},"author":2,"featured_media":217101,"comment_status":"closed","ping_status":"closed","sticky":false,"template":"","format":"standard","meta":{"om_disable_all_campaigns":false,"_monsterinsights_skip_tracking":false,"_monsterinsights_sitenote_active":false,"_monsterinsights_sitenote_note":"","_monsterinsights_sitenote_category":0},"categories":[4],"tags":[],"aioseo_notices":[],"gutentor_comment":0,"rttpg_featured_image_url":{"full":["https:\/\/arantv.az\/wp-content\/uploads\/2020\/09\/c3535feb159377722482233127210624316-1.jpg",975,540,false],"landscape":["https:\/\/arantv.az\/wp-content\/uploads\/2020\/09\/c3535feb159377722482233127210624316-1.jpg",975,540,false],"portraits":["https:\/\/arantv.az\/wp-content\/uploads\/2020\/09\/c3535feb159377722482233127210624316-1.jpg",975,540,false],"thumbnail":["https:\/\/arantv.az\/wp-content\/uploads\/2020\/09\/c3535feb159377722482233127210624316-1-150x150.jpg",150,150,true],"medium":["https:\/\/arantv.az\/wp-content\/uploads\/2020\/09\/c3535feb159377722482233127210624316-1-300x166.jpg",300,166,true],"large":["https:\/\/arantv.az\/wp-content\/uploads\/2020\/09\/c3535feb159377722482233127210624316-1.jpg",640,354,false],"1536x1536":["https:\/\/arantv.az\/wp-content\/uploads\/2020\/09\/c3535feb159377722482233127210624316-1.jpg",975,540,false],"2048x2048":["https:\/\/arantv.az\/wp-content\/uploads\/2020\/09\/c3535feb159377722482233127210624316-1.jpg",975,540,false],"post-thumbnail":["https:\/\/arantv.az\/wp-content\/uploads\/2020\/09\/c3535feb159377722482233127210624316-1-240x172.jpg",240,172,true],"advps-thumb-one":["https:\/\/arantv.az\/wp-content\/uploads\/2020\/09\/c3535feb159377722482233127210624316-1.jpg",975,540,false]},"rttpg_author":{"display_name":"V\u00fcsal Rafiqo\u011flu","author_link":"https:\/\/arantv.az\/?author=2"},"rttpg_comment":0,"rttpg_category":"<a href=\"https:\/\/arantv.az\/?cat=4\" rel=\"category\">Siyas\u0259t<\/a>","rttpg_excerpt":"\u00ab\u00d6lk\u0259mizd\u0259 d\u00f6vl\u0259t idar\u0259\u00e7iliyinin \u015f\u0259ffafla\u015fd\u0131r\u0131lmas\u0131,\u00a0 operativliyinin v\u0259 s\u0259m\u0259r\u0259liliyinin y\u00fcks\u0259ldilm\u0259si, v\u0259t\u0259nda\u015f m\u0259mnunlu\u011funun art\u0131r\u0131lmas\u0131 m\u00f6ht\u0259r\u0259m Prezidentimiz \u0130lham \u018fliyevin \u00a0h\u0259yata ke\u00e7irdiyi islahatlar kursunun \u0259sas mahiyy\u0259tini t\u0259\u015fkil edir. \u00a0Bu g\u00fcn Az\u0259rbaycan d\u00f6vl\u0259t xidm\u0259tl\u0259rinin g\u00f6st\u0259rilm\u0259si \u00fczr\u0259 qabaqc\u0131l modell\u0259ri d\u00fcnyaya t\u0259qdim edir.\u00bb Bu fikirl\u0259ri Yeni Az\u0259rbaycan Partiyas\u0131 Siyasi \u015euras\u0131n\u0131n \u00fczv\u00fc, \u00ab\u0130ki sahil\u00bb q\u0259zetinin ba\u015f redaktoru, siyasi elml\u0259r doktoru V\u00fcqar R\u0259himzad\u0259 K\u0130V-\u0259 a\u00e7\u0131qlamas\u0131nda&hellip;","_links":{"self":[{"href":"https:\/\/arantv.az\/index.php?rest_route=\/wp\/v2\/posts\/217100"}],"collection":[{"href":"https:\/\/arantv.az\/index.php?rest_route=\/wp\/v2\/posts"}],"about":[{"href":"https:\/\/arantv.az\/index.php?rest_route=\/wp\/v2\/types\/post"}],"author":[{"embeddable":true,"href":"https:\/\/arantv.az\/index.php?rest_route=\/wp\/v2\/users\/2"}],"replies":[{"embeddable":true,"href":"https:\/\/arantv.az\/index.php?rest_route=%2Fwp%2Fv2%2Fcomments&post=217100"}],"version-history":[{"count":0,"href":"https:\/\/arantv.az\/index.php?rest_route=\/wp\/v2\/posts\/217100\/revisions"}],"wp:featuredmedia":[{"embeddable":true,"href":"https:\/\/arantv.az\/index.php?rest_route=\/wp\/v2\/media\/217101"}],"wp:attachment":[{"href":"https:\/\/arantv.az\/index.php?rest_route=%2Fwp%2Fv2%2Fmedia&parent=217100"}],"wp:term":[{"taxonomy":"category","embeddable":true,"href":"https:\/\/arantv.az\/index.php?rest_route=%2Fwp%2Fv2%2Fcategories&post=217100"},{"taxonomy":"post_tag","embeddable":true,"href":"https:\/\/arantv.az\/index.php?rest_route=%2Fwp%2Fv2%2Ftags&post=217100"}],"curies":[{"name":"wp","href":"https:\/\/api.w.org\/{rel}","templated":true}]}}