{"id":217104,"date":"2020-09-07T16:18:55","date_gmt":"2020-09-07T13:18:55","guid":{"rendered":"http:\/\/arantv.az\/?p=217104"},"modified":"2020-09-07T16:18:55","modified_gmt":"2020-09-07T13:18:55","slug":"yerli-icra-hakimiyy%c9%99ti-orqanlarinin-f%c9%99aliyy%c9%99tinin-t%c9%99kmill%c9%99sdirilm%c9%99si-bolg%c9%99l%c9%99r%c9%99-investisiyanin-c%c9%99lbi-baximindan-vacibdir","status":"publish","type":"post","link":"https:\/\/arantv.az\/?p=217104","title":{"rendered":"Yerli icra hakimiyy\u0259ti orqanlar\u0131n\u0131n f\u0259aliyy\u0259tinin t\u0259kmill\u0259\u015fdirilm\u0259si b\u00f6lg\u0259l\u0259r\u0259 investisiyan\u0131n c\u0259lbi bax\u0131m\u0131ndan vacibdir"},"content":{"rendered":"<p><strong>Yusif Ba\u011f\u0131rzad\u0259: \u018fhalisinin say\u0131na g\u00f6r\u0259 G\u0259nc\u0259 \u015f\u0259hirin\u0259 yax\u0131n olan Sumqay\u0131t \u015f\u0259h\u0259rinin n\u00fcmun\u0259si g\u00f6st\u0259rir ki, idar\u0259\u00e7iliyin bir m\u0259rk\u0259zd\u0259n h\u0259yata ke\u00e7irilm\u0259si daha s\u0259m\u0259r\u0259li v\u0259 optimal mexanizmdir<\/strong><\/p>\n<p>&nbsp;<\/p>\n<p>\u201cD\u00f6vl\u0259r ba\u015f\u00e7\u0131s\u0131n\u0131n inzibati islahatlarla ba\u011fl\u0131 m\u00fcvafiq g\u00f6st\u0259ri\u015fl\u0259ri art\u0131q icra edilm\u0259kd\u0259dir. G\u0259nc\u0259 \u015f\u0259h\u0259rinin Nizami v\u0259 K\u0259p\u0259z rayonlar\u0131 inzibati \u0259razi b\u00f6lg\u00fcs\u00fcn\u00fcn l\u0259\u011fv edilm\u0259si bunun \u0259n g\u00f6z\u0259l n\u00fcmun\u0259si ola bil\u0259r. Bir-birin\u0259 yax\u0131n m\u0259saf\u0259d\u0259 yerl\u0259\u015f\u0259n rayonlar vahid bir quberniya, ya da \u0259yal\u0259t formas\u0131nda birl\u0259\u015f\u0259 bil\u0259r. G\u0259nc\u0259 \u015f\u0259h\u0259rinin Nizami v\u0259 K\u0259p\u0259z rayonlar\u0131 inzibati \u0259razi b\u00f6lg\u00fcs\u00fcn\u00fcn l\u0259\u011fv edilm\u0259sin\u0259 g\u0259ldikd\u0259 is\u0259 ad\u0131 \u00e7\u0259kil\u0259n bu iki rayon onsuz da G\u0259nc\u0259nin t\u0259rkib hiss\u0259si idi. G\u0259nc\u0259d\u0259 sovet v\u0259 m\u00fcst\u0259qillik d\u00f6vr\u00fcnd\u0259 K\u0259p\u0259z v\u0259 Nizami rayonlar\u0131 formal icra hakimiyy\u0259ti orqan\u0131 kimi f\u0259aliyy\u0259t g\u00f6st\u0259rib. \u015e\u0259h\u0259rd\u0259 ictimai-sosial m\u00fcnasib\u0259tl\u0259rin idar\u0259 edilm\u0259si, t\u0259nziml\u0259nm\u0259, v\u0259t\u0259nda\u015flara xidm\u0259t, m\u0259d\u0259ni, m\u0259n\u0259vi t\u0259dbirl\u0259r G\u0259nc\u0259 \u015e\u0259h\u0259r \u0130cra Hakimiyy\u0259ti t\u0259r\u0259find\u0259n t\u0259\u015fkil edilib. M\u0259n h\u0259l\u0259 parlament \u00fczv\u00fc olaraq f\u0259aliyy\u0259t g\u00f6st\u0259rdiyim 1995-2000-ci ill\u0259rd\u0259 bir ne\u00e7\u0259 d\u0259f\u0259 m\u00fcvafiq t\u0259\u015f\u0259bb\u00fcsl\u0259 \u00e7\u0131x\u0131\u015f etmi\u015f\u0259m. \u018fhalisinin say\u0131na g\u00f6r\u0259 G\u0259nc\u0259 \u015f\u0259h\u0259rin\u0259 yax\u0131n olan Sumqay\u0131t \u015f\u0259h\u0259rinin n\u00fcmun\u0259si g\u00f6st\u0259rir ki, idar\u0259\u00e7iliyin bir m\u0259rk\u0259zd\u0259n h\u0259yata ke\u00e7irilm\u0259si daha s\u0259m\u0259r\u0259li v\u0259 optimal mexanizmdir. Bizd\u0259 Sumqay\u0131t \u015f\u0259h\u0259rinin idar\u0259 edilm\u0259si t\u0259cr\u00fcb\u0259si d\u0259 m\u00f6vcuddur. \u00c7\u00fcnki bu \u015f\u0259h\u0259r d\u0259 \u0259hali say\u0131na g\u00f6r\u0259 G\u0259nc\u0259 kimi b\u00f6y\u00fckd\u00fcr. Sumqay\u0131t, eyni zamanda, b\u00f6y\u00fck s\u0259naye \u015f\u0259h\u0259ridir. Bu b\u00f6y\u00fckl\u00fcy\u00fcnd\u0259 \u015f\u0259h\u0259rd\u0259 vahid icra m\u0259rk\u0259zi m\u00f6vcuddur. \u0130dar\u0259\u00e7ilik d\u0259 qanunvericiliy\u0259 uy\u011fun formada m\u0259rk\u0259zi icra orqan\u0131 t\u0259r\u0259find\u0259n t\u0259min edilir. G\u0259nc\u0259 \u015f\u0259h\u0259ri Nizami v\u0259 K\u0259p\u0259z rayonlar\u0131 inzibati \u0259razi b\u00f6lg\u00fcs\u00fcn\u00fcn l\u0259\u011fv edilm\u0259si il\u0259 ba\u011fl\u0131 ir\u0259li s\u00fcr\u00fcl\u0259n t\u0259\u015f\u0259bb\u00fcsd\u0259 m\u0259qs\u0259d \u00f6lk\u0259nin ikinci b\u00f6y\u00fck \u015f\u0259h\u0259rind\u0259 idar\u0259etm\u0259nin keyfiyy\u0259tinin y\u00fcks\u0259lm\u0259si v\u0259 v\u0259t\u0259nda\u015flar\u0131n rahatl\u0131\u011f\u0131n\u0131n, m\u0259mnunlu\u011funun t\u0259min edilm\u0259sidir\u201d.<\/p>\n<p>Bu fikirl\u0259ri\u00a0<strong>\u201c\u0130ki sahil\u201d<\/strong>\u0259 politoloq\u00a0<strong>Yusif Ba\u011f\u0131rzad\u0259\u00a0<\/strong>G\u0259nc\u0259 \u015f\u0259h\u0259rinin K\u0259p\u0259z v\u0259 Nizami rayon icra hakimiyy\u0259tl\u0259rinin l\u0259\u011fvi il\u0259 ba\u011fl\u0131 t\u0259klifl\u0259ri \u015f\u0259rh ed\u0259rk\u0259n bildirib.<\/p>\n<p>Politoloq qeyd edib ki, bu rayonlar yaranandan \u0259slind\u0259, formal f\u0259aliyy\u0259t g\u00f6st\u0259rir. \u015e\u0259h\u0259rin dem\u0259k olar ki, b\u00fct\u00fcn idar\u0259etm\u0259si, b\u00fct\u00fcn t\u0259dbirl\u0259rin h\u0259yata ke\u00e7irilm\u0259si, siyasi, iqtisadi, sosial h\u0259yat\u0131 ham\u0131s\u0131 G\u0259nc\u0259 \u015e\u0259h\u0259r \u0130cra Hakimiyy\u0259ti t\u0259r\u0259find\u0259n t\u0259nziml\u0259nir. \u0130dar\u0259etm\u0259ni rahatlatmaq, t\u0259krar\u00e7\u0131l\u0131\u011f\u0131 aradan qald\u0131rmaq bax\u0131m\u0131ndan bu,\u00a0 m\u00fcsb\u0259t bir fikirdir.\u00a0 Bel\u0259 ki, Sumqay\u0131tda da t\u0259xmini eynisayda \u00a0\u0259hali ya\u015fay\u0131r v\u0259 Sumqay\u0131t bir m\u0259rk\u0259zd\u0259n \u00e7ox u\u011furla idar\u0259 olunur.\u00a0 \u00a0G\u0259nc\u0259 \u015f\u0259h\u0259rinin Nizami v\u0259 K\u0259p\u0259z rayonlar\u0131 inzibati \u0259razi b\u00f6lg\u00fcs\u00fcn\u00fcn l\u0259\u011fv edilm\u0259si v\u0259 idar\u0259\u00e7iliyin \u015f\u0259h\u0259r administrasiyas\u0131nda c\u0259ml\u0259\u015fm\u0259si \u0259halinin sosial-m\u0259d\u0259ni v\u0259 m\u0259i\u015f\u0259t ehtiyaclar\u0131n\u0131n \u00f6d\u0259nilm\u0259si v\u0259 qanun\u00e7ulu\u011fun t\u0259min edilm\u0259si il\u0259 ba\u011fl\u0131 q\u0259rarlar\u0131n icras\u0131n\u0131n s\u0259m\u0259r\u0259liliyini daha da art\u0131racaq. Bu yolla h\u0259m d\u0259 b\u00fcdc\u0259 v\u0259saitl\u0259rinin s\u0259rfiyyat\u0131na q\u0259na\u0259t olunacaq. Yerli icra hakimiyy\u0259ti orqanlar\u0131n\u0131n f\u0259aliyy\u0259tinin t\u0259kmill\u0259\u015fdirilm\u0259si b\u00f6lg\u0259l\u0259r\u0259 investisiyan\u0131n c\u0259lb edim\u0259si baxm\u0131ndan da vacibdir. \u00d6lk\u0259 ba\u015f\u00e7\u0131s\u0131 da bir m\u00fcdd\u0259t \u0259vv\u0259l regionlara yerli v\u0259 xarici investisiyan\u0131n daha \u00e7ox c\u0259lb edilm\u0259si il\u0259 ba\u011fl\u0131 g\u00f6st\u0259ri\u015fl\u0259r verdi. Bu bax\u0131mdan g\u00f6zl\u0259nilir ki, apar\u0131lan kadr v\u0259 struktur islahatlar\u0131 davaml\u0131 olacaq. Bu, eyni zamanda, b\u00fcrokratik \u0259ng\u0259ll\u0259rin aradan qald\u0131r\u0131lmas\u0131na g\u0259tirib \u00e7\u0131xar\u0131r. Bel\u0259 ki, v\u0259t\u0259nda\u015flar\u0131n m\u00fcraci\u0259tl\u0259rin\u0259 bax\u0131lma mexanizmi sad\u0259l\u0259\u015fdiril\u0259c\u0259k, onlar\u0131n probleml\u0259ri daha \u00e7evik \u015f\u0259kild\u0259 h\u0259ll olunacaq. \u0130dar\u0259etm\u0259 sistemind\u0259 \u00e7oxpill\u0259lilik, paralellik, t\u0259krar\u00e7\u0131l\u0131q, b\u00fcrokratiya, s\u00fcr\u00fcnd\u00fcrm\u0259\u00e7ilik v\u0259 dig\u0259r bu kimi neqativ hallar aradan qald\u0131r\u0131lacaq. \u0130nzibati-struktur islahatlar\u0131n\u0131n davam etdirilm\u0259si b\u00fct\u00f6vl\u00fckd\u0259 idar\u0259etm\u0259 aparat\u0131n\u0131n optimalla\u015fmas\u0131n\u0131 h\u0259d\u0259fl\u0259yir. Eyni zamanda, yerli s\u0259viyy\u0259d\u0259 kadr islahatlar\u0131n\u0131n apar\u0131lmas\u0131, yerli icra hakimiyy\u0259ti ba\u015f\u00e7\u0131lar\u0131n\u0131n g\u0259ncl\u0259rd\u0259n t\u0259yin edilm\u0259si islahatlar\u0131n effektivliyini daha da art\u0131r\u0131r\u201d.<\/p>\n<p>H\u0259ms\u00f6hb\u0259timiz bu m\u00fct\u0259r\u0259qqi ideyan\u0131n G\u0259nc\u0259 \u015f\u0259h\u0259ri il\u0259 m\u0259hdudla\u015fmamal\u0131 oldu\u011funu da diqq\u0259t\u0259 \u00e7atd\u0131r\u0131b.<\/p>\n","protected":false},"excerpt":{"rendered":"<p>Yusif Ba\u011f\u0131rzad\u0259: \u018fhalisinin say\u0131na g\u00f6r\u0259 G\u0259nc\u0259 \u015f\u0259hirin\u0259 yax\u0131n olan Sumqay\u0131t \u015f\u0259h\u0259rinin n\u00fcmun\u0259si g\u00f6st\u0259rir ki, idar\u0259\u00e7iliyin bir m\u0259rk\u0259zd\u0259n h\u0259yata ke\u00e7irilm\u0259si daha s\u0259m\u0259r\u0259li v\u0259 optimal mexanizmdir &nbsp; \u201cD\u00f6vl\u0259r ba\u015f\u00e7\u0131s\u0131n\u0131n inzibati islahatlarla ba\u011fl\u0131 m\u00fcvafiq g\u00f6st\u0259ri\u015fl\u0259ri art\u0131q icra edilm\u0259kd\u0259dir. G\u0259nc\u0259 \u015f\u0259h\u0259rinin Nizami v\u0259 K\u0259p\u0259z rayonlar\u0131 inzibati \u0259razi b\u00f6lg\u00fcs\u00fcn\u00fcn l\u0259\u011fv edilm\u0259si bunun \u0259n g\u00f6z\u0259l n\u00fcmun\u0259si ola bil\u0259r. Bir-birin\u0259 yax\u0131n m\u0259saf\u0259d\u0259 yerl\u0259\u015f\u0259n rayonlar vahid bir quberniya, ya da \u0259yal\u0259t formas\u0131nda birl\u0259\u015f\u0259 bil\u0259r. G\u0259nc\u0259 \u015f\u0259h\u0259rinin Nizami v\u0259 K\u0259p\u0259z rayonlar\u0131 inzibati \u0259razi b\u00f6lg\u00fcs\u00fcn\u00fcn l\u0259\u011fv edilm\u0259sin\u0259 g\u0259ldikd\u0259 is\u0259 ad\u0131 \u00e7\u0259kil\u0259n bu iki rayon onsuz da G\u0259nc\u0259nin t\u0259rkib hiss\u0259si idi.&hellip;<\/p>\n","protected":false},"author":2,"featured_media":217105,"comment_status":"closed","ping_status":"closed","sticky":false,"template":"","format":"standard","meta":{"om_disable_all_campaigns":false,"_monsterinsights_skip_tracking":false,"_monsterinsights_sitenote_active":false,"_monsterinsights_sitenote_note":"","_monsterinsights_sitenote_category":0},"categories":[26],"tags":[],"aioseo_notices":[],"gutentor_comment":0,"rttpg_featured_image_url":{"full":["https:\/\/arantv.az\/wp-content\/uploads\/2020\/09\/861578d7159551594164185144511028434.jpg",975,540,false],"landscape":["https:\/\/arantv.az\/wp-content\/uploads\/2020\/09\/861578d7159551594164185144511028434.jpg",975,540,false],"portraits":["https:\/\/arantv.az\/wp-content\/uploads\/2020\/09\/861578d7159551594164185144511028434.jpg",975,540,false],"thumbnail":["https:\/\/arantv.az\/wp-content\/uploads\/2020\/09\/861578d7159551594164185144511028434-150x150.jpg",150,150,true],"medium":["https:\/\/arantv.az\/wp-content\/uploads\/2020\/09\/861578d7159551594164185144511028434-300x166.jpg",300,166,true],"large":["https:\/\/arantv.az\/wp-content\/uploads\/2020\/09\/861578d7159551594164185144511028434.jpg",640,354,false],"1536x1536":["https:\/\/arantv.az\/wp-content\/uploads\/2020\/09\/861578d7159551594164185144511028434.jpg",975,540,false],"2048x2048":["https:\/\/arantv.az\/wp-content\/uploads\/2020\/09\/861578d7159551594164185144511028434.jpg",975,540,false],"post-thumbnail":["https:\/\/arantv.az\/wp-content\/uploads\/2020\/09\/861578d7159551594164185144511028434-240x172.jpg",240,172,true],"advps-thumb-one":["https:\/\/arantv.az\/wp-content\/uploads\/2020\/09\/861578d7159551594164185144511028434.jpg",975,540,false]},"rttpg_author":{"display_name":"V\u00fcsal Rafiqo\u011flu","author_link":"https:\/\/arantv.az\/?author=2"},"rttpg_comment":0,"rttpg_category":"<a href=\"https:\/\/arantv.az\/?cat=26\" rel=\"category\">Sosial<\/a>","rttpg_excerpt":"Yusif Ba\u011f\u0131rzad\u0259: \u018fhalisinin say\u0131na g\u00f6r\u0259 G\u0259nc\u0259 \u015f\u0259hirin\u0259 yax\u0131n olan Sumqay\u0131t \u015f\u0259h\u0259rinin n\u00fcmun\u0259si g\u00f6st\u0259rir ki, idar\u0259\u00e7iliyin bir m\u0259rk\u0259zd\u0259n h\u0259yata ke\u00e7irilm\u0259si daha s\u0259m\u0259r\u0259li v\u0259 optimal mexanizmdir &nbsp; \u201cD\u00f6vl\u0259r ba\u015f\u00e7\u0131s\u0131n\u0131n inzibati islahatlarla ba\u011fl\u0131 m\u00fcvafiq g\u00f6st\u0259ri\u015fl\u0259ri art\u0131q icra edilm\u0259kd\u0259dir. G\u0259nc\u0259 \u015f\u0259h\u0259rinin Nizami v\u0259 K\u0259p\u0259z rayonlar\u0131 inzibati \u0259razi b\u00f6lg\u00fcs\u00fcn\u00fcn l\u0259\u011fv edilm\u0259si bunun \u0259n g\u00f6z\u0259l n\u00fcmun\u0259si ola bil\u0259r. Bir-birin\u0259 yax\u0131n m\u0259saf\u0259d\u0259&hellip;","_links":{"self":[{"href":"https:\/\/arantv.az\/index.php?rest_route=\/wp\/v2\/posts\/217104"}],"collection":[{"href":"https:\/\/arantv.az\/index.php?rest_route=\/wp\/v2\/posts"}],"about":[{"href":"https:\/\/arantv.az\/index.php?rest_route=\/wp\/v2\/types\/post"}],"author":[{"embeddable":true,"href":"https:\/\/arantv.az\/index.php?rest_route=\/wp\/v2\/users\/2"}],"replies":[{"embeddable":true,"href":"https:\/\/arantv.az\/index.php?rest_route=%2Fwp%2Fv2%2Fcomments&post=217104"}],"version-history":[{"count":0,"href":"https:\/\/arantv.az\/index.php?rest_route=\/wp\/v2\/posts\/217104\/revisions"}],"wp:featuredmedia":[{"embeddable":true,"href":"https:\/\/arantv.az\/index.php?rest_route=\/wp\/v2\/media\/217105"}],"wp:attachment":[{"href":"https:\/\/arantv.az\/index.php?rest_route=%2Fwp%2Fv2%2Fmedia&parent=217104"}],"wp:term":[{"taxonomy":"category","embeddable":true,"href":"https:\/\/arantv.az\/index.php?rest_route=%2Fwp%2Fv2%2Fcategories&post=217104"},{"taxonomy":"post_tag","embeddable":true,"href":"https:\/\/arantv.az\/index.php?rest_route=%2Fwp%2Fv2%2Ftags&post=217104"}],"curies":[{"name":"wp","href":"https:\/\/api.w.org\/{rel}","templated":true}]}}