{"id":217116,"date":"2020-09-07T16:21:17","date_gmt":"2020-09-07T13:21:17","guid":{"rendered":"http:\/\/arantv.az\/?p=217116"},"modified":"2020-09-07T16:21:17","modified_gmt":"2020-09-07T13:21:17","slug":"prezident-az%c9%99rbaycan-iran-ikit%c9%99r%c9%99fli-munasit%c9%99l%c9%99ri-sur%c9%99tl%c9%99-inkisaf-edir","status":"publish","type":"post","link":"https:\/\/arantv.az\/?p=217116","title":{"rendered":"Prezident: \u201cAz\u0259rbaycan-\u0130ran ikit\u0259r\u0259fli m\u00fcnasit\u0259l\u0259ri s\u00fcr\u0259tl\u0259 inki\u015faf edir\u201d"},"content":{"rendered":"<p>X\u0259b\u0259r verdiyimiz kimi, Az\u0259rbaycan Respublikas\u0131n\u0131n Prezidenti \u0130lham \u018fliyev sentyabr\u0131n 7-d\u0259 \u0130ran \u0130slam Respublikas\u0131n\u0131n \u00f6lk\u0259mizd\u0259 yeni t\u0259yin olunmu\u015f f\u00f6vq\u0259lad\u0259 v\u0259 s\u0259lahiyy\u0259tli s\u0259firi Seyid Abbas Mus\u0259vinin etimadnam\u0259sini q\u0259bul edib.<\/p>\n<p><a href=\"https:\/\/azertag.az\/xeber\/Prezident_Ilham_Aliyev_Azerbaycan_Iran_ikiterefli_munasiteleri_suretle_inkisaf_edir_ve_yuksek_seviyyeye_qalxib-1578857\" target=\"_blank\" rel=\"noopener\">AZ\u018fRTAC<\/a>\u00a0Prezident \u0130lham \u018fliyevin g\u00f6r\u00fc\u015fd\u0259ki \u00e7\u0131x\u0131\u015f\u0131nda Az\u0259rbaycan-\u0130ran ikit\u0259r\u0259fli m\u00fcnasib\u0259tl\u0259ri il\u0259 ba\u011fl\u0131 fikirl\u0259rini t\u0259qdim edir.<\/p>\n<div id=\"AdviadNativeVideo0\" class=\"AdviadNativeVideo\"><\/div>\n<p>\u201c\u0130kit\u0259r\u0259fli m\u00fcnasit\u0259l\u0259rimiz\u0259 g\u0259ldikd\u0259 bir daha dem\u0259k ist\u0259yir\u0259m ki, bizim m\u00fcnasib\u0259tl\u0259rimiz s\u00fcr\u0259tl\u0259 inki\u015faf edir v\u0259 y\u00fcks\u0259k s\u0259viyy\u0259y\u0259 qalx\u0131bd\u0131r. Prezident c\u0259nab Ruhani il\u0259 iyulun sonunda m\u0259nim telefon dan\u0131\u015f\u0131\u011f\u0131m olubdur. Bir \u00e7ox \u00f6n\u0259mli m\u0259s\u0259l\u0259l\u0259r m\u00fczakir\u0259 olundu v\u0259 raz\u0131l\u0131\u011fa g\u0259ldik ki, bizim m\u00fcvafiq h\u00f6kum\u0259t \u00fczvl\u0259ri bu pandemiya d\u00f6vr\u00fcnd\u0259 videokonfranslar format\u0131nda g\u00f6r\u00fc\u015fl\u0259r ke\u00e7irsinl\u0259r v\u0259 art\u0131q bir \u00e7ox g\u00f6r\u00fc\u015fl\u0259r ke\u00e7irildi. Bunun \u00e7ox b\u00f6y\u00fck \u00f6n\u0259mi var. \u00c7\u00fcnki biz ist\u0259mirik ki, vaxt itir\u0259k. \u00c7\u00fcnki pandemiya t\u0259bii ki, i\u015fimiz\u0259 m\u00fcdaxil\u0259 etmi\u015fdir\u201d.<\/p>\n<p>\u201c\u018fmin\u0259m ki, g\u0259l\u0259c\u0259k ill\u0259rd\u0259 bu g\u00fcn realla\u015fmaqda olan \u00f6n\u0259mli n\u0259qliyyat v\u0259 enerji layih\u0259l\u0259ri daha da geni\u015f miqyas alacaq. Bildiyiniz kimi, \u015eimal-C\u0259nub n\u0259qliyyat d\u0259hlizi t\u0259kc\u0259 bizim \u00f6lk\u0259l\u0259rimizi yox, b\u00fct\u00fcn Avrasiya m\u0259kan\u0131n\u0131 birl\u0259\u015fdir\u0259 bil\u0259r. H\u0259m \u0130ran, h\u0259m Az\u0259rbaycan bu d\u0259hlizin f\u0259aliyy\u0259t\u0259 ba\u015flamas\u0131 v\u0259 g\u0259l\u0259c\u0259k inki\u015faf\u0131 i\u015find\u0259 \u00e7ox b\u00f6y\u00fck s\u0259yl\u0259r g\u00f6st\u0259rir\u201d.<\/p>\n<p>\u201cB\u00fct\u00fcn ba\u015fqa sah\u0259l\u0259rd\u0259 &#8211; s\u0259rmay\u0259 qoyulu\u015fu, elektroenergetika sah\u0259l\u0259rind\u0259 v\u0259 dig\u0259r sah\u0259l\u0259rd\u0259 yax\u015f\u0131 n\u0259tic\u0259l\u0259r var. O c\u00fcml\u0259d\u0259n h\u0259rbi-texniki sah\u0259d\u0259 d\u0259 \u0259laq\u0259l\u0259rimiz art\u0131q b\u00f6y\u00fck tarix\u0259 malikdir v\u0259 yeni raz\u0131la\u015fmalar \u0259ld\u0259 edilib. \u018fmin\u0259m ki, bu sah\u0259d\u0259 d\u0259 bizim \u0259m\u0259kda\u015fl\u0131\u011f\u0131m\u0131z bundan sonra da u\u011furla inki\u015faf ed\u0259c\u0259k\u201d.<\/p>\n","protected":false},"excerpt":{"rendered":"<p>X\u0259b\u0259r verdiyimiz kimi, Az\u0259rbaycan Respublikas\u0131n\u0131n Prezidenti \u0130lham \u018fliyev sentyabr\u0131n 7-d\u0259 \u0130ran \u0130slam Respublikas\u0131n\u0131n \u00f6lk\u0259mizd\u0259 yeni t\u0259yin olunmu\u015f f\u00f6vq\u0259lad\u0259 v\u0259 s\u0259lahiyy\u0259tli s\u0259firi Seyid Abbas Mus\u0259vinin etimadnam\u0259sini q\u0259bul edib. AZ\u018fRTAC\u00a0Prezident \u0130lham \u018fliyevin g\u00f6r\u00fc\u015fd\u0259ki \u00e7\u0131x\u0131\u015f\u0131nda Az\u0259rbaycan-\u0130ran ikit\u0259r\u0259fli m\u00fcnasib\u0259tl\u0259ri il\u0259 ba\u011fl\u0131 fikirl\u0259rini t\u0259qdim edir. \u201c\u0130kit\u0259r\u0259fli m\u00fcnasit\u0259l\u0259rimiz\u0259 g\u0259ldikd\u0259 bir daha dem\u0259k ist\u0259yir\u0259m ki, bizim m\u00fcnasib\u0259tl\u0259rimiz s\u00fcr\u0259tl\u0259 inki\u015faf edir v\u0259 y\u00fcks\u0259k s\u0259viyy\u0259y\u0259 qalx\u0131bd\u0131r. Prezident c\u0259nab Ruhani il\u0259 iyulun sonunda m\u0259nim telefon dan\u0131\u015f\u0131\u011f\u0131m olubdur. Bir \u00e7ox \u00f6n\u0259mli m\u0259s\u0259l\u0259l\u0259r m\u00fczakir\u0259 olundu v\u0259 raz\u0131l\u0131\u011fa g\u0259ldik ki, bizim m\u00fcvafiq h\u00f6kum\u0259t \u00fczvl\u0259ri bu pandemiya d\u00f6vr\u00fcnd\u0259 videokonfranslar format\u0131nda g\u00f6r\u00fc\u015fl\u0259r ke\u00e7irsinl\u0259r v\u0259 art\u0131q&hellip;<\/p>\n","protected":false},"author":2,"featured_media":217117,"comment_status":"closed","ping_status":"closed","sticky":false,"template":"","format":"standard","meta":{"om_disable_all_campaigns":false,"_monsterinsights_skip_tracking":false,"_monsterinsights_sitenote_active":false,"_monsterinsights_sitenote_note":"","_monsterinsights_sitenote_category":0},"categories":[4],"tags":[],"aioseo_notices":[],"gutentor_comment":0,"rttpg_featured_image_url":{"full":["https:\/\/arantv.az\/wp-content\/uploads\/2020\/09\/1599484319389327404_1000x669.jpg",620,401,false],"landscape":["https:\/\/arantv.az\/wp-content\/uploads\/2020\/09\/1599484319389327404_1000x669.jpg",620,401,false],"portraits":["https:\/\/arantv.az\/wp-content\/uploads\/2020\/09\/1599484319389327404_1000x669.jpg",620,401,false],"thumbnail":["https:\/\/arantv.az\/wp-content\/uploads\/2020\/09\/1599484319389327404_1000x669-150x150.jpg",150,150,true],"medium":["https:\/\/arantv.az\/wp-content\/uploads\/2020\/09\/1599484319389327404_1000x669-300x194.jpg",300,194,true],"large":["https:\/\/arantv.az\/wp-content\/uploads\/2020\/09\/1599484319389327404_1000x669.jpg",620,401,false],"1536x1536":["https:\/\/arantv.az\/wp-content\/uploads\/2020\/09\/1599484319389327404_1000x669.jpg",620,401,false],"2048x2048":["https:\/\/arantv.az\/wp-content\/uploads\/2020\/09\/1599484319389327404_1000x669.jpg",620,401,false],"post-thumbnail":["https:\/\/arantv.az\/wp-content\/uploads\/2020\/09\/1599484319389327404_1000x669-240x172.jpg",240,172,true],"advps-thumb-one":["https:\/\/arantv.az\/wp-content\/uploads\/2020\/09\/1599484319389327404_1000x669.jpg",620,401,false]},"rttpg_author":{"display_name":"V\u00fcsal Rafiqo\u011flu","author_link":"https:\/\/arantv.az\/?author=2"},"rttpg_comment":0,"rttpg_category":"<a href=\"https:\/\/arantv.az\/?cat=4\" rel=\"category\">Siyas\u0259t<\/a>","rttpg_excerpt":"X\u0259b\u0259r verdiyimiz kimi, Az\u0259rbaycan Respublikas\u0131n\u0131n Prezidenti \u0130lham \u018fliyev sentyabr\u0131n 7-d\u0259 \u0130ran \u0130slam Respublikas\u0131n\u0131n \u00f6lk\u0259mizd\u0259 yeni t\u0259yin olunmu\u015f f\u00f6vq\u0259lad\u0259 v\u0259 s\u0259lahiyy\u0259tli s\u0259firi Seyid Abbas Mus\u0259vinin etimadnam\u0259sini q\u0259bul edib. AZ\u018fRTAC\u00a0Prezident \u0130lham \u018fliyevin g\u00f6r\u00fc\u015fd\u0259ki \u00e7\u0131x\u0131\u015f\u0131nda Az\u0259rbaycan-\u0130ran ikit\u0259r\u0259fli m\u00fcnasib\u0259tl\u0259ri il\u0259 ba\u011fl\u0131 fikirl\u0259rini t\u0259qdim edir. \u201c\u0130kit\u0259r\u0259fli m\u00fcnasit\u0259l\u0259rimiz\u0259 g\u0259ldikd\u0259 bir daha dem\u0259k ist\u0259yir\u0259m ki, bizim m\u00fcnasib\u0259tl\u0259rimiz s\u00fcr\u0259tl\u0259 inki\u015faf edir v\u0259 y\u00fcks\u0259k&hellip;","_links":{"self":[{"href":"https:\/\/arantv.az\/index.php?rest_route=\/wp\/v2\/posts\/217116"}],"collection":[{"href":"https:\/\/arantv.az\/index.php?rest_route=\/wp\/v2\/posts"}],"about":[{"href":"https:\/\/arantv.az\/index.php?rest_route=\/wp\/v2\/types\/post"}],"author":[{"embeddable":true,"href":"https:\/\/arantv.az\/index.php?rest_route=\/wp\/v2\/users\/2"}],"replies":[{"embeddable":true,"href":"https:\/\/arantv.az\/index.php?rest_route=%2Fwp%2Fv2%2Fcomments&post=217116"}],"version-history":[{"count":0,"href":"https:\/\/arantv.az\/index.php?rest_route=\/wp\/v2\/posts\/217116\/revisions"}],"wp:featuredmedia":[{"embeddable":true,"href":"https:\/\/arantv.az\/index.php?rest_route=\/wp\/v2\/media\/217117"}],"wp:attachment":[{"href":"https:\/\/arantv.az\/index.php?rest_route=%2Fwp%2Fv2%2Fmedia&parent=217116"}],"wp:term":[{"taxonomy":"category","embeddable":true,"href":"https:\/\/arantv.az\/index.php?rest_route=%2Fwp%2Fv2%2Fcategories&post=217116"},{"taxonomy":"post_tag","embeddable":true,"href":"https:\/\/arantv.az\/index.php?rest_route=%2Fwp%2Fv2%2Ftags&post=217116"}],"curies":[{"name":"wp","href":"https:\/\/api.w.org\/{rel}","templated":true}]}}