{"id":21713,"date":"2018-10-27T13:53:51","date_gmt":"2018-10-27T10:53:51","guid":{"rendered":"http:\/\/arantv.az\/?p=21713"},"modified":"2018-10-27T13:53:51","modified_gmt":"2018-10-27T10:53:51","slug":"beynind%c9%99n-%c9%99m%c9%99liyyat-olunan-aprel-doyuscusu-komadan-ayildi","status":"publish","type":"post","link":"https:\/\/arantv.az\/?p=21713","title":{"rendered":"Beynind\u0259n \u0259m\u0259liyyat olunan Aprel d\u00f6y\u00fc\u015f\u00e7\u00fcs\u00fc komadan ay\u0131ld\u0131"},"content":{"rendered":"<p>Bir ne\u00e7\u0259 g\u00fcn \u00f6nc\u0259 a\u011f\u0131r v\u0259ziyy\u0259td\u0259 x\u0259st\u0259xanaya yerl\u0259\u015fdiril\u0259n qazi Qo\u015fqar Hac\u0131yev komadan ay\u0131l\u0131b.<\/p>\n<p><b>ARANTV.AZ<\/b>\u00a0x\u0259b\u0259r verir ki, bu bar\u0259d\u0259 Qo\u015fqar\u0131n m\u00fcalic\u0259sin\u0259 n\u0259zar\u0259t ed\u0259n anestezioloq-reanimatoloq Serkan \u015eenkal Real TV-y\u0259 dan\u0131\u015f\u0131b. O bildirib ki, haz\u0131rda x\u0259st\u0259nin v\u0259ziyy\u0259ti stabill\u0259\u015fib.<\/p>\n<p>Vaxtil\u0259 onu G\u00fclhan\u0259 H\u0259rbi Tibb Akademiyas\u0131nda \u0259m\u0259liyyat etmi\u015f h\u0259kiml\u0259rin n\u0259zar\u0259tind\u0259 olan Qo\u015fqar Hac\u0131yev n\u00f6vb\u0259ti d\u0259f\u0259 \u0259m\u0259liyyat olunacaq.<\/p>\n<div id=\"AdributorNativeVideo0\" class=\"AdributorNativeVideo\"><\/div>\n<p>G\u00fclhan\u0259 H\u0259rbi Tibb Akademiyas\u0131nda qazimizin \u0259m\u0259liyyat\u0131n\u0131 h\u0259yata ke\u00e7ir\u0259n neyroc\u0259rrah \u00d6zkan Tehli bildirib ki, bu bar\u0259d\u0259 x\u0259st\u0259nin v\u0259ziyy\u0259ti tam stabill\u0259\u015f\u0259nd\u0259n sonra q\u0259rar veril\u0259c\u0259k.<\/p>\n<p>Qeyd ed\u0259k ki, 2015-ci ilin sentyabr ay\u0131n\u0131n 2-d\u0259 d\u00fc\u015fm\u0259nin k\u0259\u015ffiyyat-diversiya h\u00fccumunun qar\u015f\u0131s\u0131n\u0131 alark\u0259n ba\u015f\u0131ndan a\u011f\u0131r yaralanan &#8220;N\u201d sayl\u0131 h\u0259rbi hiss\u0259nin m\u00fcdd\u0259td\u0259n art\u0131q h\u0259qiqi h\u0259rbi xidm\u0259t ke\u00e7\u0259n h\u0259rbi qulluq\u00e7usu Hac\u0131yev Qo\u015fqar Zahid o\u011flunun m\u00fcalic\u0259si yerli tibb m\u00fc\u0259ssis\u0259l\u0259ri il\u0259 yana\u015f\u0131, xaricd\u0259 d\u0259 h\u0259yata ke\u00e7irilib. O, ilk d\u0259f\u0259 2016-c\u0131 ild\u0259 m\u0259hz Prezident \u0130lham \u018fliyevin tap\u015f\u0131r\u0131\u011f\u0131, Heyd\u0259r \u018fliyev Fondunun d\u0259st\u0259yi il\u0259 bir ne\u00e7\u0259 d\u0259f\u0259 T\u00fcrkiy\u0259d\u0259 m\u00fcxt\u0259lif x\u0259st\u0259xanalarda m\u00fcalic\u0259 olunub.<\/p>\n<p>Bir ne\u00e7\u0259 g\u00fcn \u00f6nc\u0259 v\u0259ziyy\u0259ti a\u011f\u0131rla\u015fanda is\u0259 Birinci vitse-prezident, Heyd\u0259r \u018fliyev Fondunun r\u0259hb\u0259ri Mehriban xan\u0131m \u018fliyevan\u0131n g\u00f6st\u0259ri\u015fi il\u0259 m\u00fcalic\u0259si n\u0259zar\u0259t\u0259 g\u00f6t\u00fcr\u00fcl\u00fcb. Onu vaxtil\u0259 G\u00fclhan\u0259 H\u0259rbi Tibb Akademiyas\u0131nda m\u00fcalic\u0259 ed\u0259n h\u0259kiml\u0259r haz\u0131rda Bak\u0131dak\u0131 Ege Hospital\u0131nda oldu\u011fundan, Qo\u015fqar Hac\u0131yev bu x\u0259st\u0259xanaya yerl\u0259\u015fdirilib.<\/p>\n<p>Q.Hac\u0131yevin m\u00fcalic\u0259si Heyd\u0259r \u018fliyev Fondunun n\u0259zar\u0259tind\u0259dir.<\/p>\n","protected":false},"excerpt":{"rendered":"<p>Bir ne\u00e7\u0259 g\u00fcn \u00f6nc\u0259 a\u011f\u0131r v\u0259ziyy\u0259td\u0259 x\u0259st\u0259xanaya yerl\u0259\u015fdiril\u0259n qazi Qo\u015fqar Hac\u0131yev komadan ay\u0131l\u0131b. ARANTV.AZ\u00a0x\u0259b\u0259r verir ki, bu bar\u0259d\u0259 Qo\u015fqar\u0131n m\u00fcalic\u0259sin\u0259 n\u0259zar\u0259t ed\u0259n anestezioloq-reanimatoloq Serkan \u015eenkal Real TV-y\u0259 dan\u0131\u015f\u0131b. O bildirib ki, haz\u0131rda x\u0259st\u0259nin v\u0259ziyy\u0259ti stabill\u0259\u015fib. Vaxtil\u0259 onu G\u00fclhan\u0259 H\u0259rbi Tibb Akademiyas\u0131nda \u0259m\u0259liyyat etmi\u015f h\u0259kiml\u0259rin n\u0259zar\u0259tind\u0259 olan Qo\u015fqar Hac\u0131yev n\u00f6vb\u0259ti d\u0259f\u0259 \u0259m\u0259liyyat olunacaq. G\u00fclhan\u0259 H\u0259rbi Tibb Akademiyas\u0131nda qazimizin \u0259m\u0259liyyat\u0131n\u0131 h\u0259yata ke\u00e7ir\u0259n neyroc\u0259rrah \u00d6zkan Tehli bildirib ki, bu bar\u0259d\u0259 x\u0259st\u0259nin v\u0259ziyy\u0259ti tam stabill\u0259\u015f\u0259nd\u0259n sonra q\u0259rar veril\u0259c\u0259k. Qeyd ed\u0259k ki, 2015-ci ilin sentyabr ay\u0131n\u0131n 2-d\u0259 d\u00fc\u015fm\u0259nin k\u0259\u015ffiyyat-diversiya h\u00fccumunun qar\u015f\u0131s\u0131n\u0131 alark\u0259n ba\u015f\u0131ndan a\u011f\u0131r yaralanan&hellip;<\/p>\n","protected":false},"author":2,"featured_media":21714,"comment_status":"closed","ping_status":"closed","sticky":false,"template":"","format":"standard","meta":{"om_disable_all_campaigns":false,"_monsterinsights_skip_tracking":false,"_monsterinsights_sitenote_active":false,"_monsterinsights_sitenote_note":"","_monsterinsights_sitenote_category":0},"categories":[1],"tags":[],"aioseo_notices":[],"gutentor_comment":0,"rttpg_featured_image_url":{"full":["https:\/\/arantv.az\/wp-content\/uploads\/2018\/10\/1540622535_5bd4078cf35fd_qazi_1154058692.jpg",649,371,false],"landscape":["https:\/\/arantv.az\/wp-content\/uploads\/2018\/10\/1540622535_5bd4078cf35fd_qazi_1154058692.jpg",649,371,false],"portraits":["https:\/\/arantv.az\/wp-content\/uploads\/2018\/10\/1540622535_5bd4078cf35fd_qazi_1154058692.jpg",649,371,false],"thumbnail":["https:\/\/arantv.az\/wp-content\/uploads\/2018\/10\/1540622535_5bd4078cf35fd_qazi_1154058692-150x150.jpg",150,150,true],"medium":["https:\/\/arantv.az\/wp-content\/uploads\/2018\/10\/1540622535_5bd4078cf35fd_qazi_1154058692-300x171.jpg",300,171,true],"large":["https:\/\/arantv.az\/wp-content\/uploads\/2018\/10\/1540622535_5bd4078cf35fd_qazi_1154058692.jpg",640,366,false],"1536x1536":["https:\/\/arantv.az\/wp-content\/uploads\/2018\/10\/1540622535_5bd4078cf35fd_qazi_1154058692.jpg",649,371,false],"2048x2048":["https:\/\/arantv.az\/wp-content\/uploads\/2018\/10\/1540622535_5bd4078cf35fd_qazi_1154058692.jpg",649,371,false],"post-thumbnail":["https:\/\/arantv.az\/wp-content\/uploads\/2018\/10\/1540622535_5bd4078cf35fd_qazi_1154058692-240x172.jpg",240,172,true],"advps-thumb-one":["https:\/\/arantv.az\/wp-content\/uploads\/2018\/10\/1540622535_5bd4078cf35fd_qazi_1154058692.jpg",649,371,false]},"rttpg_author":{"display_name":"V\u00fcsal Rafiqo\u011flu","author_link":"https:\/\/arantv.az\/?author=2"},"rttpg_comment":0,"rttpg_category":"<a href=\"https:\/\/arantv.az\/?cat=1\" rel=\"category\">C\u0259miyy\u0259t<\/a>","rttpg_excerpt":"Bir ne\u00e7\u0259 g\u00fcn \u00f6nc\u0259 a\u011f\u0131r v\u0259ziyy\u0259td\u0259 x\u0259st\u0259xanaya yerl\u0259\u015fdiril\u0259n qazi Qo\u015fqar Hac\u0131yev komadan ay\u0131l\u0131b. ARANTV.AZ\u00a0x\u0259b\u0259r verir ki, bu bar\u0259d\u0259 Qo\u015fqar\u0131n m\u00fcalic\u0259sin\u0259 n\u0259zar\u0259t ed\u0259n anestezioloq-reanimatoloq Serkan \u015eenkal Real TV-y\u0259 dan\u0131\u015f\u0131b. O bildirib ki, haz\u0131rda x\u0259st\u0259nin v\u0259ziyy\u0259ti stabill\u0259\u015fib. Vaxtil\u0259 onu G\u00fclhan\u0259 H\u0259rbi Tibb Akademiyas\u0131nda \u0259m\u0259liyyat etmi\u015f h\u0259kiml\u0259rin n\u0259zar\u0259tind\u0259 olan Qo\u015fqar Hac\u0131yev n\u00f6vb\u0259ti d\u0259f\u0259 \u0259m\u0259liyyat olunacaq. G\u00fclhan\u0259 H\u0259rbi Tibb&hellip;","_links":{"self":[{"href":"https:\/\/arantv.az\/index.php?rest_route=\/wp\/v2\/posts\/21713"}],"collection":[{"href":"https:\/\/arantv.az\/index.php?rest_route=\/wp\/v2\/posts"}],"about":[{"href":"https:\/\/arantv.az\/index.php?rest_route=\/wp\/v2\/types\/post"}],"author":[{"embeddable":true,"href":"https:\/\/arantv.az\/index.php?rest_route=\/wp\/v2\/users\/2"}],"replies":[{"embeddable":true,"href":"https:\/\/arantv.az\/index.php?rest_route=%2Fwp%2Fv2%2Fcomments&post=21713"}],"version-history":[{"count":0,"href":"https:\/\/arantv.az\/index.php?rest_route=\/wp\/v2\/posts\/21713\/revisions"}],"wp:featuredmedia":[{"embeddable":true,"href":"https:\/\/arantv.az\/index.php?rest_route=\/wp\/v2\/media\/21714"}],"wp:attachment":[{"href":"https:\/\/arantv.az\/index.php?rest_route=%2Fwp%2Fv2%2Fmedia&parent=21713"}],"wp:term":[{"taxonomy":"category","embeddable":true,"href":"https:\/\/arantv.az\/index.php?rest_route=%2Fwp%2Fv2%2Fcategories&post=21713"},{"taxonomy":"post_tag","embeddable":true,"href":"https:\/\/arantv.az\/index.php?rest_route=%2Fwp%2Fv2%2Ftags&post=21713"}],"curies":[{"name":"wp","href":"https:\/\/api.w.org\/{rel}","templated":true}]}}