{"id":217156,"date":"2020-09-07T16:36:35","date_gmt":"2020-09-07T13:36:35","guid":{"rendered":"http:\/\/arantv.az\/?p=217156"},"modified":"2020-09-07T16:36:35","modified_gmt":"2020-09-07T13:36:35","slug":"hikm%c9%99t-haciyev-erm%c9%99ni-lobbisi-h%c9%99d%c9%99fl%c9%99rin%c9%99-nail-ola-bilm%c9%99di","status":"publish","type":"post","link":"https:\/\/arantv.az\/?p=217156","title":{"rendered":"Hikm\u0259t Hac\u0131yev: \u201cErm\u0259ni lobbisi h\u0259d\u0259fl\u0259rin\u0259 nail ola bilm\u0259di\u201d"},"content":{"rendered":"<p>\u201cTovuz d\u00f6y\u00fc\u015fl\u0259ri s\u0259rh\u0259dd\u0259 ba\u015f ver\u0259n adi hadis\u0259 deyildi, bu, \u00f6nc\u0259d\u0259n planla\u015fd\u0131r\u0131lan, geni\u015fmiqyasl\u0131 strateji m\u0259qs\u0259dl\u0259ri g\u00fcd\u0259n plan idi. Bu plan\u0131n qar\u015f\u0131s\u0131n\u0131 da Az\u0259rbaycan-T\u00fcrkiy\u0259 qarda\u015fl\u0131\u011f\u0131, birg\u0259 \u0259zmimiz\u00a0ald\u0131\u201d.<\/p>\n<p>Bunu T\u00fcrkiy\u0259d\u0259 s\u0259f\u0259rd\u0259 olan \u00a0Az\u0259rbaycan Prezidentinin k\u00f6m\u0259k\u00e7isi &#8211; Prezident Administrasiyas\u0131n\u0131n xarici siyas\u0259t m\u0259s\u0259l\u0259l\u0259ri \u015f\u00f6b\u0259sinin m\u00fcdiri Hikm\u0259t Hac\u0131yev \u201cHaber Global\u201d\u0131n efirind\u0259 deyib.<\/p>\n<p>H.Hac\u0131yev bildirib ki, erm\u0259ni lobbisi Tovuz d\u00f6y\u00fc\u015fl\u0259rind\u0259n sonra \u00f6zl\u0259rin\u0259 t\u0259r\u0259fdar toplamaq \u00fc\u00e7\u00fcn h\u0259d\u0259fl\u0259rin\u0259 nail ola bilm\u0259yib.<\/p>\n<div id=\"AdviadNativeVideo0\" class=\"AdviadNativeVideo\"><\/div>\n<p>Prezidentin k\u00f6m\u0259k\u00e7isi s\u00f6yl\u0259yib ki, erm\u0259ni lobbisinin Az\u0259rbaycana v\u0259 T\u00fcrkiy\u0259y\u0259 qar\u015f\u0131 dezinformasiyalar\u0131 davam edir.<\/p>\n<p>O, bu ilin avqustunda Az\u0259rbaycanla T\u00fcrkiy\u0259nin birg\u0259 h\u0259rbi t\u0259liml\u0259rind\u0259n d\u0259 dan\u0131\u015f\u0131b.<\/p>\n<p>Prezident Administrasiyas\u0131n\u0131n \u015f\u00f6b\u0259 m\u00fcdiri qeyd edib ki, bu t\u0259liml\u0259rin \u0259sas m\u0259qs\u0259di regionda s\u00fclh\u00fcn, sabitliyin t\u0259min olunmas\u0131d\u0131r.<\/p>\n","protected":false},"excerpt":{"rendered":"<p>\u201cTovuz d\u00f6y\u00fc\u015fl\u0259ri s\u0259rh\u0259dd\u0259 ba\u015f ver\u0259n adi hadis\u0259 deyildi, bu, \u00f6nc\u0259d\u0259n planla\u015fd\u0131r\u0131lan, geni\u015fmiqyasl\u0131 strateji m\u0259qs\u0259dl\u0259ri g\u00fcd\u0259n plan idi. Bu plan\u0131n qar\u015f\u0131s\u0131n\u0131 da Az\u0259rbaycan-T\u00fcrkiy\u0259 qarda\u015fl\u0131\u011f\u0131, birg\u0259 \u0259zmimiz\u00a0ald\u0131\u201d. Bunu T\u00fcrkiy\u0259d\u0259 s\u0259f\u0259rd\u0259 olan \u00a0Az\u0259rbaycan Prezidentinin k\u00f6m\u0259k\u00e7isi &#8211; Prezident Administrasiyas\u0131n\u0131n xarici siyas\u0259t m\u0259s\u0259l\u0259l\u0259ri \u015f\u00f6b\u0259sinin m\u00fcdiri Hikm\u0259t Hac\u0131yev \u201cHaber Global\u201d\u0131n efirind\u0259 deyib. H.Hac\u0131yev bildirib ki, erm\u0259ni lobbisi Tovuz d\u00f6y\u00fc\u015fl\u0259rind\u0259n sonra \u00f6zl\u0259rin\u0259 t\u0259r\u0259fdar toplamaq \u00fc\u00e7\u00fcn h\u0259d\u0259fl\u0259rin\u0259 nail ola bilm\u0259yib. Prezidentin k\u00f6m\u0259k\u00e7isi s\u00f6yl\u0259yib ki, erm\u0259ni lobbisinin Az\u0259rbaycana v\u0259 T\u00fcrkiy\u0259y\u0259 qar\u015f\u0131 dezinformasiyalar\u0131 davam edir. O, bu ilin avqustunda Az\u0259rbaycanla T\u00fcrkiy\u0259nin birg\u0259 h\u0259rbi t\u0259liml\u0259rind\u0259n d\u0259 dan\u0131\u015f\u0131b. Prezident Administrasiyas\u0131n\u0131n \u015f\u00f6b\u0259 m\u00fcdiri&hellip;<\/p>\n","protected":false},"author":2,"featured_media":217157,"comment_status":"closed","ping_status":"closed","sticky":false,"template":"","format":"standard","meta":{"om_disable_all_campaigns":false,"_monsterinsights_skip_tracking":false,"_monsterinsights_sitenote_active":false,"_monsterinsights_sitenote_note":"","_monsterinsights_sitenote_category":0},"categories":[4],"tags":[],"aioseo_notices":[],"gutentor_comment":0,"rttpg_featured_image_url":{"full":["https:\/\/arantv.az\/wp-content\/uploads\/2020\/09\/cast.jpg",620,370,false],"landscape":["https:\/\/arantv.az\/wp-content\/uploads\/2020\/09\/cast.jpg",620,370,false],"portraits":["https:\/\/arantv.az\/wp-content\/uploads\/2020\/09\/cast.jpg",620,370,false],"thumbnail":["https:\/\/arantv.az\/wp-content\/uploads\/2020\/09\/cast-150x150.jpg",150,150,true],"medium":["https:\/\/arantv.az\/wp-content\/uploads\/2020\/09\/cast-300x179.jpg",300,179,true],"large":["https:\/\/arantv.az\/wp-content\/uploads\/2020\/09\/cast.jpg",620,370,false],"1536x1536":["https:\/\/arantv.az\/wp-content\/uploads\/2020\/09\/cast.jpg",620,370,false],"2048x2048":["https:\/\/arantv.az\/wp-content\/uploads\/2020\/09\/cast.jpg",620,370,false],"post-thumbnail":["https:\/\/arantv.az\/wp-content\/uploads\/2020\/09\/cast-240x172.jpg",240,172,true],"advps-thumb-one":["https:\/\/arantv.az\/wp-content\/uploads\/2020\/09\/cast.jpg",620,370,false]},"rttpg_author":{"display_name":"V\u00fcsal Rafiqo\u011flu","author_link":"https:\/\/arantv.az\/?author=2"},"rttpg_comment":0,"rttpg_category":"<a href=\"https:\/\/arantv.az\/?cat=4\" rel=\"category\">Siyas\u0259t<\/a>","rttpg_excerpt":"\u201cTovuz d\u00f6y\u00fc\u015fl\u0259ri s\u0259rh\u0259dd\u0259 ba\u015f ver\u0259n adi hadis\u0259 deyildi, bu, \u00f6nc\u0259d\u0259n planla\u015fd\u0131r\u0131lan, geni\u015fmiqyasl\u0131 strateji m\u0259qs\u0259dl\u0259ri g\u00fcd\u0259n plan idi. Bu plan\u0131n qar\u015f\u0131s\u0131n\u0131 da Az\u0259rbaycan-T\u00fcrkiy\u0259 qarda\u015fl\u0131\u011f\u0131, birg\u0259 \u0259zmimiz\u00a0ald\u0131\u201d. Bunu T\u00fcrkiy\u0259d\u0259 s\u0259f\u0259rd\u0259 olan \u00a0Az\u0259rbaycan Prezidentinin k\u00f6m\u0259k\u00e7isi &#8211; Prezident Administrasiyas\u0131n\u0131n xarici siyas\u0259t m\u0259s\u0259l\u0259l\u0259ri \u015f\u00f6b\u0259sinin m\u00fcdiri Hikm\u0259t Hac\u0131yev \u201cHaber Global\u201d\u0131n efirind\u0259 deyib. H.Hac\u0131yev bildirib ki, erm\u0259ni lobbisi Tovuz d\u00f6y\u00fc\u015fl\u0259rind\u0259n sonra \u00f6zl\u0259rin\u0259&hellip;","_links":{"self":[{"href":"https:\/\/arantv.az\/index.php?rest_route=\/wp\/v2\/posts\/217156"}],"collection":[{"href":"https:\/\/arantv.az\/index.php?rest_route=\/wp\/v2\/posts"}],"about":[{"href":"https:\/\/arantv.az\/index.php?rest_route=\/wp\/v2\/types\/post"}],"author":[{"embeddable":true,"href":"https:\/\/arantv.az\/index.php?rest_route=\/wp\/v2\/users\/2"}],"replies":[{"embeddable":true,"href":"https:\/\/arantv.az\/index.php?rest_route=%2Fwp%2Fv2%2Fcomments&post=217156"}],"version-history":[{"count":0,"href":"https:\/\/arantv.az\/index.php?rest_route=\/wp\/v2\/posts\/217156\/revisions"}],"wp:featuredmedia":[{"embeddable":true,"href":"https:\/\/arantv.az\/index.php?rest_route=\/wp\/v2\/media\/217157"}],"wp:attachment":[{"href":"https:\/\/arantv.az\/index.php?rest_route=%2Fwp%2Fv2%2Fmedia&parent=217156"}],"wp:term":[{"taxonomy":"category","embeddable":true,"href":"https:\/\/arantv.az\/index.php?rest_route=%2Fwp%2Fv2%2Fcategories&post=217156"},{"taxonomy":"post_tag","embeddable":true,"href":"https:\/\/arantv.az\/index.php?rest_route=%2Fwp%2Fv2%2Ftags&post=217156"}],"curies":[{"name":"wp","href":"https:\/\/api.w.org\/{rel}","templated":true}]}}