{"id":217168,"date":"2020-09-08T08:28:14","date_gmt":"2020-09-08T05:28:14","guid":{"rendered":"http:\/\/arantv.az\/?p=217168"},"modified":"2020-09-08T08:28:14","modified_gmt":"2020-09-08T05:28:14","slug":"ic%c9%99ris%c9%99h%c9%99rd%c9%99-tarixi-karvansarayda-b%c9%99rpa-isl%c9%99rin%c9%99-baslanildi","status":"publish","type":"post","link":"https:\/\/arantv.az\/?p=217168","title":{"rendered":"\u0130\u00e7\u0259ri\u015f\u0259h\u0259rd\u0259 tarixi karvansarayda b\u0259rpa i\u015fl\u0259rin\u0259 ba\u015flan\u0131ld\u0131"},"content":{"rendered":"<p>\u0130\u00e7\u0259ri\u015f\u0259h\u0259rd\u0259 XIV \u0259sr\u0259 aid q\u0259dim \u201cMultan\u0131\u201d karvansaray\u0131nda b\u0259rpa-konservasiya i\u015fl\u0259rin\u0259 ba\u015flan\u0131l\u0131b.<\/p>\n<p>Bu bar\u0259d\u0259 \u0130\u00e7\u0259ri\u015f\u0259h\u0259r D\u00f6vl\u0259t Tarix-Memarl\u0131q Qoruq \u0130dar\u0259sind\u0259n m\u0259lumat verilib.<\/p>\n<div id=\"AdviadNativeVideo0\" class=\"AdviadNativeVideo\"><\/div>\n<p>Bildirilib ki, haz\u0131rda \u0130\u00e7\u0259ri\u015f\u0259h\u0259rd\u0259 d\u00f6rd karvansara g\u00fcn\u00fcm\u00fcz\u0259d\u0259k qorunub saxlan\u0131b. Bunlar Ki\u00e7ik karvansaray (v\u0259 ya \u201cXan\u201d karvansaras\u0131), \u0130kim\u0259rt\u0259b\u0259li karvansaray, \u201cBuxara\u201d v\u0259 \u201cMultan\u0131\u201d karvansaraylar\u0131d\u0131r. \u018fsrl\u0259r boyu m\u00fcxt\u0259lif \u00f6lk\u0259l\u0259rd\u0259n g\u0259l\u0259n tacir v\u0259 s\u0259yyahlar ayr\u0131-ayr\u0131 karvansaraylarda qal\u0131rd\u0131lar. Bak\u0131n\u0131n tarixi \u00f6z\u0259yi olan \u0130\u00e7\u0259ri\u015f\u0259h\u0259rd\u0259 qorunub saxlanm\u0131\u015f \u201cMultan\u0131\u201d karvansaray\u0131 da bunlardan biridir.<\/p>\n<p>XIV \u0259sr\u0259 aid bu \u00f6lk\u0259 \u0259h\u0259miyy\u0259tli abid\u0259 daha q\u0259dim bir tikilinin \u00fcz\u0259rind\u0259 in\u015fa edilib. M\u00fcasir g\u00fcn\u00fcm\u00fcz\u0259 kimi qorunub saxlanan bu tarixi m\u0259kan\u0131n q\u0259dimliyini, tarixi g\u00f6r\u00fcn\u00fc\u015f\u00fcn\u00fc qoruyub saxlamaq m\u0259qs\u0259di il\u0259 h\u0259yata ke\u00e7iril\u0259c\u0259k b\u0259rpa-konservasiya i\u015fl\u0259ri \u0130dar\u0259nin sifari\u015fi il\u0259 Avstriyan\u0131n tarixi abid\u0259l\u0259rin b\u0259rpas\u0131 i\u015fi \u00fczr\u0259 ixtisasla\u015fm\u0131\u015f v\u0259 son 10 il \u0259rzind\u0259 \u0130\u00e7\u0259ri\u015f\u0259h\u0259rd\u0259 bir \u00e7ox m\u00fch\u00fcm abid\u0259l\u0259rd\u0259 (o c\u00fcml\u0259d\u0259n, Q\u0131z Qalas\u0131, \u015eirvan\u015fahlar Saray\u0131 Kompleksi, B\u0259yl\u0259r m\u0259scidi, Qo\u015fa Qala Qap\u0131lar\u0131n\u0131n portal\u0131, Qala divarlar\u0131, Yeralt\u0131 hamam v\u0259 s.) u\u011furla \u0259n m\u00fcasir b\u0259rpa-konservasiya texnologiyalar\u0131n istifad\u0259si il\u0259 irimiqyasl\u0131 i\u015fl\u0259r aparan \u201cAtelier Erich Pummer\u201d \u015firk\u0259tinin m\u00fct\u0259x\u0259ssisl\u0259ri t\u0259r\u0259find\u0259n apar\u0131l\u0131r.<\/p>\n<p>Qeyd ed\u0259k ki, \u201cMultan\u0131\u201d karvansaray\u0131nda b\u0259rpa i\u015fl\u0259rinin 2022-ci ilin sonunda tamamlanmas\u0131 n\u0259z\u0259rd\u0259 tutulur.<\/p>\n","protected":false},"excerpt":{"rendered":"<p>\u0130\u00e7\u0259ri\u015f\u0259h\u0259rd\u0259 XIV \u0259sr\u0259 aid q\u0259dim \u201cMultan\u0131\u201d karvansaray\u0131nda b\u0259rpa-konservasiya i\u015fl\u0259rin\u0259 ba\u015flan\u0131l\u0131b. Bu bar\u0259d\u0259 \u0130\u00e7\u0259ri\u015f\u0259h\u0259r D\u00f6vl\u0259t Tarix-Memarl\u0131q Qoruq \u0130dar\u0259sind\u0259n m\u0259lumat verilib. Bildirilib ki, haz\u0131rda \u0130\u00e7\u0259ri\u015f\u0259h\u0259rd\u0259 d\u00f6rd karvansara g\u00fcn\u00fcm\u00fcz\u0259d\u0259k qorunub saxlan\u0131b. Bunlar Ki\u00e7ik karvansaray (v\u0259 ya \u201cXan\u201d karvansaras\u0131), \u0130kim\u0259rt\u0259b\u0259li karvansaray, \u201cBuxara\u201d v\u0259 \u201cMultan\u0131\u201d karvansaraylar\u0131d\u0131r. \u018fsrl\u0259r boyu m\u00fcxt\u0259lif \u00f6lk\u0259l\u0259rd\u0259n g\u0259l\u0259n tacir v\u0259 s\u0259yyahlar ayr\u0131-ayr\u0131 karvansaraylarda qal\u0131rd\u0131lar. Bak\u0131n\u0131n tarixi \u00f6z\u0259yi olan \u0130\u00e7\u0259ri\u015f\u0259h\u0259rd\u0259 qorunub saxlanm\u0131\u015f \u201cMultan\u0131\u201d karvansaray\u0131 da bunlardan biridir. XIV \u0259sr\u0259 aid bu \u00f6lk\u0259 \u0259h\u0259miyy\u0259tli abid\u0259 daha q\u0259dim bir tikilinin \u00fcz\u0259rind\u0259 in\u015fa edilib. M\u00fcasir g\u00fcn\u00fcm\u00fcz\u0259 kimi qorunub saxlanan bu tarixi m\u0259kan\u0131n q\u0259dimliyini, tarixi g\u00f6r\u00fcn\u00fc\u015f\u00fcn\u00fc qoruyub&hellip;<\/p>\n","protected":false},"author":2,"featured_media":217169,"comment_status":"closed","ping_status":"closed","sticky":false,"template":"","format":"standard","meta":{"om_disable_all_campaigns":false,"_monsterinsights_skip_tracking":false,"_monsterinsights_sitenote_active":false,"_monsterinsights_sitenote_note":"","_monsterinsights_sitenote_category":0},"categories":[26],"tags":[],"aioseo_notices":[],"gutentor_comment":0,"rttpg_featured_image_url":{"full":["https:\/\/arantv.az\/wp-content\/uploads\/2020\/09\/118825617_10222808580901488_6366266305521311259_o.jpg",590,337,false],"landscape":["https:\/\/arantv.az\/wp-content\/uploads\/2020\/09\/118825617_10222808580901488_6366266305521311259_o.jpg",590,337,false],"portraits":["https:\/\/arantv.az\/wp-content\/uploads\/2020\/09\/118825617_10222808580901488_6366266305521311259_o.jpg",590,337,false],"thumbnail":["https:\/\/arantv.az\/wp-content\/uploads\/2020\/09\/118825617_10222808580901488_6366266305521311259_o-150x150.jpg",150,150,true],"medium":["https:\/\/arantv.az\/wp-content\/uploads\/2020\/09\/118825617_10222808580901488_6366266305521311259_o-300x171.jpg",300,171,true],"large":["https:\/\/arantv.az\/wp-content\/uploads\/2020\/09\/118825617_10222808580901488_6366266305521311259_o.jpg",590,337,false],"1536x1536":["https:\/\/arantv.az\/wp-content\/uploads\/2020\/09\/118825617_10222808580901488_6366266305521311259_o.jpg",590,337,false],"2048x2048":["https:\/\/arantv.az\/wp-content\/uploads\/2020\/09\/118825617_10222808580901488_6366266305521311259_o.jpg",590,337,false],"post-thumbnail":["https:\/\/arantv.az\/wp-content\/uploads\/2020\/09\/118825617_10222808580901488_6366266305521311259_o-240x172.jpg",240,172,true],"advps-thumb-one":["https:\/\/arantv.az\/wp-content\/uploads\/2020\/09\/118825617_10222808580901488_6366266305521311259_o.jpg",590,337,false]},"rttpg_author":{"display_name":"V\u00fcsal Rafiqo\u011flu","author_link":"https:\/\/arantv.az\/?author=2"},"rttpg_comment":0,"rttpg_category":"<a href=\"https:\/\/arantv.az\/?cat=26\" rel=\"category\">Sosial<\/a>","rttpg_excerpt":"\u0130\u00e7\u0259ri\u015f\u0259h\u0259rd\u0259 XIV \u0259sr\u0259 aid q\u0259dim \u201cMultan\u0131\u201d karvansaray\u0131nda b\u0259rpa-konservasiya i\u015fl\u0259rin\u0259 ba\u015flan\u0131l\u0131b. Bu bar\u0259d\u0259 \u0130\u00e7\u0259ri\u015f\u0259h\u0259r D\u00f6vl\u0259t Tarix-Memarl\u0131q Qoruq \u0130dar\u0259sind\u0259n m\u0259lumat verilib. Bildirilib ki, haz\u0131rda \u0130\u00e7\u0259ri\u015f\u0259h\u0259rd\u0259 d\u00f6rd karvansara g\u00fcn\u00fcm\u00fcz\u0259d\u0259k qorunub saxlan\u0131b. Bunlar Ki\u00e7ik karvansaray (v\u0259 ya \u201cXan\u201d karvansaras\u0131), \u0130kim\u0259rt\u0259b\u0259li karvansaray, \u201cBuxara\u201d v\u0259 \u201cMultan\u0131\u201d karvansaraylar\u0131d\u0131r. \u018fsrl\u0259r boyu m\u00fcxt\u0259lif \u00f6lk\u0259l\u0259rd\u0259n g\u0259l\u0259n tacir v\u0259 s\u0259yyahlar ayr\u0131-ayr\u0131 karvansaraylarda qal\u0131rd\u0131lar. Bak\u0131n\u0131n tarixi \u00f6z\u0259yi&hellip;","_links":{"self":[{"href":"https:\/\/arantv.az\/index.php?rest_route=\/wp\/v2\/posts\/217168"}],"collection":[{"href":"https:\/\/arantv.az\/index.php?rest_route=\/wp\/v2\/posts"}],"about":[{"href":"https:\/\/arantv.az\/index.php?rest_route=\/wp\/v2\/types\/post"}],"author":[{"embeddable":true,"href":"https:\/\/arantv.az\/index.php?rest_route=\/wp\/v2\/users\/2"}],"replies":[{"embeddable":true,"href":"https:\/\/arantv.az\/index.php?rest_route=%2Fwp%2Fv2%2Fcomments&post=217168"}],"version-history":[{"count":0,"href":"https:\/\/arantv.az\/index.php?rest_route=\/wp\/v2\/posts\/217168\/revisions"}],"wp:featuredmedia":[{"embeddable":true,"href":"https:\/\/arantv.az\/index.php?rest_route=\/wp\/v2\/media\/217169"}],"wp:attachment":[{"href":"https:\/\/arantv.az\/index.php?rest_route=%2Fwp%2Fv2%2Fmedia&parent=217168"}],"wp:term":[{"taxonomy":"category","embeddable":true,"href":"https:\/\/arantv.az\/index.php?rest_route=%2Fwp%2Fv2%2Fcategories&post=217168"},{"taxonomy":"post_tag","embeddable":true,"href":"https:\/\/arantv.az\/index.php?rest_route=%2Fwp%2Fv2%2Ftags&post=217168"}],"curies":[{"name":"wp","href":"https:\/\/api.w.org\/{rel}","templated":true}]}}