{"id":21719,"date":"2018-10-27T14:01:06","date_gmt":"2018-10-27T11:01:06","guid":{"rendered":"http:\/\/arantv.az\/?p=21719"},"modified":"2018-10-27T14:02:02","modified_gmt":"2018-10-27T11:02:02","slug":"dask%c9%99s%c9%99n%c9%99-guclu-qar-yagdi-fotolar","status":"publish","type":"post","link":"https:\/\/arantv.az\/?p=21719","title":{"rendered":"Da\u015fk\u0259s\u0259n\u0259 g\u00fccl\u00fc qar ya\u011fd\u0131 &#8211; Fotolar"},"content":{"rendered":"<p><strong>Az\u0259rbaycan\u0131n da\u011fl\u0131q rayonlardan olan Da\u015fk\u0259s\u0259n\u0259 ilk qar ya\u011f\u0131b.\u00a0<\/strong><\/p>\n<p><strong>ARANTV.AZ<\/strong> x\u0259b\u0259r verir ki, g\u00fcnorta saatlar\u0131ndan ya\u011fan sulu qar ax\u015fam saatlar\u0131nda qara \u00e7evrilib. Ucqar k\u0259ndl\u0259r\u0259 nisb\u0259t\u0259n rayon m\u0259rk\u0259zind\u0259 daha az m\u00fc\u015fahid\u0259 edil\u0259n qar he\u00e7 bir f\u0259sada yol a\u00e7may\u0131b.<\/p>\n<p>Ya\u011fan qar\u0131n \u00f6rt\u00fcy\u00fcn\u00fcn qal\u0131nl\u0131\u011f\u0131 Da\u015fk\u0259s\u0259n rayon m\u0259rk\u0259zind\u0259 az m\u00fc\u015fahid\u0259 edils\u0259 d\u0259, daha y\u00fcks\u0259klikd\u0259 yerl\u0259\u015f\u0259n Xo\u015fbulaq, \u00c7\u0131raql\u0131, \u018fmirvar, Qabaqt\u0259p\u0259, Astaf, Alaxan\u00e7all\u0131 kimi da\u011f k\u0259ndl\u0259rind\u0259 15-20 santimetr\u0259 \u00e7at\u0131b.<\/p>\n<p>Rayon \u0130cra Hakimiyy\u0259tinin Ba\u015f\u00e7\u0131s\u0131 \u018fh\u0259d Ab\u0131yevin tap\u015f\u0131r\u0131\u011f\u0131na uy\u011fun olaraq k\u0259ndl\u0259raras\u0131 yollarda, o c\u00fcml\u0259d\u0259n yeni in\u015fa olunmu\u015f 25 kilometrlik Da\u015fk\u0259s\u0259n- \u018fmirvar-Qabaqt\u0259p\u0259 avtomobil yolunda qar\u0131n n\u0259qliyyat\u0131n h\u0259r\u0259k\u0259tin\u0259 \u00e7\u0259tinlik yaratmamas\u0131 \u00fc\u00e7\u00fcn rayonun m\u00fcvafiq yol xidm\u0259ti strukturlar\u0131 s\u0259f\u0259rb\u0259r olunaraq t\u0259mizl\u0259m\u0259 i\u015fl\u0259ri apar\u0131b.<\/p>\n<p><img class=\"img-responsive\" title=\"\" src=\"http:\/\/qafqazinfo.az\/uploads\/1540632976\/0002.jpg\" alt=\"\" \/><br \/>\n<img class=\"img-responsive\" title=\"\" src=\"http:\/\/qafqazinfo.az\/uploads\/1540632976\/0003.jpg\" alt=\"\" \/><\/p>\n<p>qafqazinfo<\/p>\n","protected":false},"excerpt":{"rendered":"<p>Az\u0259rbaycan\u0131n da\u011fl\u0131q rayonlardan olan Da\u015fk\u0259s\u0259n\u0259 ilk qar ya\u011f\u0131b.\u00a0 ARANTV.AZ x\u0259b\u0259r verir ki, g\u00fcnorta saatlar\u0131ndan ya\u011fan sulu qar ax\u015fam saatlar\u0131nda qara \u00e7evrilib. Ucqar k\u0259ndl\u0259r\u0259 nisb\u0259t\u0259n rayon m\u0259rk\u0259zind\u0259 daha az m\u00fc\u015fahid\u0259 edil\u0259n qar he\u00e7 bir f\u0259sada yol a\u00e7may\u0131b. Ya\u011fan qar\u0131n \u00f6rt\u00fcy\u00fcn\u00fcn qal\u0131nl\u0131\u011f\u0131 Da\u015fk\u0259s\u0259n rayon m\u0259rk\u0259zind\u0259 az m\u00fc\u015fahid\u0259 edils\u0259 d\u0259, daha y\u00fcks\u0259klikd\u0259 yerl\u0259\u015f\u0259n Xo\u015fbulaq, \u00c7\u0131raql\u0131, \u018fmirvar, Qabaqt\u0259p\u0259, Astaf, Alaxan\u00e7all\u0131 kimi da\u011f k\u0259ndl\u0259rind\u0259 15-20 santimetr\u0259 \u00e7at\u0131b. Rayon \u0130cra Hakimiyy\u0259tinin Ba\u015f\u00e7\u0131s\u0131 \u018fh\u0259d Ab\u0131yevin tap\u015f\u0131r\u0131\u011f\u0131na uy\u011fun olaraq k\u0259ndl\u0259raras\u0131 yollarda, o c\u00fcml\u0259d\u0259n yeni in\u015fa olunmu\u015f 25 kilometrlik Da\u015fk\u0259s\u0259n- \u018fmirvar-Qabaqt\u0259p\u0259 avtomobil yolunda qar\u0131n n\u0259qliyyat\u0131n h\u0259r\u0259k\u0259tin\u0259 \u00e7\u0259tinlik yaratmamas\u0131 \u00fc\u00e7\u00fcn&hellip;<\/p>\n","protected":false},"author":2,"featured_media":21720,"comment_status":"closed","ping_status":"closed","sticky":false,"template":"","format":"standard","meta":{"om_disable_all_campaigns":false,"_monsterinsights_skip_tracking":false,"_monsterinsights_sitenote_active":false,"_monsterinsights_sitenote_note":"","_monsterinsights_sitenote_category":0},"categories":[2],"tags":[],"aioseo_notices":[],"gutentor_comment":0,"rttpg_featured_image_url":{"full":["https:\/\/arantv.az\/wp-content\/uploads\/2018\/10\/01111.jpg",637,400,false],"landscape":["https:\/\/arantv.az\/wp-content\/uploads\/2018\/10\/01111.jpg",637,400,false],"portraits":["https:\/\/arantv.az\/wp-content\/uploads\/2018\/10\/01111.jpg",637,400,false],"thumbnail":["https:\/\/arantv.az\/wp-content\/uploads\/2018\/10\/01111-150x150.jpg",150,150,true],"medium":["https:\/\/arantv.az\/wp-content\/uploads\/2018\/10\/01111-300x188.jpg",300,188,true],"large":["https:\/\/arantv.az\/wp-content\/uploads\/2018\/10\/01111.jpg",637,400,false],"1536x1536":["https:\/\/arantv.az\/wp-content\/uploads\/2018\/10\/01111.jpg",637,400,false],"2048x2048":["https:\/\/arantv.az\/wp-content\/uploads\/2018\/10\/01111.jpg",637,400,false],"post-thumbnail":["https:\/\/arantv.az\/wp-content\/uploads\/2018\/10\/01111-240x172.jpg",240,172,true],"advps-thumb-one":["https:\/\/arantv.az\/wp-content\/uploads\/2018\/10\/01111.jpg",637,400,false]},"rttpg_author":{"display_name":"V\u00fcsal Rafiqo\u011flu","author_link":"https:\/\/arantv.az\/?author=2"},"rttpg_comment":0,"rttpg_category":"<a href=\"https:\/\/arantv.az\/?cat=2\" rel=\"category\">Region X\u0259b\u0259rl\u0259ri<\/a>","rttpg_excerpt":"Az\u0259rbaycan\u0131n da\u011fl\u0131q rayonlardan olan Da\u015fk\u0259s\u0259n\u0259 ilk qar ya\u011f\u0131b.\u00a0 ARANTV.AZ x\u0259b\u0259r verir ki, g\u00fcnorta saatlar\u0131ndan ya\u011fan sulu qar ax\u015fam saatlar\u0131nda qara \u00e7evrilib. Ucqar k\u0259ndl\u0259r\u0259 nisb\u0259t\u0259n rayon m\u0259rk\u0259zind\u0259 daha az m\u00fc\u015fahid\u0259 edil\u0259n qar he\u00e7 bir f\u0259sada yol a\u00e7may\u0131b. Ya\u011fan qar\u0131n \u00f6rt\u00fcy\u00fcn\u00fcn qal\u0131nl\u0131\u011f\u0131 Da\u015fk\u0259s\u0259n rayon m\u0259rk\u0259zind\u0259 az m\u00fc\u015fahid\u0259 edils\u0259 d\u0259, daha y\u00fcks\u0259klikd\u0259 yerl\u0259\u015f\u0259n Xo\u015fbulaq, \u00c7\u0131raql\u0131, \u018fmirvar, Qabaqt\u0259p\u0259, Astaf,&hellip;","_links":{"self":[{"href":"https:\/\/arantv.az\/index.php?rest_route=\/wp\/v2\/posts\/21719"}],"collection":[{"href":"https:\/\/arantv.az\/index.php?rest_route=\/wp\/v2\/posts"}],"about":[{"href":"https:\/\/arantv.az\/index.php?rest_route=\/wp\/v2\/types\/post"}],"author":[{"embeddable":true,"href":"https:\/\/arantv.az\/index.php?rest_route=\/wp\/v2\/users\/2"}],"replies":[{"embeddable":true,"href":"https:\/\/arantv.az\/index.php?rest_route=%2Fwp%2Fv2%2Fcomments&post=21719"}],"version-history":[{"count":0,"href":"https:\/\/arantv.az\/index.php?rest_route=\/wp\/v2\/posts\/21719\/revisions"}],"wp:featuredmedia":[{"embeddable":true,"href":"https:\/\/arantv.az\/index.php?rest_route=\/wp\/v2\/media\/21720"}],"wp:attachment":[{"href":"https:\/\/arantv.az\/index.php?rest_route=%2Fwp%2Fv2%2Fmedia&parent=21719"}],"wp:term":[{"taxonomy":"category","embeddable":true,"href":"https:\/\/arantv.az\/index.php?rest_route=%2Fwp%2Fv2%2Fcategories&post=21719"},{"taxonomy":"post_tag","embeddable":true,"href":"https:\/\/arantv.az\/index.php?rest_route=%2Fwp%2Fv2%2Ftags&post=21719"}],"curies":[{"name":"wp","href":"https:\/\/api.w.org\/{rel}","templated":true}]}}