{"id":21732,"date":"2018-10-27T14:20:16","date_gmt":"2018-10-27T11:20:16","guid":{"rendered":"http:\/\/arantv.az\/?p=21732"},"modified":"2018-10-27T14:20:16","modified_gmt":"2018-10-27T11:20:16","slug":"putin-turkiy%c9%99y%c9%99-getdi","status":"publish","type":"post","link":"https:\/\/arantv.az\/?p=21732","title":{"rendered":"Putin T\u00fcrkiy\u0259y\u0259 getdi"},"content":{"rendered":"<p>Rusiya prezidenti\u00a0<strong>Vladimir Putin<\/strong>\u00a0T\u00fcrkiy\u0259y\u0259 s\u0259f\u0259r edib.<\/p>\n<p><b>ARANTV.AZ <\/b>oxu.az-a<b>\u00a0<\/b>istinad\u0259n x\u0259b\u0259r verir ki, Putin T\u00fcrkiy\u0259d\u0259 ke\u00e7iril\u0259c\u0259k Suriya m\u0259s\u0259l\u0259si il\u0259 ba\u011fl\u0131 T\u00fcrkiy\u0259, Rusiya, Almaniya v\u0259 Fransa liderl\u0259rinin d\u00f6rdt\u0259r\u0259fli toplant\u0131s\u0131nda i\u015fitrak ed\u0259c\u0259k.<\/p>\n<div id=\"AdributorNativeVideo0\" class=\"AdributorNativeVideo\"><\/div>\n<p>Putini Atat\u00fcrk aeroportunda\u0130stanbul valisi Vasip \u015eahin, \u0130stanbul b\u00f6y\u00fck\u015f\u0259h\u0259r b\u0259l\u0259diyy\u0259sinin s\u0259dri M\u00f6vlud Uysal v\u0259 dig\u0259rl\u0259ri qar\u015f\u0131lay\u0131b.<\/p>\n<p>S\u0259f\u0259r zaman\u0131 Putinin t\u00fcrkiy\u0259li h\u0259mkar\u0131 R\u0259c\u0259b Tayyib \u018frdo\u011fanla da t\u0259kb\u0259t\u0259k g\u00f6r\u00fc\u015f\u00fc planla\u015fd\u0131r\u0131l\u0131b.<\/p>\n","protected":false},"excerpt":{"rendered":"<p>Rusiya prezidenti\u00a0Vladimir Putin\u00a0T\u00fcrkiy\u0259y\u0259 s\u0259f\u0259r edib. ARANTV.AZ oxu.az-a\u00a0istinad\u0259n x\u0259b\u0259r verir ki, Putin T\u00fcrkiy\u0259d\u0259 ke\u00e7iril\u0259c\u0259k Suriya m\u0259s\u0259l\u0259si il\u0259 ba\u011fl\u0131 T\u00fcrkiy\u0259, Rusiya, Almaniya v\u0259 Fransa liderl\u0259rinin d\u00f6rdt\u0259r\u0259fli toplant\u0131s\u0131nda i\u015fitrak ed\u0259c\u0259k. Putini Atat\u00fcrk aeroportunda\u0130stanbul valisi Vasip \u015eahin, \u0130stanbul b\u00f6y\u00fck\u015f\u0259h\u0259r b\u0259l\u0259diyy\u0259sinin s\u0259dri M\u00f6vlud Uysal v\u0259 dig\u0259rl\u0259ri qar\u015f\u0131lay\u0131b. S\u0259f\u0259r zaman\u0131 Putinin t\u00fcrkiy\u0259li h\u0259mkar\u0131 R\u0259c\u0259b Tayyib \u018frdo\u011fanla da t\u0259kb\u0259t\u0259k g\u00f6r\u00fc\u015f\u00fc planla\u015fd\u0131r\u0131l\u0131b.<\/p>\n","protected":false},"author":2,"featured_media":21733,"comment_status":"closed","ping_status":"closed","sticky":false,"template":"","format":"standard","meta":{"om_disable_all_campaigns":false,"_monsterinsights_skip_tracking":false,"_monsterinsights_sitenote_active":false,"_monsterinsights_sitenote_note":"","_monsterinsights_sitenote_category":0},"categories":[7],"tags":[],"aioseo_notices":[],"gutentor_comment":0,"rttpg_featured_image_url":{"full":["https:\/\/arantv.az\/wp-content\/uploads\/2018\/10\/put-1.jpg",620,349,false],"landscape":["https:\/\/arantv.az\/wp-content\/uploads\/2018\/10\/put-1.jpg",620,349,false],"portraits":["https:\/\/arantv.az\/wp-content\/uploads\/2018\/10\/put-1.jpg",620,349,false],"thumbnail":["https:\/\/arantv.az\/wp-content\/uploads\/2018\/10\/put-1-150x150.jpg",150,150,true],"medium":["https:\/\/arantv.az\/wp-content\/uploads\/2018\/10\/put-1-300x169.jpg",300,169,true],"large":["https:\/\/arantv.az\/wp-content\/uploads\/2018\/10\/put-1.jpg",620,349,false],"1536x1536":["https:\/\/arantv.az\/wp-content\/uploads\/2018\/10\/put-1.jpg",620,349,false],"2048x2048":["https:\/\/arantv.az\/wp-content\/uploads\/2018\/10\/put-1.jpg",620,349,false],"post-thumbnail":["https:\/\/arantv.az\/wp-content\/uploads\/2018\/10\/put-1-240x172.jpg",240,172,true],"advps-thumb-one":["https:\/\/arantv.az\/wp-content\/uploads\/2018\/10\/put-1.jpg",620,349,false]},"rttpg_author":{"display_name":"V\u00fcsal Rafiqo\u011flu","author_link":"https:\/\/arantv.az\/?author=2"},"rttpg_comment":0,"rttpg_category":"<a href=\"https:\/\/arantv.az\/?cat=7\" rel=\"category\">D\u00fcnya<\/a>","rttpg_excerpt":"Rusiya prezidenti\u00a0Vladimir Putin\u00a0T\u00fcrkiy\u0259y\u0259 s\u0259f\u0259r edib. ARANTV.AZ oxu.az-a\u00a0istinad\u0259n x\u0259b\u0259r verir ki, Putin T\u00fcrkiy\u0259d\u0259 ke\u00e7iril\u0259c\u0259k Suriya m\u0259s\u0259l\u0259si il\u0259 ba\u011fl\u0131 T\u00fcrkiy\u0259, Rusiya, Almaniya v\u0259 Fransa liderl\u0259rinin d\u00f6rdt\u0259r\u0259fli toplant\u0131s\u0131nda i\u015fitrak ed\u0259c\u0259k. Putini Atat\u00fcrk aeroportunda\u0130stanbul valisi Vasip \u015eahin, \u0130stanbul b\u00f6y\u00fck\u015f\u0259h\u0259r b\u0259l\u0259diyy\u0259sinin s\u0259dri M\u00f6vlud Uysal v\u0259 dig\u0259rl\u0259ri qar\u015f\u0131lay\u0131b. S\u0259f\u0259r zaman\u0131 Putinin t\u00fcrkiy\u0259li h\u0259mkar\u0131 R\u0259c\u0259b Tayyib \u018frdo\u011fanla da t\u0259kb\u0259t\u0259k g\u00f6r\u00fc\u015f\u00fc planla\u015fd\u0131r\u0131l\u0131b.","_links":{"self":[{"href":"https:\/\/arantv.az\/index.php?rest_route=\/wp\/v2\/posts\/21732"}],"collection":[{"href":"https:\/\/arantv.az\/index.php?rest_route=\/wp\/v2\/posts"}],"about":[{"href":"https:\/\/arantv.az\/index.php?rest_route=\/wp\/v2\/types\/post"}],"author":[{"embeddable":true,"href":"https:\/\/arantv.az\/index.php?rest_route=\/wp\/v2\/users\/2"}],"replies":[{"embeddable":true,"href":"https:\/\/arantv.az\/index.php?rest_route=%2Fwp%2Fv2%2Fcomments&post=21732"}],"version-history":[{"count":0,"href":"https:\/\/arantv.az\/index.php?rest_route=\/wp\/v2\/posts\/21732\/revisions"}],"wp:featuredmedia":[{"embeddable":true,"href":"https:\/\/arantv.az\/index.php?rest_route=\/wp\/v2\/media\/21733"}],"wp:attachment":[{"href":"https:\/\/arantv.az\/index.php?rest_route=%2Fwp%2Fv2%2Fmedia&parent=21732"}],"wp:term":[{"taxonomy":"category","embeddable":true,"href":"https:\/\/arantv.az\/index.php?rest_route=%2Fwp%2Fv2%2Fcategories&post=21732"},{"taxonomy":"post_tag","embeddable":true,"href":"https:\/\/arantv.az\/index.php?rest_route=%2Fwp%2Fv2%2Ftags&post=21732"}],"curies":[{"name":"wp","href":"https:\/\/api.w.org\/{rel}","templated":true}]}}