{"id":21770,"date":"2018-10-27T15:39:11","date_gmt":"2018-10-27T12:39:11","guid":{"rendered":"http:\/\/arantv.az\/?p=21770"},"modified":"2018-10-27T15:39:11","modified_gmt":"2018-10-27T12:39:11","slug":"az%c9%99rbaycan-deputati-gurcustanda-prezident-seckil%c9%99rini-musahid%c9%99-ed%c9%99c%c9%99k","status":"publish","type":"post","link":"https:\/\/arantv.az\/?p=21770","title":{"rendered":"Az\u0259rbaycan deputat\u0131 G\u00fcrc\u00fcstanda prezident se\u00e7kil\u0259rini m\u00fc\u015fahid\u0259 ed\u0259c\u0259k"},"content":{"rendered":"<p><strong>Az\u0259rbaycan deputat\u0131 G\u00fcrc\u00fcstanda prezident se\u00e7kil\u0259rini m\u00fc\u015fahid\u0259 ed\u0259c\u0259k.<\/strong><\/p>\n<p><strong>ARANTV.AZ<\/strong> trend-\u0259 istinad\u0259n bildirir ki,\u00a0Milli M\u0259clisin deputat\u0131 Musa Quliyev oktyabr\u0131n 27-d\u0259n 29-d\u0259k G\u00fcrc\u00fcstan\u0131n paytaxt\u0131 Tbilisid\u0259 s\u0259f\u0259rd\u0259 olacaq, Qara D\u0259niz \u0130qtisadi \u018fm\u0259kda\u015fl\u0131q T\u0259\u015fkilat\u0131 Parlament M\u0259clisinin x\u0259tti il\u0259 m\u00fc\u015fahid\u0259\u00e7i qismind\u0259 oktyabr\u0131n 28-d\u0259 ke\u00e7iril\u0259c\u0259k G\u00fcrc\u00fcstan Prezidenti se\u00e7kil\u0259rinin gedi\u015fini izl\u0259y\u0259c\u0259k.<\/p>\n<p>Se\u00e7ki g\u00fcn\u00fc deputat\u0131m\u0131z demokratik se\u00e7ki qaydalar\u0131na riay\u0259t edilm\u0259sin\u0259, m\u00fcxt\u0259lif se\u00e7ki m\u0259nt\u0259q\u0259l\u0259rind\u0259 irad\u0259sini ifad\u0259 ed\u0259n v\u0259t\u0259nda\u015flar\u0131n f\u0259all\u0131\u011f\u0131na, s\u0259sverm\u0259 prosesind\u0259 onlar\u0131n h\u00fcquqlar\u0131n\u0131n t\u0259min olunmas\u0131na diqq\u0259t yetir\u0259c\u0259k.<\/p>\n<div id=\"AdributorNativeVideo0\" class=\"AdributorNativeVideo\"><\/div>\n<p>S\u0259f\u0259r \u00e7\u0259r\u00e7iv\u0259sind\u0259 QD\u0130\u018fT PM-in m\u00fc\u015fahid\u0259 missiyas\u0131n\u0131n \u00fczvl\u0259ri il\u0259 birg\u0259 G\u00fcrc\u00fcstan MSK-n\u0131n t\u0259msil\u00e7il\u0259ri il\u0259 g\u00f6r\u00fc\u015f\u0259c\u0259k. Se\u00e7ki ba\u015fa \u00e7atd\u0131qdan sonra brifinqd\u0259 i\u015ftirak ed\u0259c\u0259k.<\/p>\n","protected":false},"excerpt":{"rendered":"<p>Az\u0259rbaycan deputat\u0131 G\u00fcrc\u00fcstanda prezident se\u00e7kil\u0259rini m\u00fc\u015fahid\u0259 ed\u0259c\u0259k. ARANTV.AZ trend-\u0259 istinad\u0259n bildirir ki,\u00a0Milli M\u0259clisin deputat\u0131 Musa Quliyev oktyabr\u0131n 27-d\u0259n 29-d\u0259k G\u00fcrc\u00fcstan\u0131n paytaxt\u0131 Tbilisid\u0259 s\u0259f\u0259rd\u0259 olacaq, Qara D\u0259niz \u0130qtisadi \u018fm\u0259kda\u015fl\u0131q T\u0259\u015fkilat\u0131 Parlament M\u0259clisinin x\u0259tti il\u0259 m\u00fc\u015fahid\u0259\u00e7i qismind\u0259 oktyabr\u0131n 28-d\u0259 ke\u00e7iril\u0259c\u0259k G\u00fcrc\u00fcstan Prezidenti se\u00e7kil\u0259rinin gedi\u015fini izl\u0259y\u0259c\u0259k. Se\u00e7ki g\u00fcn\u00fc deputat\u0131m\u0131z demokratik se\u00e7ki qaydalar\u0131na riay\u0259t edilm\u0259sin\u0259, m\u00fcxt\u0259lif se\u00e7ki m\u0259nt\u0259q\u0259l\u0259rind\u0259 irad\u0259sini ifad\u0259 ed\u0259n v\u0259t\u0259nda\u015flar\u0131n f\u0259all\u0131\u011f\u0131na, s\u0259sverm\u0259 prosesind\u0259 onlar\u0131n h\u00fcquqlar\u0131n\u0131n t\u0259min olunmas\u0131na diqq\u0259t yetir\u0259c\u0259k. S\u0259f\u0259r \u00e7\u0259r\u00e7iv\u0259sind\u0259 QD\u0130\u018fT PM-in m\u00fc\u015fahid\u0259 missiyas\u0131n\u0131n \u00fczvl\u0259ri il\u0259 birg\u0259 G\u00fcrc\u00fcstan MSK-n\u0131n t\u0259msil\u00e7il\u0259ri il\u0259 g\u00f6r\u00fc\u015f\u0259c\u0259k. Se\u00e7ki ba\u015fa \u00e7atd\u0131qdan sonra brifinqd\u0259 i\u015ftirak ed\u0259c\u0259k.<\/p>\n","protected":false},"author":2,"featured_media":21771,"comment_status":"closed","ping_status":"closed","sticky":false,"template":"","format":"standard","meta":{"om_disable_all_campaigns":false,"_monsterinsights_skip_tracking":false,"_monsterinsights_sitenote_active":false,"_monsterinsights_sitenote_note":"","_monsterinsights_sitenote_category":0},"categories":[1],"tags":[],"aioseo_notices":[],"gutentor_comment":0,"rttpg_featured_image_url":{"full":["https:\/\/arantv.az\/wp-content\/uploads\/2018\/10\/secki999.jpg",800,600,false],"landscape":["https:\/\/arantv.az\/wp-content\/uploads\/2018\/10\/secki999.jpg",800,600,false],"portraits":["https:\/\/arantv.az\/wp-content\/uploads\/2018\/10\/secki999.jpg",800,600,false],"thumbnail":["https:\/\/arantv.az\/wp-content\/uploads\/2018\/10\/secki999-150x150.jpg",150,150,true],"medium":["https:\/\/arantv.az\/wp-content\/uploads\/2018\/10\/secki999-300x225.jpg",300,225,true],"large":["https:\/\/arantv.az\/wp-content\/uploads\/2018\/10\/secki999.jpg",640,480,false],"1536x1536":["https:\/\/arantv.az\/wp-content\/uploads\/2018\/10\/secki999.jpg",800,600,false],"2048x2048":["https:\/\/arantv.az\/wp-content\/uploads\/2018\/10\/secki999.jpg",800,600,false],"post-thumbnail":["https:\/\/arantv.az\/wp-content\/uploads\/2018\/10\/secki999-240x172.jpg",240,172,true],"advps-thumb-one":["https:\/\/arantv.az\/wp-content\/uploads\/2018\/10\/secki999.jpg",800,600,false]},"rttpg_author":{"display_name":"V\u00fcsal Rafiqo\u011flu","author_link":"https:\/\/arantv.az\/?author=2"},"rttpg_comment":0,"rttpg_category":"<a href=\"https:\/\/arantv.az\/?cat=1\" rel=\"category\">C\u0259miyy\u0259t<\/a>","rttpg_excerpt":"Az\u0259rbaycan deputat\u0131 G\u00fcrc\u00fcstanda prezident se\u00e7kil\u0259rini m\u00fc\u015fahid\u0259 ed\u0259c\u0259k. ARANTV.AZ trend-\u0259 istinad\u0259n bildirir ki,\u00a0Milli M\u0259clisin deputat\u0131 Musa Quliyev oktyabr\u0131n 27-d\u0259n 29-d\u0259k G\u00fcrc\u00fcstan\u0131n paytaxt\u0131 Tbilisid\u0259 s\u0259f\u0259rd\u0259 olacaq, Qara D\u0259niz \u0130qtisadi \u018fm\u0259kda\u015fl\u0131q T\u0259\u015fkilat\u0131 Parlament M\u0259clisinin x\u0259tti il\u0259 m\u00fc\u015fahid\u0259\u00e7i qismind\u0259 oktyabr\u0131n 28-d\u0259 ke\u00e7iril\u0259c\u0259k G\u00fcrc\u00fcstan Prezidenti se\u00e7kil\u0259rinin gedi\u015fini izl\u0259y\u0259c\u0259k. Se\u00e7ki g\u00fcn\u00fc deputat\u0131m\u0131z demokratik se\u00e7ki qaydalar\u0131na riay\u0259t edilm\u0259sin\u0259, m\u00fcxt\u0259lif se\u00e7ki m\u0259nt\u0259q\u0259l\u0259rind\u0259 irad\u0259sini&hellip;","_links":{"self":[{"href":"https:\/\/arantv.az\/index.php?rest_route=\/wp\/v2\/posts\/21770"}],"collection":[{"href":"https:\/\/arantv.az\/index.php?rest_route=\/wp\/v2\/posts"}],"about":[{"href":"https:\/\/arantv.az\/index.php?rest_route=\/wp\/v2\/types\/post"}],"author":[{"embeddable":true,"href":"https:\/\/arantv.az\/index.php?rest_route=\/wp\/v2\/users\/2"}],"replies":[{"embeddable":true,"href":"https:\/\/arantv.az\/index.php?rest_route=%2Fwp%2Fv2%2Fcomments&post=21770"}],"version-history":[{"count":0,"href":"https:\/\/arantv.az\/index.php?rest_route=\/wp\/v2\/posts\/21770\/revisions"}],"wp:featuredmedia":[{"embeddable":true,"href":"https:\/\/arantv.az\/index.php?rest_route=\/wp\/v2\/media\/21771"}],"wp:attachment":[{"href":"https:\/\/arantv.az\/index.php?rest_route=%2Fwp%2Fv2%2Fmedia&parent=21770"}],"wp:term":[{"taxonomy":"category","embeddable":true,"href":"https:\/\/arantv.az\/index.php?rest_route=%2Fwp%2Fv2%2Fcategories&post=21770"},{"taxonomy":"post_tag","embeddable":true,"href":"https:\/\/arantv.az\/index.php?rest_route=%2Fwp%2Fv2%2Ftags&post=21770"}],"curies":[{"name":"wp","href":"https:\/\/api.w.org\/{rel}","templated":true}]}}