{"id":21776,"date":"2018-10-27T15:58:31","date_gmt":"2018-10-27T12:58:31","guid":{"rendered":"http:\/\/arantv.az\/?p=21776"},"modified":"2018-10-27T15:58:31","modified_gmt":"2018-10-27T12:58:31","slug":"ukrayna-prezidenti-turkiy%c9%99y%c9%99-r%c9%99smi-s%c9%99f%c9%99r%c9%99-ged%c9%99c%c9%99k","status":"publish","type":"post","link":"https:\/\/arantv.az\/?p=21776","title":{"rendered":"Ukrayna Prezidenti T\u00fcrkiy\u0259y\u0259 r\u0259smi s\u0259f\u0259r\u0259 ged\u0259c\u0259k"},"content":{"rendered":"<p><strong>Bu il noyabr\u0131n 3-d\u0259 Ukrayna Prezidenti Petro Poro\u015fenkonun T\u00fcrkiy\u0259y\u0259 r\u0259smi s\u0259f\u0259ri olacaq.<\/strong><\/p>\n<p><strong>ARANTV.AZ<\/strong> Report-a istinad\u0259n x\u0259b\u0259r verir ki, ali qonaq T\u00fcrkiy\u0259 &#8211; Ukrayna Y\u00fcks\u0259k S\u0259viyy\u0259li Strateji \u018fm\u0259kda\u015fl\u0131q \u015euras\u0131n\u0131n 7-ci iclas\u0131nda i\u015ftirak ed\u0259c\u0259k.<\/p>\n<p>T\u00fcrkiy\u0259nin diplomatik m\u0259nb\u0259l\u0259rin\u0259 g\u00f6r\u0259, siyas\u0259t, iqtisadiyyat, m\u00fcdafi\u0259, habel\u0259 m\u0259d\u0259niyy\u0259t v\u0259 t\u0259hsil sah\u0259l\u0259rind\u0259ki \u0259m\u0259kda\u015fl\u0131q \u0259laq\u0259l\u0259rinin daha da geni\u015fl\u0259ndirilm\u0259si m\u0259s\u0259l\u0259l\u0259rinin m\u00fczakir\u0259 edil\u0259c\u0259yi iclasda t\u0259r\u0259fl\u0259r s\u0259rb\u0259st ticar\u0259t, t\u0259hl\u00fck\u0259sizlik, terrorla m\u00fcbariz\u0259 il\u0259 ba\u011fl\u0131 imzalanacaq s\u0259n\u0259dl\u0259r \u0259traf\u0131nda m\u00fczakir\u0259l\u0259r aparacaqlar.<\/p>\n<div id=\"AdributorNativeVideo0\" class=\"AdributorNativeVideo\"><\/div>\n<p>Bununla yana\u015f\u0131, Kr\u0131m tatarlar\u0131n\u0131n haz\u0131rk\u0131 v\u0259ziyy\u0259tinin d\u0259 diqq\u0259t m\u0259rk\u0259zind\u0259 olaca\u011f\u0131 bildirilir.<\/p>\n","protected":false},"excerpt":{"rendered":"<p>Bu il noyabr\u0131n 3-d\u0259 Ukrayna Prezidenti Petro Poro\u015fenkonun T\u00fcrkiy\u0259y\u0259 r\u0259smi s\u0259f\u0259ri olacaq. ARANTV.AZ Report-a istinad\u0259n x\u0259b\u0259r verir ki, ali qonaq T\u00fcrkiy\u0259 &#8211; Ukrayna Y\u00fcks\u0259k S\u0259viyy\u0259li Strateji \u018fm\u0259kda\u015fl\u0131q \u015euras\u0131n\u0131n 7-ci iclas\u0131nda i\u015ftirak ed\u0259c\u0259k. T\u00fcrkiy\u0259nin diplomatik m\u0259nb\u0259l\u0259rin\u0259 g\u00f6r\u0259, siyas\u0259t, iqtisadiyyat, m\u00fcdafi\u0259, habel\u0259 m\u0259d\u0259niyy\u0259t v\u0259 t\u0259hsil sah\u0259l\u0259rind\u0259ki \u0259m\u0259kda\u015fl\u0131q \u0259laq\u0259l\u0259rinin daha da geni\u015fl\u0259ndirilm\u0259si m\u0259s\u0259l\u0259l\u0259rinin m\u00fczakir\u0259 edil\u0259c\u0259yi iclasda t\u0259r\u0259fl\u0259r s\u0259rb\u0259st ticar\u0259t, t\u0259hl\u00fck\u0259sizlik, terrorla m\u00fcbariz\u0259 il\u0259 ba\u011fl\u0131 imzalanacaq s\u0259n\u0259dl\u0259r \u0259traf\u0131nda m\u00fczakir\u0259l\u0259r aparacaqlar. Bununla yana\u015f\u0131, Kr\u0131m tatarlar\u0131n\u0131n haz\u0131rk\u0131 v\u0259ziyy\u0259tinin d\u0259 diqq\u0259t m\u0259rk\u0259zind\u0259 olaca\u011f\u0131 bildirilir.<\/p>\n","protected":false},"author":2,"featured_media":21777,"comment_status":"closed","ping_status":"closed","sticky":false,"template":"","format":"standard","meta":{"om_disable_all_campaigns":false,"_monsterinsights_skip_tracking":false,"_monsterinsights_sitenote_active":false,"_monsterinsights_sitenote_note":"","_monsterinsights_sitenote_category":0},"categories":[7],"tags":[],"aioseo_notices":[],"gutentor_comment":0,"rttpg_featured_image_url":{"full":["https:\/\/arantv.az\/wp-content\/uploads\/2018\/10\/698383.jpg",800,600,false],"landscape":["https:\/\/arantv.az\/wp-content\/uploads\/2018\/10\/698383.jpg",800,600,false],"portraits":["https:\/\/arantv.az\/wp-content\/uploads\/2018\/10\/698383.jpg",800,600,false],"thumbnail":["https:\/\/arantv.az\/wp-content\/uploads\/2018\/10\/698383-150x150.jpg",150,150,true],"medium":["https:\/\/arantv.az\/wp-content\/uploads\/2018\/10\/698383-300x225.jpg",300,225,true],"large":["https:\/\/arantv.az\/wp-content\/uploads\/2018\/10\/698383.jpg",640,480,false],"1536x1536":["https:\/\/arantv.az\/wp-content\/uploads\/2018\/10\/698383.jpg",800,600,false],"2048x2048":["https:\/\/arantv.az\/wp-content\/uploads\/2018\/10\/698383.jpg",800,600,false],"post-thumbnail":["https:\/\/arantv.az\/wp-content\/uploads\/2018\/10\/698383-240x172.jpg",240,172,true],"advps-thumb-one":["https:\/\/arantv.az\/wp-content\/uploads\/2018\/10\/698383.jpg",800,600,false]},"rttpg_author":{"display_name":"V\u00fcsal Rafiqo\u011flu","author_link":"https:\/\/arantv.az\/?author=2"},"rttpg_comment":0,"rttpg_category":"<a href=\"https:\/\/arantv.az\/?cat=7\" rel=\"category\">D\u00fcnya<\/a>","rttpg_excerpt":"Bu il noyabr\u0131n 3-d\u0259 Ukrayna Prezidenti Petro Poro\u015fenkonun T\u00fcrkiy\u0259y\u0259 r\u0259smi s\u0259f\u0259ri olacaq. ARANTV.AZ Report-a istinad\u0259n x\u0259b\u0259r verir ki, ali qonaq T\u00fcrkiy\u0259 &#8211; Ukrayna Y\u00fcks\u0259k S\u0259viyy\u0259li Strateji \u018fm\u0259kda\u015fl\u0131q \u015euras\u0131n\u0131n 7-ci iclas\u0131nda i\u015ftirak ed\u0259c\u0259k. T\u00fcrkiy\u0259nin diplomatik m\u0259nb\u0259l\u0259rin\u0259 g\u00f6r\u0259, siyas\u0259t, iqtisadiyyat, m\u00fcdafi\u0259, habel\u0259 m\u0259d\u0259niyy\u0259t v\u0259 t\u0259hsil sah\u0259l\u0259rind\u0259ki \u0259m\u0259kda\u015fl\u0131q \u0259laq\u0259l\u0259rinin daha da geni\u015fl\u0259ndirilm\u0259si m\u0259s\u0259l\u0259l\u0259rinin m\u00fczakir\u0259 edil\u0259c\u0259yi iclasda t\u0259r\u0259fl\u0259r s\u0259rb\u0259st&hellip;","_links":{"self":[{"href":"https:\/\/arantv.az\/index.php?rest_route=\/wp\/v2\/posts\/21776"}],"collection":[{"href":"https:\/\/arantv.az\/index.php?rest_route=\/wp\/v2\/posts"}],"about":[{"href":"https:\/\/arantv.az\/index.php?rest_route=\/wp\/v2\/types\/post"}],"author":[{"embeddable":true,"href":"https:\/\/arantv.az\/index.php?rest_route=\/wp\/v2\/users\/2"}],"replies":[{"embeddable":true,"href":"https:\/\/arantv.az\/index.php?rest_route=%2Fwp%2Fv2%2Fcomments&post=21776"}],"version-history":[{"count":0,"href":"https:\/\/arantv.az\/index.php?rest_route=\/wp\/v2\/posts\/21776\/revisions"}],"wp:featuredmedia":[{"embeddable":true,"href":"https:\/\/arantv.az\/index.php?rest_route=\/wp\/v2\/media\/21777"}],"wp:attachment":[{"href":"https:\/\/arantv.az\/index.php?rest_route=%2Fwp%2Fv2%2Fmedia&parent=21776"}],"wp:term":[{"taxonomy":"category","embeddable":true,"href":"https:\/\/arantv.az\/index.php?rest_route=%2Fwp%2Fv2%2Fcategories&post=21776"},{"taxonomy":"post_tag","embeddable":true,"href":"https:\/\/arantv.az\/index.php?rest_route=%2Fwp%2Fv2%2Ftags&post=21776"}],"curies":[{"name":"wp","href":"https:\/\/api.w.org\/{rel}","templated":true}]}}