{"id":21779,"date":"2018-10-27T16:09:43","date_gmt":"2018-10-27T13:09:43","guid":{"rendered":"http:\/\/arantv.az\/?p=21779"},"modified":"2018-10-27T16:09:43","modified_gmt":"2018-10-27T13:09:43","slug":"talassemiyasiz-h%c9%99yat-namin%c9%99-ming%c9%99cevird%c9%99-od%c9%99nissiz-muayin%c9%99l%c9%99r-t%c9%99skil-olundu-foto","status":"publish","type":"post","link":"https:\/\/arantv.az\/?p=21779","title":{"rendered":"\u201cTalassemiyas\u0131z h\u0259yat namin\u0259\u201d &#8211; Ming\u0259\u00e7evird\u0259 \u00f6d\u0259ni\u015fsiz m\u00fcayin\u0259l\u0259r t\u0259\u015fkil olundu &#8211; FOTO"},"content":{"rendered":"<p>Heyd\u0259r \u018fliyev Fondunun &#8220;Regional \u0130nki\u015faf&#8221; \u0130ctimai Birliyi v\u0259 Talassemiya M\u0259rk\u0259zinin birg\u0259 t\u0259\u015fkilat\u00e7\u0131l\u0131\u011f\u0131 il\u0259 regionlarda &#8220;Talassemiyas\u0131z h\u0259yat namin\u0259&#8221; \u015f\u00fcar\u0131 alt\u0131nda layih\u0259l\u0259r realla\u015fd\u0131r\u0131l\u0131r. Layih\u0259 \u00e7\u0259r\u00e7iv\u0259sind\u0259 \u0259halinin maarifl\u0259ndirilm\u0259si v\u0259 m\u00fcvafiq sah\u0259d\u0259 \u00e7al\u0131\u015fan tibb hey\u0259tinin bilik v\u0259 t\u0259cr\u00fcb\u0259l\u0259rinin art\u0131r\u0131lmas\u0131 m\u0259qs\u0259dil\u0259 h\u0259kiml\u0259rin, QHT n\u00fcmay\u0259nd\u0259l\u0259rinin, t\u0259hsil i\u015f\u00e7il\u0259rinin, talassemiyal\u0131 pasiyentl\u0259rin v\u0259 onlar\u0131n valideynl\u0259rinin i\u015ftirak\u0131 il\u0259 regional simpoziumlar ke\u00e7irilir, el\u0259c\u0259 d\u0259 talassemiya da\u015f\u0131y\u0131c\u0131l\u0131\u011f\u0131n\u0131 m\u00fc\u0259yy\u0259n etm\u0259k \u00fc\u00e7\u00fcn v\u0259t\u0259nda\u015flar\u0131n \u00f6d\u0259ni\u015fsiz tibbi m\u00fcayin\u0259l\u0259ri t\u0259\u015fkil olunur.<\/p>\n<p><strong>ARANTV.AZ<\/strong> trend-\u0259 istinad\u0259n bildirir ki,\u00a0bu m\u0259qs\u0259dl\u0259 oktyabr\u0131n 27-d\u0259 Ming\u0259\u00e7evir \u015f\u0259h\u0259r Heyd\u0259r \u018fliyev M\u0259rk\u0259zind\u0259 &#8220;Talassemiyas\u0131z h\u0259yat namin\u0259&#8221; 1-ci regional simpozium ke\u00e7irilib.<\/p>\n<p>Simpoziumda Talassemiya M\u0259rk\u0259zinin n\u00fcmay\u0259nd\u0259l\u0259ri m\u00fcxt\u0259lif m\u0259ruz\u0259 v\u0259 t\u0259qdimatlarla \u00e7\u0131x\u0131\u015f edibl\u0259r.<\/p>\n<p>Talassemiya M\u0259rk\u0259zinin direktoru Valeh H\u00fcseynov \u00e7\u0131x\u0131\u015f ed\u0259r\u0259k, \u00f6lk\u0259mizd\u0259 s\u0259hiyy\u0259 sah\u0259sind\u0259 \u0259ld\u0259 olunan nailiyy\u0259tl\u0259rd\u0259n dan\u0131\u015f\u0131b. Qeyd edib ki, Prezident \u0130lham \u018fliyevin diqq\u0259t v\u0259 qay\u011f\u0131s\u0131 n\u0259tic\u0259sind\u0259 s\u0259hiyy\u0259 sah\u0259sind\u0259 u\u011furla apar\u0131lan islahatlar, tibb m\u00fc\u0259ssis\u0259l\u0259rinin maddi-texniki bazas\u0131n\u0131n t\u0259kmill\u0259\u015fdirilm\u0259si, t\u0259chizat v\u0259 kadr haz\u0131rl\u0131\u011f\u0131 il\u0259 ba\u011fl\u0131 g\u00f6r\u00fcl\u0259n i\u015fl\u0259r yeni nailiyy\u0259tl\u0259r\u0259 yol a\u00e7\u0131b.<\/p>\n<p>Bildirilib ki, Az\u0259rbaycan Respublikas\u0131n\u0131n Birinci vitse-prezidenti, Heyd\u0259r \u018fliyev Fondunun prezidenti Mehriban \u018fliyevan\u0131n t\u0259\u015f\u0259bb\u00fcs\u00fc il\u0259 yarad\u0131lan v\u0259 2009-cu ild\u0259n istifad\u0259y\u0259 veril\u0259n Talassemiya M\u0259rk\u0259zind\u0259 g\u00f6r\u00fcl\u0259n i\u015fl\u0259r, talassemiyal\u0131 x\u0259st\u0259l\u0259r\u0259 g\u00f6st\u0259ril\u0259n tibbi xidm\u0259tin t\u0259kmill\u0259\u015fdirilm\u0259si istiqam\u0259tind\u0259 apar\u0131lan islahatlar, M\u0259rk\u0259zin maddi-texniki bazas\u0131n\u0131n g\u00fccl\u0259ndirilm\u0259si sah\u0259sind\u0259ki t\u0259dbirl\u0259r bu x\u0259st\u0259liy\u0259 d\u00fc\u00e7ar olanlar\u0131n m\u00fcalic\u0259sind\u0259 v\u0259 profilaktikas\u0131nda m\u00fch\u00fcm rol oynamaqda, x\u0259st\u0259l\u0259r\u0259 v\u0259 onlar\u0131n ail\u0259l\u0259rin\u0259 m\u0259n\u0259vi bax\u0131mdan b\u00f6y\u00fck d\u0259st\u0259k olmaqdad\u0131r.<\/p>\n<p>Talassemiya M\u0259rk\u0259zi v\u0259 Heyd\u0259r \u018fliyev Fondunun &#8220;Regional \u0130nki\u015faf&#8221; \u0130ctimai Birliyinin birg\u0259 layih\u0259l\u0259r h\u0259yata ke\u00e7irdiyini dey\u0259n Valeh H\u00fcseynov respublikan\u0131n m\u00fcxt\u0259lif regionlar\u0131nda simpoziumlar\u0131n, maarifl\u0259ndirici t\u0259dbirl\u0259rin, \u00f6d\u0259ni\u015fsiz tibbi m\u00fcayin\u0259l\u0259rin t\u0259\u015fkil edil\u0259c\u0259yini, m\u00fcayin\u0259l\u0259rin n\u0259tic\u0259l\u0259rind\u0259n as\u0131l\u0131 olaraq m\u00fcvafiq m\u00fcalic\u0259l\u0259rin t\u0259yin olunaca\u011f\u0131n\u0131 bildirib.<\/p>\n<p>REKLAM<\/p>\n<p>youtube.com<\/p>\n<div id=\"AdributorNativeVideo0\" class=\"AdributorNativeVideo\"><\/div>\n<p>Daha \u0259trafl\u0131<br \/>\nNative Video\u00a0by Adributor<\/p>\n<p>Ming\u0259\u00e7evir v\u0259 Yevlax \u015f\u0259h\u0259rl\u0259rind\u0259, A\u011fda\u015f, G\u00f6y\u00e7ay, Ucar, Z\u0259rdab v\u0259 A\u011fsu rayonlar\u0131nda f\u0259aliyy\u0259t g\u00f6st\u0259r\u0259n tibb m\u00fc\u0259ssis\u0259l\u0259rind\u0259 \u00e7al\u0131\u015fan 150-d\u0259n \u00e7ox s\u0259hiyy\u0259 i\u015f\u00e7isinin d\u0259 i\u015ftirak etdiyi simpozium daha sonra elmi sessiyalarda davam edib.<\/p>\n<p>&#8220;Talassemiya: m\u00fcasir yana\u015fma&#8221; m\u00f6vzusundak\u0131 sessiyada talassemiyan\u0131n m\u00fcalic\u0259 v\u0259 diaqnostikas\u0131, qar\u015f\u0131s\u0131n\u0131n al\u0131nmas\u0131 yollar\u0131, bu sah\u0259d\u0259 M\u0259rk\u0259zin t\u0259cr\u00fcb\u0259l\u0259ri bar\u0259d\u0259 m\u0259lumat verilib, m\u00fczakir\u0259l\u0259r apar\u0131l\u0131b.<\/p>\n<p>Talassemiya M\u0259rk\u0259zinin elmi i\u015fl\u0259r \u00fczr\u0259 direktor m\u00fcavini, dosent Ramin Bayraml\u0131n\u0131n s\u0259drliyi il\u0259 ke\u00e7\u0259n &#8220;Talassemiya: diaqnostika v\u0259 monitorinq&#8221; adl\u0131 sessiyada x\u0259st\u0259liyin laborator v\u0259 prenatal diaqnozu, infeksion v\u0259 kardiak a\u011f\u0131rla\u015fmalar, h\u0259m\u00e7inin psixososial probleml\u0259r\u0259 dair m\u0259ruz\u0259l\u0259r \u0259traf\u0131nda m\u00fczakir\u0259l\u0259r edilib.<\/p>\n<p>Simpoziumda Talassemiya M\u0259rk\u0259zinin apar\u0131c\u0131 hematoloqlar\u0131n\u0131n &#8220;Talassemiya v\u0259 irsi hemoqlobinopatiyalara dair statistik m\u0259lumatlar&#8221;, &#8220;Talassemiya da\u015f\u0131y\u0131c\u0131l\u0131\u011f\u0131: talassemiyas\u0131z h\u0259yat namin\u0259 n\u0259 etm\u0259liyik&#8221;, &#8220;Talassemiya M\u0259rk\u0259zind\u0259 s\u00fcm\u00fck iliyi transplantasiyas\u0131na dair t\u0259cr\u00fcb\u0259l\u0259r&#8221; v\u0259 dig\u0259r m\u00f6vzularda m\u0259ruz\u0259l\u0259ri dinl\u0259nilib, suallar cavabland\u0131r\u0131l\u0131b.<\/p>\n<p>Eyni zamanda, talassemiyal\u0131 x\u0259st\u0259l\u0259rin m\u00fcalic\u0259 ald\u0131\u011f\u0131 region x\u0259st\u0259xanalar\u0131na bax\u0131\u015f ke\u00e7irilib, yerli tibb i\u015f\u00e7il\u0259ri il\u0259 t\u0259cr\u00fcb\u0259 m\u00fcbadil\u0259si apar\u0131l\u0131b.<\/p>\n<p>Simpozium \u00e7\u0259r\u00e7iv\u0259sind\u0259, h\u0259m\u00e7inin Ming\u0259\u00e7evir \u015e\u0259h\u0259r M\u0259rk\u0259zi X\u0259st\u0259xanas\u0131nda talassemiya da\u015f\u0131y\u0131c\u0131l\u0131\u011f\u0131n\u0131 m\u00fc\u0259yy\u0259n etm\u0259k m\u0259qs\u0259dil\u0259 \u00f6d\u0259ni\u015fsiz tibbi m\u00fcayin\u0259l\u0259r d\u0259 t\u0259\u015fkil olunub. M\u00fcayin\u0259l\u0259r Ming\u0259\u00e7evir \u015f\u0259h\u0259ri v\u0259 \u0259traf rayonlardan olan 300-d\u0259n \u00e7ox sakini \u0259hat\u0259 edib.<\/p>\n<p><img loading=\"lazy\" class=\"alignnone size-full wp-image-21780\" src=\"https:\/\/arantv.az\/wp-content\/uploads\/2018\/10\/698443_14.jpg\" alt=\"\" width=\"250\" height=\"187\" \/><\/p>\n<p><img loading=\"lazy\" class=\"alignnone size-full wp-image-21781\" src=\"https:\/\/arantv.az\/wp-content\/uploads\/2018\/10\/698443_8.jpg\" alt=\"\" width=\"250\" height=\"200\" \/><\/p>\n<p><img loading=\"lazy\" class=\"alignnone size-medium wp-image-21782\" src=\"https:\/\/arantv.az\/wp-content\/uploads\/2018\/10\/698443_1-300x225.jpg\" alt=\"\" width=\"300\" height=\"225\" \/><\/p>\n","protected":false},"excerpt":{"rendered":"<p>Heyd\u0259r \u018fliyev Fondunun &#8220;Regional \u0130nki\u015faf&#8221; \u0130ctimai Birliyi v\u0259 Talassemiya M\u0259rk\u0259zinin birg\u0259 t\u0259\u015fkilat\u00e7\u0131l\u0131\u011f\u0131 il\u0259 regionlarda &#8220;Talassemiyas\u0131z h\u0259yat namin\u0259&#8221; \u015f\u00fcar\u0131 alt\u0131nda layih\u0259l\u0259r realla\u015fd\u0131r\u0131l\u0131r. Layih\u0259 \u00e7\u0259r\u00e7iv\u0259sind\u0259 \u0259halinin maarifl\u0259ndirilm\u0259si v\u0259 m\u00fcvafiq sah\u0259d\u0259 \u00e7al\u0131\u015fan tibb hey\u0259tinin bilik v\u0259 t\u0259cr\u00fcb\u0259l\u0259rinin art\u0131r\u0131lmas\u0131 m\u0259qs\u0259dil\u0259 h\u0259kiml\u0259rin, QHT n\u00fcmay\u0259nd\u0259l\u0259rinin, t\u0259hsil i\u015f\u00e7il\u0259rinin, talassemiyal\u0131 pasiyentl\u0259rin v\u0259 onlar\u0131n valideynl\u0259rinin i\u015ftirak\u0131 il\u0259 regional simpoziumlar ke\u00e7irilir, el\u0259c\u0259 d\u0259 talassemiya da\u015f\u0131y\u0131c\u0131l\u0131\u011f\u0131n\u0131 m\u00fc\u0259yy\u0259n etm\u0259k \u00fc\u00e7\u00fcn v\u0259t\u0259nda\u015flar\u0131n \u00f6d\u0259ni\u015fsiz tibbi m\u00fcayin\u0259l\u0259ri t\u0259\u015fkil olunur. ARANTV.AZ trend-\u0259 istinad\u0259n bildirir ki,\u00a0bu m\u0259qs\u0259dl\u0259 oktyabr\u0131n 27-d\u0259 Ming\u0259\u00e7evir \u015f\u0259h\u0259r Heyd\u0259r \u018fliyev M\u0259rk\u0259zind\u0259 &#8220;Talassemiyas\u0131z h\u0259yat namin\u0259&#8221; 1-ci regional simpozium ke\u00e7irilib. Simpoziumda Talassemiya M\u0259rk\u0259zinin n\u00fcmay\u0259nd\u0259l\u0259ri m\u00fcxt\u0259lif m\u0259ruz\u0259&hellip;<\/p>\n","protected":false},"author":2,"featured_media":21782,"comment_status":"closed","ping_status":"closed","sticky":false,"template":"","format":"standard","meta":{"om_disable_all_campaigns":false,"_monsterinsights_skip_tracking":false,"_monsterinsights_sitenote_active":false,"_monsterinsights_sitenote_note":"","_monsterinsights_sitenote_category":0},"categories":[2],"tags":[],"aioseo_notices":[],"gutentor_comment":0,"rttpg_featured_image_url":{"full":["https:\/\/arantv.az\/wp-content\/uploads\/2018\/10\/698443_1.jpg",892,669,false],"landscape":["https:\/\/arantv.az\/wp-content\/uploads\/2018\/10\/698443_1.jpg",892,669,false],"portraits":["https:\/\/arantv.az\/wp-content\/uploads\/2018\/10\/698443_1.jpg",892,669,false],"thumbnail":["https:\/\/arantv.az\/wp-content\/uploads\/2018\/10\/698443_1-150x150.jpg",150,150,true],"medium":["https:\/\/arantv.az\/wp-content\/uploads\/2018\/10\/698443_1-300x225.jpg",300,225,true],"large":["https:\/\/arantv.az\/wp-content\/uploads\/2018\/10\/698443_1.jpg",640,480,false],"1536x1536":["https:\/\/arantv.az\/wp-content\/uploads\/2018\/10\/698443_1.jpg",892,669,false],"2048x2048":["https:\/\/arantv.az\/wp-content\/uploads\/2018\/10\/698443_1.jpg",892,669,false],"post-thumbnail":["https:\/\/arantv.az\/wp-content\/uploads\/2018\/10\/698443_1-240x172.jpg",240,172,true],"advps-thumb-one":["https:\/\/arantv.az\/wp-content\/uploads\/2018\/10\/698443_1-892x620.jpg",892,620,true]},"rttpg_author":{"display_name":"V\u00fcsal Rafiqo\u011flu","author_link":"https:\/\/arantv.az\/?author=2"},"rttpg_comment":0,"rttpg_category":"<a href=\"https:\/\/arantv.az\/?cat=2\" rel=\"category\">Region X\u0259b\u0259rl\u0259ri<\/a>","rttpg_excerpt":"Heyd\u0259r \u018fliyev Fondunun &#8220;Regional \u0130nki\u015faf&#8221; \u0130ctimai Birliyi v\u0259 Talassemiya M\u0259rk\u0259zinin birg\u0259 t\u0259\u015fkilat\u00e7\u0131l\u0131\u011f\u0131 il\u0259 regionlarda &#8220;Talassemiyas\u0131z h\u0259yat namin\u0259&#8221; \u015f\u00fcar\u0131 alt\u0131nda layih\u0259l\u0259r realla\u015fd\u0131r\u0131l\u0131r. Layih\u0259 \u00e7\u0259r\u00e7iv\u0259sind\u0259 \u0259halinin maarifl\u0259ndirilm\u0259si v\u0259 m\u00fcvafiq sah\u0259d\u0259 \u00e7al\u0131\u015fan tibb hey\u0259tinin bilik v\u0259 t\u0259cr\u00fcb\u0259l\u0259rinin art\u0131r\u0131lmas\u0131 m\u0259qs\u0259dil\u0259 h\u0259kiml\u0259rin, QHT n\u00fcmay\u0259nd\u0259l\u0259rinin, t\u0259hsil i\u015f\u00e7il\u0259rinin, talassemiyal\u0131 pasiyentl\u0259rin v\u0259 onlar\u0131n valideynl\u0259rinin i\u015ftirak\u0131 il\u0259 regional simpoziumlar ke\u00e7irilir, el\u0259c\u0259 d\u0259 talassemiya da\u015f\u0131y\u0131c\u0131l\u0131\u011f\u0131n\u0131&hellip;","_links":{"self":[{"href":"https:\/\/arantv.az\/index.php?rest_route=\/wp\/v2\/posts\/21779"}],"collection":[{"href":"https:\/\/arantv.az\/index.php?rest_route=\/wp\/v2\/posts"}],"about":[{"href":"https:\/\/arantv.az\/index.php?rest_route=\/wp\/v2\/types\/post"}],"author":[{"embeddable":true,"href":"https:\/\/arantv.az\/index.php?rest_route=\/wp\/v2\/users\/2"}],"replies":[{"embeddable":true,"href":"https:\/\/arantv.az\/index.php?rest_route=%2Fwp%2Fv2%2Fcomments&post=21779"}],"version-history":[{"count":0,"href":"https:\/\/arantv.az\/index.php?rest_route=\/wp\/v2\/posts\/21779\/revisions"}],"wp:featuredmedia":[{"embeddable":true,"href":"https:\/\/arantv.az\/index.php?rest_route=\/wp\/v2\/media\/21782"}],"wp:attachment":[{"href":"https:\/\/arantv.az\/index.php?rest_route=%2Fwp%2Fv2%2Fmedia&parent=21779"}],"wp:term":[{"taxonomy":"category","embeddable":true,"href":"https:\/\/arantv.az\/index.php?rest_route=%2Fwp%2Fv2%2Fcategories&post=21779"},{"taxonomy":"post_tag","embeddable":true,"href":"https:\/\/arantv.az\/index.php?rest_route=%2Fwp%2Fv2%2Ftags&post=21779"}],"curies":[{"name":"wp","href":"https:\/\/api.w.org\/{rel}","templated":true}]}}