{"id":21784,"date":"2018-10-27T16:12:47","date_gmt":"2018-10-27T13:12:47","guid":{"rendered":"http:\/\/arantv.az\/?p=21784"},"modified":"2018-10-27T16:12:47","modified_gmt":"2018-10-27T13:12:47","slug":"istanbulda-zirv%c9%99-%c9%99rdogan-putin-v%c9%99-merkell%c9%99-gorusdu","status":"publish","type":"post","link":"https:\/\/arantv.az\/?p=21784","title":{"rendered":"\u0130stanbulda zirv\u0259: \u018frdo\u011fan Putin v\u0259 Merkell\u0259 g\u00f6r\u00fc\u015fd\u00fc"},"content":{"rendered":"<p><strong>Suriya il\u0259 ba\u011fl\u0131 zirv\u0259 g\u00f6r\u00fc\u015f\u00fcnd\u0259 i\u015ftirak \u00fc\u00e7\u00fcn Rusiya, Almaniya v\u0259 Fransa liderl\u0259ri art\u0131q \u0130stanbuldad\u0131r.<\/strong><\/p>\n<p><strong>ARANTV.AZ<\/strong> x\u0259b\u0259r verir ki, Sultan Vahid\u0259ddin saray\u0131nda ba\u015f tutacaq g\u00f6r\u00fc\u015f\u0259 Fransa lideri Makron, Almaniya kansleri Merkel, Rusiya Prezidenti Putin v\u0259 T\u00fcrkiy\u0259 lideri R\u0259c\u0259b Tayyib \u018frdo\u011fan qat\u0131lacaq.<\/p>\n<p>\u018frdo\u011fan zirv\u0259 \u00f6nc\u0259si Vahid\u0259ddin saray\u0131nda \u0259vv\u0259lc\u0259 Merkel, daha sonra is\u0259 Putinl\u0259 t\u0259kb\u0259t\u0259k g\u00f6r\u00fc\u015f ke\u00e7irib. Haz\u0131rda is\u0259 Makronla g\u00f6r\u00fc\u015f davam edir.<\/p>\n<p>H\u0259m\u00e7inin \u00c7avu\u015fo\u011flu v\u0259 Hulusi Akar rusiyal\u0131 h\u0259mkarlar\u0131 Lavrov v\u0259 \u015eoyqu il\u0259 g\u00f6r\u00fc\u015f\u00fcbl\u0259r.<\/p>\n<p>Liderl\u0259r \u0130dlibd\u0259 at\u0259\u015fk\u0259sin saxlanmas\u0131 v\u0259 Suriya krizisinin siyasi \u00e7\u00f6z\u00fcm\u00fcn\u00fc m\u00fczakir\u0259 ed\u0259c\u0259kl\u0259r.axar.az<\/p>\n","protected":false},"excerpt":{"rendered":"<p>Suriya il\u0259 ba\u011fl\u0131 zirv\u0259 g\u00f6r\u00fc\u015f\u00fcnd\u0259 i\u015ftirak \u00fc\u00e7\u00fcn Rusiya, Almaniya v\u0259 Fransa liderl\u0259ri art\u0131q \u0130stanbuldad\u0131r. ARANTV.AZ x\u0259b\u0259r verir ki, Sultan Vahid\u0259ddin saray\u0131nda ba\u015f tutacaq g\u00f6r\u00fc\u015f\u0259 Fransa lideri Makron, Almaniya kansleri Merkel, Rusiya Prezidenti Putin v\u0259 T\u00fcrkiy\u0259 lideri R\u0259c\u0259b Tayyib \u018frdo\u011fan qat\u0131lacaq. \u018frdo\u011fan zirv\u0259 \u00f6nc\u0259si Vahid\u0259ddin saray\u0131nda \u0259vv\u0259lc\u0259 Merkel, daha sonra is\u0259 Putinl\u0259 t\u0259kb\u0259t\u0259k g\u00f6r\u00fc\u015f ke\u00e7irib. Haz\u0131rda is\u0259 Makronla g\u00f6r\u00fc\u015f davam edir. H\u0259m\u00e7inin \u00c7avu\u015fo\u011flu v\u0259 Hulusi Akar rusiyal\u0131 h\u0259mkarlar\u0131 Lavrov v\u0259 \u015eoyqu il\u0259 g\u00f6r\u00fc\u015f\u00fcbl\u0259r. Liderl\u0259r \u0130dlibd\u0259 at\u0259\u015fk\u0259sin saxlanmas\u0131 v\u0259 Suriya krizisinin siyasi \u00e7\u00f6z\u00fcm\u00fcn\u00fc m\u00fczakir\u0259 ed\u0259c\u0259kl\u0259r.axar.az<\/p>\n","protected":false},"author":2,"featured_media":21785,"comment_status":"closed","ping_status":"closed","sticky":false,"template":"","format":"standard","meta":{"om_disable_all_campaigns":false,"_monsterinsights_skip_tracking":false,"_monsterinsights_sitenote_active":false,"_monsterinsights_sitenote_note":"","_monsterinsights_sitenote_category":0},"categories":[7],"tags":[],"aioseo_notices":[],"gutentor_comment":0,"rttpg_featured_image_url":{"full":["https:\/\/arantv.az\/wp-content\/uploads\/2018\/10\/erdogan-putinyeni.jpg",250,154,false],"landscape":["https:\/\/arantv.az\/wp-content\/uploads\/2018\/10\/erdogan-putinyeni.jpg",250,154,false],"portraits":["https:\/\/arantv.az\/wp-content\/uploads\/2018\/10\/erdogan-putinyeni.jpg",250,154,false],"thumbnail":["https:\/\/arantv.az\/wp-content\/uploads\/2018\/10\/erdogan-putinyeni-150x150.jpg",150,150,true],"medium":["https:\/\/arantv.az\/wp-content\/uploads\/2018\/10\/erdogan-putinyeni.jpg",250,154,false],"large":["https:\/\/arantv.az\/wp-content\/uploads\/2018\/10\/erdogan-putinyeni.jpg",250,154,false],"1536x1536":["https:\/\/arantv.az\/wp-content\/uploads\/2018\/10\/erdogan-putinyeni.jpg",250,154,false],"2048x2048":["https:\/\/arantv.az\/wp-content\/uploads\/2018\/10\/erdogan-putinyeni.jpg",250,154,false],"post-thumbnail":["https:\/\/arantv.az\/wp-content\/uploads\/2018\/10\/erdogan-putinyeni-240x154.jpg",240,154,true],"advps-thumb-one":["https:\/\/arantv.az\/wp-content\/uploads\/2018\/10\/erdogan-putinyeni.jpg",250,154,false]},"rttpg_author":{"display_name":"V\u00fcsal Rafiqo\u011flu","author_link":"https:\/\/arantv.az\/?author=2"},"rttpg_comment":0,"rttpg_category":"<a href=\"https:\/\/arantv.az\/?cat=7\" rel=\"category\">D\u00fcnya<\/a>","rttpg_excerpt":"Suriya il\u0259 ba\u011fl\u0131 zirv\u0259 g\u00f6r\u00fc\u015f\u00fcnd\u0259 i\u015ftirak \u00fc\u00e7\u00fcn Rusiya, Almaniya v\u0259 Fransa liderl\u0259ri art\u0131q \u0130stanbuldad\u0131r. ARANTV.AZ x\u0259b\u0259r verir ki, Sultan Vahid\u0259ddin saray\u0131nda ba\u015f tutacaq g\u00f6r\u00fc\u015f\u0259 Fransa lideri Makron, Almaniya kansleri Merkel, Rusiya Prezidenti Putin v\u0259 T\u00fcrkiy\u0259 lideri R\u0259c\u0259b Tayyib \u018frdo\u011fan qat\u0131lacaq. \u018frdo\u011fan zirv\u0259 \u00f6nc\u0259si Vahid\u0259ddin saray\u0131nda \u0259vv\u0259lc\u0259 Merkel, daha sonra is\u0259 Putinl\u0259 t\u0259kb\u0259t\u0259k g\u00f6r\u00fc\u015f ke\u00e7irib. Haz\u0131rda&hellip;","_links":{"self":[{"href":"https:\/\/arantv.az\/index.php?rest_route=\/wp\/v2\/posts\/21784"}],"collection":[{"href":"https:\/\/arantv.az\/index.php?rest_route=\/wp\/v2\/posts"}],"about":[{"href":"https:\/\/arantv.az\/index.php?rest_route=\/wp\/v2\/types\/post"}],"author":[{"embeddable":true,"href":"https:\/\/arantv.az\/index.php?rest_route=\/wp\/v2\/users\/2"}],"replies":[{"embeddable":true,"href":"https:\/\/arantv.az\/index.php?rest_route=%2Fwp%2Fv2%2Fcomments&post=21784"}],"version-history":[{"count":0,"href":"https:\/\/arantv.az\/index.php?rest_route=\/wp\/v2\/posts\/21784\/revisions"}],"wp:featuredmedia":[{"embeddable":true,"href":"https:\/\/arantv.az\/index.php?rest_route=\/wp\/v2\/media\/21785"}],"wp:attachment":[{"href":"https:\/\/arantv.az\/index.php?rest_route=%2Fwp%2Fv2%2Fmedia&parent=21784"}],"wp:term":[{"taxonomy":"category","embeddable":true,"href":"https:\/\/arantv.az\/index.php?rest_route=%2Fwp%2Fv2%2Fcategories&post=21784"},{"taxonomy":"post_tag","embeddable":true,"href":"https:\/\/arantv.az\/index.php?rest_route=%2Fwp%2Fv2%2Ftags&post=21784"}],"curies":[{"name":"wp","href":"https:\/\/api.w.org\/{rel}","templated":true}]}}