{"id":21796,"date":"2018-10-27T16:20:57","date_gmt":"2018-10-27T13:20:57","guid":{"rendered":"http:\/\/arantv.az\/?p=21796"},"modified":"2018-10-27T16:20:57","modified_gmt":"2018-10-27T13:20:57","slug":"az%c9%99rtac-%c9%99r%c9%99b-mediasi-il%c9%99-%c9%99m%c9%99kdasligi-genisl%c9%99ndirm%c9%99k-ist%c9%99yir","status":"publish","type":"post","link":"https:\/\/arantv.az\/?p=21796","title":{"rendered":"AZ\u018fRTAC \u0259r\u0259b medias\u0131 il\u0259 \u0259m\u0259kda\u015fl\u0131\u011f\u0131 geni\u015fl\u0259ndirm\u0259k ist\u0259yir"},"content":{"rendered":"<p>Az\u0259rbaycan il\u0259 \u0259r\u0259b d\u00f6vl\u0259tl\u0259ri aras\u0131nda \u00e7ox yax\u015f\u0131, \u0259n\u0259n\u0259vi dostluq \u0259laq\u0259l\u0259ri var.<\/p>\n<p><strong>ARANTV.AZ<\/strong> x\u0259b\u0259r verir ki, \u0130slam \u00d6lk\u0259l\u0259ri \u0130nformasiya Agentlikl\u0259ri \u0130ttifaq\u0131n\u0131n b\u00fcro \u00fczv\u00fc olan az\u0259rtac\u00a0\u00f6lk\u0259l\u0259rimiz v\u0259 xalqlar\u0131m\u0131z\u0131n bu s\u0259mimi m\u00fcnasib\u0259tl\u0259ri fonunda \u0259r\u0259b medias\u0131 il\u0259 \u0259m\u0259kda\u015fl\u0131\u011f\u0131 daha da geni\u015fl\u0259ndirm\u0259k ist\u0259yir.<\/p>\n<p>Bu fikir \u00f6lk\u0259mizd\u0259 s\u0259f\u0259rd\u0259 olan \u0130slam \u00d6lk\u0259l\u0259ri \u0130nformasiya Agentlikl\u0259ri \u0130ttifaq\u0131n\u0131n n\u00fcmay\u0259nd\u0259 hey\u0259ti il\u0259 oktyabr\u0131n 27-d\u0259 AZ\u018fRTAC-da ke\u00e7iril\u0259n g\u00f6r\u00fc\u015fd\u0259 s\u0259sl\u0259nib.<\/p>\n<p>AZ\u018fRTAC-\u0131n \u0130dar\u0259 Hey\u0259tinin s\u0259dri\u00a0<strong>Aslan Aslanov<\/strong>\u00a0qonaqlara agentliyin tarixi, strukturu, f\u0259aliyy\u0259ti, beyn\u0259lxalq \u0259laq\u0259l\u0259ri bar\u0259d\u0259 \u0259trafl\u0131 m\u0259lumat verib. Qeyd edib ki, haz\u0131rda D\u00fcnya X\u0259b\u0259r Agentlikl\u0259ri Konqresin\u0259, Asiya v\u0259 Sakit Okean \u00d6lk\u0259l\u0259ri X\u0259b\u0259r Agentlikl\u0259ri T\u0259\u015fkilat\u0131na (OANA) s\u0259drlik ed\u0259n AZ\u018fRTAC-\u0131n 21 xarici \u00f6lk\u0259d\u0259, o c\u00fcml\u0259d\u0259n \u0259r\u0259b \u00f6lk\u0259l\u0259rind\u0259 x\u00fcsusi m\u00fcxbir m\u0259nt\u0259q\u0259si f\u0259aliyy\u0259t g\u00f6st\u0259rir.<\/p>\n<p>\u0130dar\u0259 Hey\u0259tinin s\u0259dri bu g\u00fcnl\u0259rd\u0259 Bak\u0131da b\u00f6y\u00fck u\u011furla ke\u00e7iril\u0259n VI Beyn\u0259lxalq Humanitar Forumdan, burada m\u00fczakir\u0259 olunan m\u0259s\u0259l\u0259l\u0259rd\u0259n dan\u0131\u015faraq bildirib ki, bu Forum d\u00fcnyan\u0131n g\u00f6rk\u0259mli aliml\u0259rinin, tan\u0131nm\u0131\u015f siyas\u0259t\u00e7il\u0259rin, ictimai xadiml\u0259rin, ekspertl\u0259rin, iqtisad\u00e7\u0131lar\u0131n, jurnalistl\u0259rin bir araya g\u0259lib d\u00fcnyan\u0131 narahat ed\u0259n m\u00fcxt\u0259lif m\u00f6vzular\u0131 geni\u015f m\u00fczakir\u0259 etm\u0259si ideyas\u0131ndan qaynaqlan\u0131b v\u0259 \u00f6t\u0259n m\u00fcdd\u0259td\u0259 \u00f6z\u00fcn\u00fc tam do\u011fruldub. T\u0259qdir\u0259layiqdir ki, Bak\u0131 forumlar\u0131nda \u0259r\u0259b \u00f6lk\u0259l\u0259ri, x\u00fcsus\u0259n \u0259r\u0259b medias\u0131 bir qayda olaraq geni\u015f n\u00fcmay\u0259nd\u0259 hey\u0259ti il\u0259 t\u0259msil olunur.<\/p>\n<p>VI Bak\u0131 Beyn\u0259lxalq Humanitar Forumunun &#8220;Yanl\u0131\u015f m\u0259lumatland\u0131rma siyas\u0259ti &#8211; m\u00fcasir d\u00fcnyada sabitliy\u0259 t\u0259hdid&#8221; m\u00f6vzusunda ke\u00e7iril\u0259n i\u015f\u00e7i sessiyas\u0131na toxunan Aslan Aslanov feyk x\u0259b\u0259rl\u0259rin yeni \u00e7a\u011f\u0131r\u0131\u015flar, probleml\u0259r v\u0259 t\u0259hdidl\u0259r do\u011furdu\u011funu vur\u011fulay\u0131b. Bildirib ki, bu, m\u00fcasir media, d\u00fcnya \u00fc\u00e7\u00fcn \u00e7ox b\u00f6y\u00fck b\u0259laya \u00e7evrilib. Bir s\u0131ra \u00f6lk\u0259l\u0259r v\u0259 xalqlar, o c\u00fcml\u0259d\u0259n Az\u0259rbaycan yalan x\u0259b\u0259rl\u0259rd\u0259n \u0259ziyy\u0259t \u00e7\u0259kir. M\u00fc\u0259yy\u0259n q\u00fcvv\u0259l\u0259r t\u0259r\u0259find\u0259n q\u0131z\u0131\u015fd\u0131r\u0131lan informasiya m\u00fcharib\u0259sinin m\u00fcasir d\u00f6vr\u00fcm\u00fczd\u0259 qlobal xarakter almas\u0131 narahatl\u0131q do\u011furmaya bilm\u0259z. Odur ki, d\u00fcnya jurnalistl\u0259ri, x\u00fcsus\u0259n \u0259n\u0259n\u0259vi media yalan x\u0259b\u0259rl\u0259rin qar\u015f\u0131s\u0131n\u0131n al\u0131nmas\u0131nda f\u0259al i\u015ftirak etm\u0259li, yanl\u0131\u015f m\u0259lumatland\u0131rma siyas\u0259tin\u0259 qar\u015f\u0131 etiraz s\u0259sl\u0259rini daha q\u0259tiyy\u0259tl\u0259 ucaltmal\u0131d\u0131r.<\/p>\n<p>Sonra \u0130dar\u0259 Hey\u0259tinin s\u0259dri n\u00fcmay\u0259nd\u0259 hey\u0259ti \u00fczvl\u0259rinin suallar\u0131n\u0131 cavabland\u0131r\u0131b.<\/p>\n<p>\u018fr\u0259b \u00f6lk\u0259l\u0259rinin media t\u0259msil\u00e7il\u0259ri g\u00f6r\u00fc\u015fd\u0259 \u0130slam \u00d6lk\u0259l\u0259ri \u0130nformasiya Agentlikl\u0259ri \u0130ttifaq\u0131 v\u0259 onun f\u0259aliyy\u0259ti bar\u0259d\u0259 fikirl\u0259rini b\u00f6l\u00fc\u015f\u00fcb, AZ\u018fRTAC-\u0131n bu t\u0259\u015fkilat\u0131n i\u015find\u0259 f\u0259al i\u015ftirak\u0131ndan m\u0259mnunluqlar\u0131n\u0131 bildiribl\u0259r. Qeyd edibl\u0259r ki, Az\u0259rbaycanda g\u00f6rd\u00fckl\u0259ri, x\u00fcsus\u0259n buradak\u0131 tolerant m\u00fchit, Bak\u0131n\u0131n g\u00f6z\u0259lliyi, h\u0259r add\u0131mda m\u00fc\u015fahid\u0259 olunan inki\u015faf onlarda z\u0259ngin t\u0259\u0259ss\u00fcrat yarad\u0131b.<\/p>\n<p>S\u00f6hb\u0259t \u0259snas\u0131nda bildirilib ki, Az\u0259rbaycan \u0130slam h\u0259mr\u0259yliyinin g\u00fccl\u0259ndirilm\u0259sin\u0259 d\u0259y\u0259rli t\u00f6hf\u0259l\u0259r verir, islamofobiya hallar\u0131na qar\u015f\u0131 k\u0259skin m\u00f6vqe tutur. \u018fr\u0259b \u00f6lk\u0259l\u0259rinin media t\u0259msil\u00e7il\u0259ri bu sah\u0259d\u0259 AZ\u018fRTAC-\u0131n da x\u00fcsusi rolunu qeyd ed\u0259r\u0259k \u0130slam \u00d6lk\u0259l\u0259ri \u0130nformasiya Agentlikl\u0259ri \u0130ttifaq\u0131n\u0131n onunla s\u0131x \u0259m\u0259kda\u015fl\u0131qda maraql\u0131 oldu\u011funu vur\u011fulay\u0131blar.<\/p>\n","protected":false},"excerpt":{"rendered":"<p>Az\u0259rbaycan il\u0259 \u0259r\u0259b d\u00f6vl\u0259tl\u0259ri aras\u0131nda \u00e7ox yax\u015f\u0131, \u0259n\u0259n\u0259vi dostluq \u0259laq\u0259l\u0259ri var. ARANTV.AZ x\u0259b\u0259r verir ki, \u0130slam \u00d6lk\u0259l\u0259ri \u0130nformasiya Agentlikl\u0259ri \u0130ttifaq\u0131n\u0131n b\u00fcro \u00fczv\u00fc olan az\u0259rtac\u00a0\u00f6lk\u0259l\u0259rimiz v\u0259 xalqlar\u0131m\u0131z\u0131n bu s\u0259mimi m\u00fcnasib\u0259tl\u0259ri fonunda \u0259r\u0259b medias\u0131 il\u0259 \u0259m\u0259kda\u015fl\u0131\u011f\u0131 daha da geni\u015fl\u0259ndirm\u0259k ist\u0259yir. Bu fikir \u00f6lk\u0259mizd\u0259 s\u0259f\u0259rd\u0259 olan \u0130slam \u00d6lk\u0259l\u0259ri \u0130nformasiya Agentlikl\u0259ri \u0130ttifaq\u0131n\u0131n n\u00fcmay\u0259nd\u0259 hey\u0259ti il\u0259 oktyabr\u0131n 27-d\u0259 AZ\u018fRTAC-da ke\u00e7iril\u0259n g\u00f6r\u00fc\u015fd\u0259 s\u0259sl\u0259nib. AZ\u018fRTAC-\u0131n \u0130dar\u0259 Hey\u0259tinin s\u0259dri\u00a0Aslan Aslanov\u00a0qonaqlara agentliyin tarixi, strukturu, f\u0259aliyy\u0259ti, beyn\u0259lxalq \u0259laq\u0259l\u0259ri bar\u0259d\u0259 \u0259trafl\u0131 m\u0259lumat verib. Qeyd edib ki, haz\u0131rda D\u00fcnya X\u0259b\u0259r Agentlikl\u0259ri Konqresin\u0259, Asiya v\u0259 Sakit Okean \u00d6lk\u0259l\u0259ri X\u0259b\u0259r Agentlikl\u0259ri T\u0259\u015fkilat\u0131na (OANA) s\u0259drlik&hellip;<\/p>\n","protected":false},"author":2,"featured_media":21797,"comment_status":"closed","ping_status":"closed","sticky":false,"template":"","format":"standard","meta":{"om_disable_all_campaigns":false,"_monsterinsights_skip_tracking":false,"_monsterinsights_sitenote_active":false,"_monsterinsights_sitenote_note":"","_monsterinsights_sitenote_category":0},"categories":[4],"tags":[],"aioseo_notices":[],"gutentor_comment":0,"rttpg_featured_image_url":{"full":["https:\/\/arantv.az\/wp-content\/uploads\/2018\/10\/698444.jpg",800,600,false],"landscape":["https:\/\/arantv.az\/wp-content\/uploads\/2018\/10\/698444.jpg",800,600,false],"portraits":["https:\/\/arantv.az\/wp-content\/uploads\/2018\/10\/698444.jpg",800,600,false],"thumbnail":["https:\/\/arantv.az\/wp-content\/uploads\/2018\/10\/698444-150x150.jpg",150,150,true],"medium":["https:\/\/arantv.az\/wp-content\/uploads\/2018\/10\/698444-300x225.jpg",300,225,true],"large":["https:\/\/arantv.az\/wp-content\/uploads\/2018\/10\/698444.jpg",640,480,false],"1536x1536":["https:\/\/arantv.az\/wp-content\/uploads\/2018\/10\/698444.jpg",800,600,false],"2048x2048":["https:\/\/arantv.az\/wp-content\/uploads\/2018\/10\/698444.jpg",800,600,false],"post-thumbnail":["https:\/\/arantv.az\/wp-content\/uploads\/2018\/10\/698444-240x172.jpg",240,172,true],"advps-thumb-one":["https:\/\/arantv.az\/wp-content\/uploads\/2018\/10\/698444.jpg",800,600,false]},"rttpg_author":{"display_name":"V\u00fcsal Rafiqo\u011flu","author_link":"https:\/\/arantv.az\/?author=2"},"rttpg_comment":0,"rttpg_category":"<a href=\"https:\/\/arantv.az\/?cat=4\" rel=\"category\">Siyas\u0259t<\/a>","rttpg_excerpt":"Az\u0259rbaycan il\u0259 \u0259r\u0259b d\u00f6vl\u0259tl\u0259ri aras\u0131nda \u00e7ox yax\u015f\u0131, \u0259n\u0259n\u0259vi dostluq \u0259laq\u0259l\u0259ri var. ARANTV.AZ x\u0259b\u0259r verir ki, \u0130slam \u00d6lk\u0259l\u0259ri \u0130nformasiya Agentlikl\u0259ri \u0130ttifaq\u0131n\u0131n b\u00fcro \u00fczv\u00fc olan az\u0259rtac\u00a0\u00f6lk\u0259l\u0259rimiz v\u0259 xalqlar\u0131m\u0131z\u0131n bu s\u0259mimi m\u00fcnasib\u0259tl\u0259ri fonunda \u0259r\u0259b medias\u0131 il\u0259 \u0259m\u0259kda\u015fl\u0131\u011f\u0131 daha da geni\u015fl\u0259ndirm\u0259k ist\u0259yir. Bu fikir \u00f6lk\u0259mizd\u0259 s\u0259f\u0259rd\u0259 olan \u0130slam \u00d6lk\u0259l\u0259ri \u0130nformasiya Agentlikl\u0259ri \u0130ttifaq\u0131n\u0131n n\u00fcmay\u0259nd\u0259 hey\u0259ti il\u0259 oktyabr\u0131n 27-d\u0259 AZ\u018fRTAC-da ke\u00e7iril\u0259n&hellip;","_links":{"self":[{"href":"https:\/\/arantv.az\/index.php?rest_route=\/wp\/v2\/posts\/21796"}],"collection":[{"href":"https:\/\/arantv.az\/index.php?rest_route=\/wp\/v2\/posts"}],"about":[{"href":"https:\/\/arantv.az\/index.php?rest_route=\/wp\/v2\/types\/post"}],"author":[{"embeddable":true,"href":"https:\/\/arantv.az\/index.php?rest_route=\/wp\/v2\/users\/2"}],"replies":[{"embeddable":true,"href":"https:\/\/arantv.az\/index.php?rest_route=%2Fwp%2Fv2%2Fcomments&post=21796"}],"version-history":[{"count":0,"href":"https:\/\/arantv.az\/index.php?rest_route=\/wp\/v2\/posts\/21796\/revisions"}],"wp:featuredmedia":[{"embeddable":true,"href":"https:\/\/arantv.az\/index.php?rest_route=\/wp\/v2\/media\/21797"}],"wp:attachment":[{"href":"https:\/\/arantv.az\/index.php?rest_route=%2Fwp%2Fv2%2Fmedia&parent=21796"}],"wp:term":[{"taxonomy":"category","embeddable":true,"href":"https:\/\/arantv.az\/index.php?rest_route=%2Fwp%2Fv2%2Fcategories&post=21796"},{"taxonomy":"post_tag","embeddable":true,"href":"https:\/\/arantv.az\/index.php?rest_route=%2Fwp%2Fv2%2Ftags&post=21796"}],"curies":[{"name":"wp","href":"https:\/\/api.w.org\/{rel}","templated":true}]}}