{"id":21806,"date":"2018-10-27T16:34:51","date_gmt":"2018-10-27T13:34:51","guid":{"rendered":"http:\/\/arantv.az\/?p=21806"},"modified":"2018-10-27T16:34:51","modified_gmt":"2018-10-27T13:34:51","slug":"prezident-administrasiyasinda-karguzarliq-ucun-elektron-s%c9%99n%c9%99d-dovriyy%c9%99si-sistemi-yaradilib","status":"publish","type":"post","link":"https:\/\/arantv.az\/?p=21806","title":{"rendered":"Prezident Administrasiyas\u0131nda karg\u00fczarl\u0131q \u00fc\u00e7\u00fcn \u201cElektron s\u0259n\u0259d d\u00f6vriyy\u0259si sistemi\u201d yarad\u0131l\u0131b"},"content":{"rendered":"<p>Prezident \u0130lham \u018fliyev D\u00f6vl\u0259t orqanlar\u0131nda (qurumlar\u0131nda) daxili idar\u0259etm\u0259 prosesl\u0259rinin elektronla\u015fd\u0131r\u0131lmas\u0131 t\u0259dbirl\u0259ri haqq\u0131nda f\u0259rman imzalay\u0131b.<\/p>\n<p>D\u00f6vl\u0259t orqanlar\u0131nda (qurumlar\u0131nda) qabaqc\u0131l informasiya v\u0259 kommunikasiya texnologiyalar\u0131ndan istifad\u0259 olunmas\u0131 v\u0259 r\u0259q\u0259msal idar\u0259\u00e7iliyin t\u0259tbiq edilm\u0259si d\u00f6vl\u0259t siyas\u0259tinin prioritetl\u0259rind\u0259n biridir v\u0259 bu sah\u0259d\u0259 m\u00fch\u00fcm nailiyy\u0259tl\u0259r \u0259ld\u0259 edilmi\u015fdir. Bununla bel\u0259, h\u0259yata ke\u00e7iril\u0259n t\u0259dbirl\u0259rin daha y\u00fcks\u0259k s\u0259viyy\u0259d\u0259 davam etdirilm\u0259si v\u0259 r\u0259q\u0259msal h\u00f6kum\u0259t\u0259 ke\u00e7id prosesinin s\u00fcr\u0259tl\u0259ndirilm\u0259si z\u0259ruridir.<\/p>\n<p><strong>ARANTV.AZ<\/strong> az\u0259rtac-a istinad\u0259n bildirir ki, f\u0259rmanda qeyd edildiyin\u0259 g\u00f6r\u0259, Az\u0259rbaycan Respublikas\u0131 Prezidentinin Administrasiyas\u0131nda karg\u00fczarl\u0131\u011f\u0131n apar\u0131lmas\u0131 i\u015finin s\u0259m\u0259r\u0259li t\u0259\u015fkili \u00fc\u00e7\u00fcn &#8220;Elektron s\u0259n\u0259d d\u00f6vriyy\u0259si sistemi&#8221; yarad\u0131ls\u0131n.<\/p>\n<p>M\u00fc\u0259yy\u0259n edilir ki, bu F\u0259rman \u0259sas\u0131nda yarad\u0131lan &#8220;Elektron s\u0259n\u0259d d\u00f6vriyy\u0259si sistemi&#8221;nin sahibi funksiyas\u0131n\u0131 Az\u0259rbaycan Respublikas\u0131 Prezidentinin Administrasiyas\u0131, maddi-texniki t\u0259minat\u0131n\u0131, i\u015fl\u0259k v\u0259ziyy\u0259td\u0259 olmas\u0131n\u0131 (operator funksiyas\u0131n\u0131) v\u0259 t\u0259hl\u00fck\u0259sizliyinin t\u0259min edilm\u0259sini Az\u0259rbaycan Respublikas\u0131n\u0131n X\u00fcsusi D\u00f6vl\u0259t M\u00fchafiz\u0259 Xidm\u0259ti h\u0259yata ke\u00e7irir.<\/p>\n<p>Az\u0259rbaycan Respublikas\u0131 Prezidentinin Administrasiyas\u0131na tap\u015f\u0131r\u0131l\u0131r ki, Az\u0259rbaycan Respublikas\u0131 Prezidentinin Administrasiyas\u0131nda 2019-cu il aprelin 1-d\u0259k &#8220;Elektron s\u0259n\u0259d d\u00f6vriyy\u0259si sistemi&#8221;nin proqram t\u0259minat\u0131n\u0131n haz\u0131rlanmas\u0131n\u0131 v\u0259 t\u0259tbiqini t\u0259min etsin; idar\u0259l\u0259raras\u0131 elektron s\u0259n\u0259d d\u00f6vriyy\u0259si sisteminin s\u0259m\u0259r\u0259li f\u0259aliyy\u0259ti \u00fc\u00e7\u00fcn z\u0259ruri t\u0259dbirl\u0259r g\u00f6r\u00fclm\u0259sini t\u0259min etsin; Az\u0259rbaycan Respublikas\u0131n\u0131n X\u00fcsusi D\u00f6vl\u0259t M\u00fchafiz\u0259 Xidm\u0259ti il\u0259 birlikd\u0259 Az\u0259rbaycan Respublikas\u0131 Prezidentinin 2012-ci il 4 sentyabr tarixli 692 n\u00f6mr\u0259li F\u0259rman\u0131 il\u0259 t\u0259sdiq edilmi\u015f &#8220;\u0130dar\u0259l\u0259raras\u0131 elektron s\u0259n\u0259d d\u00f6vriyy\u0259si sistemi haqq\u0131nda \u018fsasnam\u0259&#8221;d\u0259 d\u0259yi\u015fiklikl\u0259r edilm\u0259sin\u0259 dair t\u0259klifl\u0259rini \u00fc\u00e7 ay m\u00fcdd\u0259tind\u0259 Az\u0259rbaycan Respublikas\u0131n\u0131n Prezidentin\u0259 t\u0259qdim etsin; Az\u0259rbaycan Respublikas\u0131 Prezidentinin 2003-c\u00fc il 27 sentyabr tarixli 935 n\u00f6mr\u0259li F\u0259rman\u0131 il\u0259 t\u0259sdiq edilmi\u015f &#8220;D\u00f6vl\u0259t orqanlar\u0131nda, d\u00f6vl\u0259t m\u00fclkiyy\u0259tind\u0259 olan v\u0259 paylar\u0131n\u0131n (s\u0259hml\u0259rinin) n\u0259zar\u0259t z\u0259rfi d\u00f6vl\u0259t\u0259 m\u0259xsus olan h\u00fcquqi \u015f\u0259xsl\u0259rd\u0259 v\u0259 b\u00fcdc\u0259 t\u0259\u015fkilatlar\u0131nda karg\u00fczarl\u0131\u011f\u0131n apar\u0131lmas\u0131na dair T\u0259limat&#8221;da d\u0259yi\u015fiklikl\u0259r edilm\u0259sin\u0259 dair t\u0259klifl\u0259rini \u00fc\u00e7 ay m\u00fcdd\u0259tind\u0259 Az\u0259rbaycan Respublikas\u0131n\u0131n Prezidentin\u0259 t\u0259qdim etsin; d\u00f6vl\u0259t orqanlar\u0131nda (qurumlar\u0131nda) daxili idar\u0259etm\u0259 prosesl\u0259rinin elektronla\u015fd\u0131r\u0131lmas\u0131 sah\u0259sind\u0259 qabaqc\u0131l beyn\u0259lxalq t\u0259cr\u00fcb\u0259nin Az\u0259rbaycanda t\u0259tbiqinin t\u0259min edilm\u0259si v\u0259 m\u00fcvafiq normativ h\u00fcquqi aktlar\u0131n t\u0259kmill\u0259\u015fdirilm\u0259si m\u0259qs\u0259dil\u0259 m\u00fct\u0259madi olaraq t\u0259klifl\u0259r haz\u0131rlay\u0131b Az\u0259rbaycan Respublikas\u0131n\u0131n Prezidentin\u0259 t\u0259qdim etsin; bu F\u0259rmandan ir\u0259li g\u0259l\u0259n dig\u0259r m\u0259s\u0259l\u0259l\u0259ri h\u0259ll etsin.<\/p>\n<p>Az\u0259rbaycan Respublikas\u0131 Prezidentinin \u0130\u015fl\u0259r \u0130dar\u0259sin\u0259 tap\u015f\u0131r\u0131l\u0131r ki, bu F\u0259rmandan ir\u0259li g\u0259l\u0259n z\u0259ruri t\u0259dbirl\u0259rin g\u00f6r\u00fclm\u0259sini t\u0259min etsin; &#8220;Elektron s\u0259n\u0259d d\u00f6vriyy\u0259si sistemi&#8221;nin proqram t\u0259minat\u0131na texniki d\u0259st\u0259yi v\u0259 onun m\u00fct\u0259madi t\u0259kmill\u0259\u015fdirilm\u0259sinin h\u0259yata ke\u00e7irilm\u0259sini t\u0259min etsin.<\/p>\n<p>Az\u0259rbaycan Respublikas\u0131n\u0131n Prezidenti yan\u0131nda V\u0259t\u0259nda\u015flara Xidm\u0259t v\u0259 Sosial \u0130nnovasiyalar \u00fczr\u0259 D\u00f6vl\u0259t Agentliyi 2020-ci il dekabr\u0131n 31-d\u0259k:<\/p>\n<p>-Elektron H\u00f6kum\u0259t \u0130nformasiya Sistemi infrastrukturunda m\u0259rk\u0259zl\u0259\u015fdirilmi\u015f elektron s\u0259n\u0259d d\u00f6vriyy\u0259si altsisteminin yarad\u0131lmas\u0131n\u0131 v\u0259 t\u0259hl\u00fck\u0259sizlik t\u0259l\u0259bl\u0259rin\u0259 (Az\u0259rbaycan Respublikas\u0131n\u0131n X\u00fcsusi D\u00f6vl\u0259t M\u00fchafiz\u0259 Xidm\u0259ti il\u0259 raz\u0131la\u015fd\u0131rmaqla) cavab verm\u0259kl\u0259, h\u0259min altsistemin idar\u0259l\u0259raras\u0131 elektron s\u0259n\u0259d d\u00f6vriyy\u0259si sistemin\u0259 inteqrasiyas\u0131n\u0131 t\u0259min etsin;<\/p>\n<p>-Az\u0259rbaycan Respublikas\u0131 Prezidentinin Administrasiyas\u0131 il\u0259 raz\u0131la\u015fd\u0131rmaqla d\u00f6vl\u0259t orqanlar\u0131nda (qurumlar\u0131nda) daxili idar\u0259etm\u0259 prosesl\u0259rinin Elektron H\u00f6kum\u0259t \u0130nformasiya Sistemi \u00fcz\u0259rind\u0259n m\u0259rk\u0259zl\u0259\u015fdirilmi\u015f qaydada elektronla\u015fd\u0131r\u0131lmas\u0131n\u0131 v\u0259 t\u0259tbiqini t\u0259min etsin.<\/p>\n<p>M\u0259rk\u0259zi v\u0259 yerli icra hakimiyy\u0259ti orqanlar\u0131, d\u00f6vl\u0259t m\u00fclkiyy\u0259tind\u0259 olan v\u0259 paylar\u0131n\u0131n (s\u0259hml\u0259rinin) n\u0259zar\u0259t z\u0259rfi d\u00f6vl\u0259t\u0259 m\u0259xsus olan h\u00fcquqi \u015f\u0259xsl\u0259r v\u0259 d\u00f6vl\u0259t ad\u0131ndan yarad\u0131lan publik h\u00fcquqi \u015f\u0259xsl\u0259r 2020-ci il dekabr\u0131n 31-d\u0259k Az\u0259rbaycan Respublikas\u0131n\u0131n Prezidenti yan\u0131nda V\u0259t\u0259nda\u015flara Xidm\u0259t v\u0259 Sosial \u0130nnovasiyalar \u00fczr\u0259 D\u00f6vl\u0259t Agentliyinin t\u0259klifl\u0259ri \u0259sas\u0131nda elektron s\u0259n\u0259d d\u00f6vriyy\u0259si altsistemin\u0259 qo\u015fulman\u0131, elektron s\u0259n\u0259d d\u00f6vriyy\u0259si sistemi m\u00f6vcud oldu\u011fu t\u0259qdird\u0259 is\u0259 inteqrasiyan\u0131 t\u0259min ed\u0259c\u0259kl\u0259r.<\/p>\n<p>F\u0259rmanda n\u0259z\u0259rd\u0259 tutulan orqanlardan (qurumlardan) ba\u015fqa, idar\u0259l\u0259raras\u0131 elektron s\u0259n\u0259d d\u00f6vriyy\u0259si sisteminin dig\u0259r i\u015ftirak\u00e7\u0131lar\u0131na t\u00f6vsiy\u0259 edilir ki, daxili idar\u0259etm\u0259 sisteml\u0259rinin elektronla\u015fd\u0131r\u0131lmas\u0131n\u0131, bu sisteml\u0259rin Az\u0259rbaycan Respublikas\u0131n\u0131n N\u0259qliyyat, Rabit\u0259 v\u0259 Y\u00fcks\u0259k Texnologiyalar Nazirliyinin Data M\u0259rk\u0259zind\u0259 saxlan\u0131lmas\u0131n\u0131 v\u0259 daxili s\u0259n\u0259d d\u00f6vriyy\u0259si sisteml\u0259rinin idar\u0259l\u0259raras\u0131 elektron s\u0259n\u0259d d\u00f6vriyy\u0259si sistemin\u0259 inteqrasiyas\u0131n\u0131 t\u0259min etsinl\u0259r.<\/p>\n<p>N\u0259qliyyat, Rabit\u0259 v\u0259 Y\u00fcks\u0259k Texnologiyalar Nazirliyin\u0259 tap\u015f\u0131r\u0131l\u0131r ki, bu F\u0259rman\u0131n 5-ci v\u0259 6-c\u0131 hiss\u0259l\u0259rin\u0259 \u0259sas\u0259n yarad\u0131lan daxili idar\u0259etm\u0259 prosesl\u0259rinin elektron sisteml\u0259rinin istifad\u0259\u00e7il\u0259ri \u00fc\u00e7\u00fcn elektron imza v\u0259 Data M\u0259rk\u0259zind\u0259n istifad\u0259 il\u0259 ba\u011fl\u0131 tarifl\u0259rin, Az\u0259rbaycan Respublikas\u0131 Prezidentinin Administrasiyas\u0131 il\u0259 raz\u0131la\u015fd\u0131rmaqla t\u0259sdiq olunmas\u0131n\u0131 t\u0259min etsin; bu F\u0259rman\u0131n 5-ci v\u0259 6-c\u0131 hiss\u0259l\u0259rind\u0259 g\u00f6st\u0259ril\u0259n daxili idar\u0259etm\u0259 prosesl\u0259rinin elektron sisteml\u0259rinin Data M\u0259rk\u0259zind\u0259 saxlan\u0131lmas\u0131n\u0131n t\u0259\u015fkili \u00fc\u00e7\u00fcn t\u0259dbirl\u0259r g\u00f6rs\u00fcn.<\/p>\n<p>X\u00fcsusi D\u00f6vl\u0259t M\u00fchafiz\u0259 Xidm\u0259ti bu F\u0259rmanda g\u00f6st\u0259ril\u0259n elektron sisteml\u0259rin m\u00fchafiz\u0259 olunan rabit\u0259 kanallar\u0131na \u00e7\u0131x\u0131\u015f\u0131n\u0131 t\u0259min ed\u0259c\u0259k.<\/p>\n<p>Nazirl\u0259r Kabinetin\u0259 tap\u015f\u0131r\u0131l\u0131r ki, Az\u0259rbaycan Respublikas\u0131 Prezidentinin aktlar\u0131n\u0131n bu F\u0259rmana uy\u011funla\u015fd\u0131r\u0131lmas\u0131 il\u0259 ba\u011fl\u0131 t\u0259klifl\u0259rini \u00fc\u00e7 ay m\u00fcdd\u0259tind\u0259 haz\u0131rlay\u0131b Az\u0259rbaycan Respublikas\u0131n\u0131n Prezidentin\u0259 t\u0259qdim etsin; Az\u0259rbaycan Respublikas\u0131 Nazirl\u0259r Kabinetinin normativ h\u00fcquqi aktlar\u0131n\u0131n bu F\u0259rmana uy\u011funla\u015fd\u0131r\u0131lmas\u0131n\u0131 \u00fc\u00e7 ay m\u00fcdd\u0259tind\u0259 t\u0259min edib Az\u0259rbaycan Respublikas\u0131n\u0131n Prezidentin\u0259 m\u0259lumat versin; m\u0259rk\u0259zi icra hakimiyy\u0259ti orqanlar\u0131n\u0131n normativ h\u00fcquqi aktlar\u0131n\u0131n bu F\u0259rmana uy\u011funla\u015fd\u0131r\u0131lmas\u0131n\u0131 n\u0259zar\u0259td\u0259 saxlas\u0131n v\u0259 bunun icras\u0131 bar\u0259d\u0259 be\u015f ay m\u00fcdd\u0259tind\u0259 Az\u0259rbaycan Respublikas\u0131n\u0131n Prezidentin\u0259 m\u0259lumat versin; bu F\u0259rmanda n\u0259z\u0259rd\u0259 tutulmu\u015f t\u0259dbirl\u0259rin maliyy\u0259l\u0259\u015fdirilm\u0259sini Az\u0259rbaycan Respublikas\u0131n\u0131n Prezidenti il\u0259 raz\u0131la\u015fd\u0131rmaqla t\u0259min etsin; bu F\u0259rmandan ir\u0259li g\u0259l\u0259n dig\u0259r m\u0259s\u0259l\u0259l\u0259ri h\u0259ll etsin.<\/p>\n<p>\u018fdliyy\u0259 Nazirliyi m\u0259rk\u0259zi icra hakimiyy\u0259ti orqanlar\u0131n\u0131n normativ h\u00fcquqi aktlar\u0131n\u0131n v\u0259 normativ xarakterli aktlar\u0131n bu F\u0259rmana uy\u011funla\u015fd\u0131r\u0131lmas\u0131n\u0131 t\u0259min edib Az\u0259rbaycan Respublikas\u0131n\u0131n Nazirl\u0259r Kabinetin\u0259 m\u0259lumat ver\u0259c\u0259k.<\/p>\n<p>F\u0259rman d\u00f6vl\u0259t sirri t\u0259\u015fkil ed\u0259n m\u0259lumatlar\u0131n d\u00f6vriyy\u0259sin\u0259 \u015famil olunmur.<\/p>\n","protected":false},"excerpt":{"rendered":"<p>Prezident \u0130lham \u018fliyev D\u00f6vl\u0259t orqanlar\u0131nda (qurumlar\u0131nda) daxili idar\u0259etm\u0259 prosesl\u0259rinin elektronla\u015fd\u0131r\u0131lmas\u0131 t\u0259dbirl\u0259ri haqq\u0131nda f\u0259rman imzalay\u0131b. D\u00f6vl\u0259t orqanlar\u0131nda (qurumlar\u0131nda) qabaqc\u0131l informasiya v\u0259 kommunikasiya texnologiyalar\u0131ndan istifad\u0259 olunmas\u0131 v\u0259 r\u0259q\u0259msal idar\u0259\u00e7iliyin t\u0259tbiq edilm\u0259si d\u00f6vl\u0259t siyas\u0259tinin prioritetl\u0259rind\u0259n biridir v\u0259 bu sah\u0259d\u0259 m\u00fch\u00fcm nailiyy\u0259tl\u0259r \u0259ld\u0259 edilmi\u015fdir. Bununla bel\u0259, h\u0259yata ke\u00e7iril\u0259n t\u0259dbirl\u0259rin daha y\u00fcks\u0259k s\u0259viyy\u0259d\u0259 davam etdirilm\u0259si v\u0259 r\u0259q\u0259msal h\u00f6kum\u0259t\u0259 ke\u00e7id prosesinin s\u00fcr\u0259tl\u0259ndirilm\u0259si z\u0259ruridir. ARANTV.AZ az\u0259rtac-a istinad\u0259n bildirir ki, f\u0259rmanda qeyd edildiyin\u0259 g\u00f6r\u0259, Az\u0259rbaycan Respublikas\u0131 Prezidentinin Administrasiyas\u0131nda karg\u00fczarl\u0131\u011f\u0131n apar\u0131lmas\u0131 i\u015finin s\u0259m\u0259r\u0259li t\u0259\u015fkili \u00fc\u00e7\u00fcn &#8220;Elektron s\u0259n\u0259d d\u00f6vriyy\u0259si sistemi&#8221; yarad\u0131ls\u0131n. M\u00fc\u0259yy\u0259n edilir ki, bu F\u0259rman \u0259sas\u0131nda yarad\u0131lan &#8220;Elektron s\u0259n\u0259d&hellip;<\/p>\n","protected":false},"author":2,"featured_media":21807,"comment_status":"closed","ping_status":"closed","sticky":false,"template":"","format":"standard","meta":{"om_disable_all_campaigns":false,"_monsterinsights_skip_tracking":false,"_monsterinsights_sitenote_active":false,"_monsterinsights_sitenote_note":"","_monsterinsights_sitenote_category":0},"categories":[8],"tags":[],"aioseo_notices":[],"gutentor_comment":0,"rttpg_featured_image_url":{"full":["https:\/\/arantv.az\/wp-content\/uploads\/2018\/10\/2018_ilham_aliyev_01-2.jpg",1200,900,false],"landscape":["https:\/\/arantv.az\/wp-content\/uploads\/2018\/10\/2018_ilham_aliyev_01-2.jpg",1200,900,false],"portraits":["https:\/\/arantv.az\/wp-content\/uploads\/2018\/10\/2018_ilham_aliyev_01-2.jpg",1200,900,false],"thumbnail":["https:\/\/arantv.az\/wp-content\/uploads\/2018\/10\/2018_ilham_aliyev_01-2-150x150.jpg",150,150,true],"medium":["https:\/\/arantv.az\/wp-content\/uploads\/2018\/10\/2018_ilham_aliyev_01-2-300x225.jpg",300,225,true],"large":["https:\/\/arantv.az\/wp-content\/uploads\/2018\/10\/2018_ilham_aliyev_01-2-1024x768.jpg",640,480,true],"1536x1536":["https:\/\/arantv.az\/wp-content\/uploads\/2018\/10\/2018_ilham_aliyev_01-2.jpg",1200,900,false],"2048x2048":["https:\/\/arantv.az\/wp-content\/uploads\/2018\/10\/2018_ilham_aliyev_01-2.jpg",1200,900,false],"post-thumbnail":["https:\/\/arantv.az\/wp-content\/uploads\/2018\/10\/2018_ilham_aliyev_01-2-240x172.jpg",240,172,true],"advps-thumb-one":["https:\/\/arantv.az\/wp-content\/uploads\/2018\/10\/2018_ilham_aliyev_01-2-1200x620.jpg",1200,620,true]},"rttpg_author":{"display_name":"V\u00fcsal Rafiqo\u011flu","author_link":"https:\/\/arantv.az\/?author=2"},"rttpg_comment":0,"rttpg_category":"<a href=\"https:\/\/arantv.az\/?cat=8\" rel=\"category\">\u018fsas s\u0259hif\u0259<\/a>","rttpg_excerpt":"Prezident \u0130lham \u018fliyev D\u00f6vl\u0259t orqanlar\u0131nda (qurumlar\u0131nda) daxili idar\u0259etm\u0259 prosesl\u0259rinin elektronla\u015fd\u0131r\u0131lmas\u0131 t\u0259dbirl\u0259ri haqq\u0131nda f\u0259rman imzalay\u0131b. D\u00f6vl\u0259t orqanlar\u0131nda (qurumlar\u0131nda) qabaqc\u0131l informasiya v\u0259 kommunikasiya texnologiyalar\u0131ndan istifad\u0259 olunmas\u0131 v\u0259 r\u0259q\u0259msal idar\u0259\u00e7iliyin t\u0259tbiq edilm\u0259si d\u00f6vl\u0259t siyas\u0259tinin prioritetl\u0259rind\u0259n biridir v\u0259 bu sah\u0259d\u0259 m\u00fch\u00fcm nailiyy\u0259tl\u0259r \u0259ld\u0259 edilmi\u015fdir. Bununla bel\u0259, h\u0259yata ke\u00e7iril\u0259n t\u0259dbirl\u0259rin daha y\u00fcks\u0259k s\u0259viyy\u0259d\u0259 davam etdirilm\u0259si v\u0259 r\u0259q\u0259msal h\u00f6kum\u0259t\u0259 ke\u00e7id prosesinin&hellip;","_links":{"self":[{"href":"https:\/\/arantv.az\/index.php?rest_route=\/wp\/v2\/posts\/21806"}],"collection":[{"href":"https:\/\/arantv.az\/index.php?rest_route=\/wp\/v2\/posts"}],"about":[{"href":"https:\/\/arantv.az\/index.php?rest_route=\/wp\/v2\/types\/post"}],"author":[{"embeddable":true,"href":"https:\/\/arantv.az\/index.php?rest_route=\/wp\/v2\/users\/2"}],"replies":[{"embeddable":true,"href":"https:\/\/arantv.az\/index.php?rest_route=%2Fwp%2Fv2%2Fcomments&post=21806"}],"version-history":[{"count":0,"href":"https:\/\/arantv.az\/index.php?rest_route=\/wp\/v2\/posts\/21806\/revisions"}],"wp:featuredmedia":[{"embeddable":true,"href":"https:\/\/arantv.az\/index.php?rest_route=\/wp\/v2\/media\/21807"}],"wp:attachment":[{"href":"https:\/\/arantv.az\/index.php?rest_route=%2Fwp%2Fv2%2Fmedia&parent=21806"}],"wp:term":[{"taxonomy":"category","embeddable":true,"href":"https:\/\/arantv.az\/index.php?rest_route=%2Fwp%2Fv2%2Fcategories&post=21806"},{"taxonomy":"post_tag","embeddable":true,"href":"https:\/\/arantv.az\/index.php?rest_route=%2Fwp%2Fv2%2Ftags&post=21806"}],"curies":[{"name":"wp","href":"https:\/\/api.w.org\/{rel}","templated":true}]}}